{"id":102452,"date":"2023-12-26T12:00:36","date_gmt":"2023-12-26T17:00:36","guid":{"rendered":"https:\/\/futbolhoy.co\/?p=102452"},"modified":"2023-12-27T09:50:27","modified_gmt":"2023-12-27T14:50:27","slug":"linda-caicedo-en-el-top-5-de-jugadoras-2023-por-la-iffhs","status":"publish","type":"post","link":"https:\/\/futbolhoy.co\/index.php\/2023\/12\/26\/linda-caicedo-en-el-top-5-de-jugadoras-2023-por-la-iffhs\/","title":{"rendered":"Linda Caicedo en el Top 5 de jugadoras 2023 por la IFFHS"},"content":{"rendered":"<p style=\"text-align: justify;\"><span style=\"font-family: helvetica, arial, sans-serif;\"><b>La colombiana Linda Caicedo (18)<\/b>\u00a0aparece entre las cinco mejores futbolistas del mundo en 2023, seg\u00fan el escalaf\u00f3n establecido por la\u00a0<b>Federaci\u00f3n de Historia y Estad\u00edstica del F\u00fatbol (IFFHS).<\/b><\/span><\/p>\n<p style=\"text-align: justify;\"><span style=\"font-family: helvetica, arial, sans-serif;\">Linda, delantera del\u00a0<b>Real Madrid y la Selecci\u00f3n Colombia,<\/b>\u00a0aparece en la quinta casilla con 35 puntos, en un listado que lidera\u00a0<b>la espa\u00f1ola Aitana Bonmat\u00ed (25),<\/b>\u00a0campeona del mundo con\u00a0<b>\u2018La Roja\u2019<\/b>\u00a0e integrante de la plantilla del\u00a0<b>Barcelona.<\/b><\/span><\/p>\n<p style=\"text-align: justify;\"><span style=\"font-family: helvetica, arial, sans-serif;\">La atacante nacional disput\u00f3 36 partidos esta temporada en todas las competiciones de club y selecciones, marcando 6 goles.<\/span><\/p>\n<p style=\"text-align: justify;\"><span style=\"font-family: helvetica, arial, sans-serif;\">En el ranking de la IFFHS adem\u00e1s aparecen las tambi\u00e9n ib\u00e9ricas\u00a0<b>Salma Paralluelo (20),<\/b>\u00a0en el segundo lugar con 64 puntos y\u00a0<b>Jennifer Hermoso (33)<\/b>\u00a0en el cuarto con 45 unidades.<\/span><\/p>\n<p style=\"text-align: justify;\"><span style=\"font-family: helvetica, arial, sans-serif;\">La australiana\u00a0<b>Samantha Kerr (30), del Chelsea,<\/b>\u00a0es cuarta con 59 puntos.<\/span><\/p>\n<table style=\"border-collapse: collapse; width: 100%; height: 130px;\">\n<tbody>\n<tr style=\"height: 26px;\">\n<td style=\"width: 20%; height: 26px;\"><span style=\"font-family: helvetica, arial, sans-serif;\"><strong>Puesto<\/strong><\/span><\/td>\n<td style=\"width: 20%; height: 26px;\"><span style=\"font-family: helvetica, arial, sans-serif;\"><strong>Nombre<\/strong><\/span><\/td>\n<td style=\"width: 20%; height: 26px;\"><span style=\"font-family: helvetica, arial, sans-serif;\"><strong>Pa\u00eds\u00a0<\/strong><\/span><\/td>\n<td style=\"width: 20%; height: 26px;\"><span style=\"font-family: helvetica, arial, sans-serif;\"><strong>Club<\/strong><\/span><\/td>\n<td style=\"width: 20%; height: 26px;\"><span style=\"font-family: helvetica, arial, sans-serif;\"><strong>Puntos<\/strong><\/span><\/td>\n<\/tr>\n<tr style=\"height: 26px;\">\n<td style=\"width: 20%; height: 26px;\"><span style=\"font-family: helvetica, arial, sans-serif;\">1<\/span><\/td>\n<td style=\"width: 20%; height: 26px;\"><span style=\"font-family: helvetica, arial, sans-serif;\">Aitana Bonmat\u00ed<\/span><\/td>\n<td style=\"width: 20%; height: 26px;\"><span style=\"font-family: helvetica, arial, sans-serif;\">ESP<\/span><\/td>\n<td style=\"width: 20%; height: 26px;\"><span style=\"font-family: helvetica, arial, sans-serif;\">Barcelona\u00a0<\/span><\/td>\n<td style=\"width: 20%; height: 26px;\"><span style=\"font-family: helvetica, arial, sans-serif;\">202<\/span><\/td>\n<\/tr>\n<tr style=\"height: 26px;\">\n<td style=\"width: 20%; height: 26px;\"><span style=\"font-family: helvetica, arial, sans-serif;\">2<\/span><\/td>\n<td style=\"width: 20%; height: 26px;\"><span style=\"font-family: helvetica, arial, sans-serif;\">Salma Paralluelo<\/span><\/td>\n<td style=\"width: 20%; height: 26px;\"><span style=\"font-family: helvetica, arial, sans-serif;\">ESP<\/span><\/td>\n<td style=\"width: 20%; height: 26px;\"><span style=\"font-family: helvetica, arial, sans-serif;\">Barcelona\u00a0<\/span><\/td>\n<td style=\"width: 20%; height: 26px;\"><span style=\"font-family: helvetica, arial, sans-serif;\">64<\/span><\/td>\n<\/tr>\n<tr style=\"height: 26px;\">\n<td style=\"width: 20%; height: 26px;\"><span style=\"font-family: helvetica, arial, sans-serif;\">3<\/span><\/td>\n<td style=\"width: 20%; height: 26px;\"><span style=\"font-family: helvetica, arial, sans-serif;\">Samantha Kerr<\/span><\/td>\n<td style=\"width: 20%; height: 26px;\"><span style=\"font-family: helvetica, arial, sans-serif;\">AUS<\/span><\/td>\n<td style=\"width: 20%; height: 26px;\"><span style=\"font-family: helvetica, arial, sans-serif;\">Chelsea<\/span><\/td>\n<td style=\"width: 20%; height: 26px;\"><span style=\"font-family: helvetica, arial, sans-serif;\">59<\/span><\/td>\n<\/tr>\n<tr style=\"height: 26px;\">\n<td style=\"width: 20%; height: 26px;\"><span style=\"font-family: helvetica, arial, sans-serif;\">4<\/span><\/td>\n<td style=\"width: 20%; height: 26px;\"><span style=\"font-family: helvetica, arial, sans-serif;\">Jennifer Hermoso<\/span><\/td>\n<td style=\"width: 20%; height: 26px;\"><span style=\"font-family: helvetica, arial, sans-serif;\">ESP<\/span><\/td>\n<td style=\"width: 20%; height: 26px;\"><span style=\"font-family: helvetica, arial, sans-serif;\">Pachuca\u00a0<\/span><\/td>\n<td style=\"width: 20%; height: 26px;\"><span style=\"font-family: helvetica, arial, sans-serif;\">45<\/span><\/td>\n<\/tr>\n<tr>\n<td style=\"width: 20%;\"><span style=\"font-family: helvetica, arial, sans-serif;\">5<\/span><\/td>\n<td style=\"width: 20%;\"><span style=\"font-family: helvetica, arial, sans-serif;\">Linda Caicedo<\/span><\/td>\n<td style=\"width: 20%;\"><span style=\"font-family: helvetica, arial, sans-serif;\">COL<\/span><\/td>\n<td style=\"width: 20%;\"><span style=\"font-family: helvetica, arial, sans-serif;\">Real Madrid<\/span><\/td>\n<td style=\"width: 20%;\"><span style=\"font-family: helvetica, arial, sans-serif;\">35<\/span><\/td>\n<\/tr>\n<\/tbody>\n<\/table>\n","protected":false},"excerpt":{"rendered":"<p>La colombiana Linda Caicedo (18)\u00a0aparece entre las cinco mejores futbolistas del mundo en 2023, seg\u00fan el escalaf\u00f3n establecido por la\u00a0Federaci\u00f3n de Historia y Estad\u00edstica del F\u00fatbol (IFFHS). Linda, delantera del\u00a0Real Madrid y la Selecci\u00f3n Colombia,\u00a0aparece en la quinta casilla con 35 puntos, en un listado que lidera\u00a0la espa\u00f1ola Aitana Bonmat\u00ed (25),\u00a0campeona del mundo con\u00a0\u2018La Roja\u2019\u00a0e [&hellip;]<\/p>\n","protected":false},"author":5,"featured_media":102453,"comment_status":"open","ping_status":"closed","sticky":false,"template":"","format":"standard","meta":{"_acf_changed":false,"footnotes":""},"categories":[418],"tags":[],"class_list":{"0":"post-102452","1":"post","2":"type-post","3":"status-publish","4":"format-standard","5":"has-post-thumbnail","7":"category-colombia"},"acf":[],"_links":{"self":[{"href":"https:\/\/futbolhoy.co\/index.php\/wp-json\/wp\/v2\/posts\/102452","targetHints":{"allow":["GET"]}}],"collection":[{"href":"https:\/\/futbolhoy.co\/index.php\/wp-json\/wp\/v2\/posts"}],"about":[{"href":"https:\/\/futbolhoy.co\/index.php\/wp-json\/wp\/v2\/types\/post"}],"author":[{"embeddable":true,"href":"https:\/\/futbolhoy.co\/index.php\/wp-json\/wp\/v2\/users\/5"}],"replies":[{"embeddable":true,"href":"https:\/\/futbolhoy.co\/index.php\/wp-json\/wp\/v2\/comments?post=102452"}],"version-history":[{"count":1,"href":"https:\/\/futbolhoy.co\/index.php\/wp-json\/wp\/v2\/posts\/102452\/revisions"}],"predecessor-version":[{"id":102454,"href":"https:\/\/futbolhoy.co\/index.php\/wp-json\/wp\/v2\/posts\/102452\/revisions\/102454"}],"wp:featuredmedia":[{"embeddable":true,"href":"https:\/\/futbolhoy.co\/index.php\/wp-json\/wp\/v2\/media\/102453"}],"wp:attachment":[{"href":"https:\/\/futbolhoy.co\/index.php\/wp-json\/wp\/v2\/media?parent=102452"}],"wp:term":[{"taxonomy":"category","embeddable":true,"href":"https:\/\/futbolhoy.co\/index.php\/wp-json\/wp\/v2\/categories?post=102452"},{"taxonomy":"post_tag","embeddable":true,"href":"https:\/\/futbolhoy.co\/index.php\/wp-json\/wp\/v2\/tags?post=102452"}],"curies":[{"name":"wp","href":"https:\/\/api.w.org\/{rel}","templated":true}]}}