{"id":102479,"date":"2023-12-27T09:49:07","date_gmt":"2023-12-27T14:49:07","guid":{"rendered":"https:\/\/futbolhoy.co\/?p=102479"},"modified":"2023-12-28T06:46:16","modified_gmt":"2023-12-28T11:46:16","slug":"ederson-el-mejor-portero-del-mundo","status":"publish","type":"post","link":"https:\/\/futbolhoy.co\/index.php\/2023\/12\/27\/ederson-el-mejor-portero-del-mundo\/","title":{"rendered":"Ederson, el mejor portero del mundo"},"content":{"rendered":"<p style=\"text-align: justify;\"><span style=\"font-family: helvetica, arial, sans-serif;\"><b>El brasile\u00f1o Ederson, del Manchester City,<\/b>\u00a0lider\u00f3 la tabla de mejores porteros de 2023, seg\u00fan la\u00a0<b>Federaci\u00f3n de Historia y Estad\u00edstica del F\u00fatbol (IFFHS).<\/b><\/span><\/p>\n<p style=\"text-align: justify;\"><span style=\"font-family: helvetica, arial, sans-serif;\">Ederson (30) fue uno de los hombres destacados en el equipo de\u00a0<b>Pep Guardiola,<\/b>\u00a0que se qued\u00f3 con la\u00a0<b>Liga Premier, la Champions y el Mundial de Clubes.<\/b><\/span><\/p>\n<p style=\"text-align: justify;\"><span style=\"font-family: helvetica, arial, sans-serif;\">El argentino\u00a0<b>Emiliano \u2018Dibu\u2019 Mart\u00ednez, del Aston Villa<\/b>\u00a0apareci\u00f3 segundo y el belga\u00a0<b>Thibaut Courtois del Real Madrid.<\/b><\/span><\/p>\n<table style=\"border-collapse: collapse; width: 100%; height: 156px;\">\n<tbody>\n<tr style=\"height: 26px;\">\n<td style=\"width: 20%; height: 26px;\"><span style=\"font-family: helvetica, arial, sans-serif;\"><strong>Puesto<\/strong><\/span><\/td>\n<td style=\"width: 20%; height: 26px;\"><span style=\"font-family: helvetica, arial, sans-serif;\"><strong>Portero<\/strong><\/span><\/td>\n<td style=\"width: 20%; height: 26px;\"><span style=\"font-family: helvetica, arial, sans-serif;\"><strong>Pa\u00eds\u00a0<\/strong><\/span><\/td>\n<td style=\"width: 20%; height: 26px;\"><span style=\"font-family: helvetica, arial, sans-serif;\"><strong>Club<\/strong><\/span><\/td>\n<td style=\"width: 20%; height: 26px;\"><span style=\"font-family: helvetica, arial, sans-serif;\"><strong>Puntos<\/strong><\/span><\/td>\n<\/tr>\n<tr style=\"height: 26px;\">\n<td style=\"width: 20%; height: 26px; text-align: left;\"><span style=\"font-family: helvetica, arial, sans-serif;\">1<\/span><\/td>\n<td style=\"width: 20%; height: 26px;\"><span style=\"font-family: helvetica, arial, sans-serif;\">Ederson<\/span><\/td>\n<td style=\"width: 20%; height: 26px;\"><span style=\"font-family: helvetica, arial, sans-serif;\">BRA<\/span><\/td>\n<td style=\"width: 20%; height: 26px;\"><span style=\"font-family: helvetica, arial, sans-serif;\">Man City<\/span><\/td>\n<td style=\"width: 20%; height: 26px;\"><span style=\"font-family: helvetica, arial, sans-serif;\">145<\/span><\/td>\n<\/tr>\n<tr style=\"height: 26px;\">\n<td style=\"width: 20%; height: 26px;\"><span style=\"font-family: helvetica, arial, sans-serif;\">2<\/span><\/td>\n<td style=\"width: 20%; height: 26px;\"><span style=\"font-family: helvetica, arial, sans-serif;\">Emiliano Mart\u00ednez\u00a0<\/span><\/td>\n<td style=\"width: 20%; height: 26px;\"><span style=\"font-family: helvetica, arial, sans-serif;\">ARG<\/span><\/td>\n<td style=\"width: 20%; height: 26px;\"><span style=\"font-family: helvetica, arial, sans-serif;\">Aston Villa\u00a0<\/span><\/td>\n<td style=\"width: 20%; height: 26px;\"><span style=\"font-family: helvetica, arial, sans-serif;\">76<\/span><\/td>\n<\/tr>\n<tr style=\"height: 26px;\">\n<td style=\"width: 20%; height: 26px;\"><span style=\"font-family: helvetica, arial, sans-serif;\">3<\/span><\/td>\n<td style=\"width: 20%; height: 26px;\"><span style=\"font-family: helvetica, arial, sans-serif;\">Thibaut Courtois\u00a0<\/span><\/td>\n<td style=\"width: 20%; height: 26px;\"><span style=\"font-family: helvetica, arial, sans-serif;\">BEL<\/span><\/td>\n<td style=\"width: 20%; height: 26px;\"><span style=\"font-family: helvetica, arial, sans-serif;\">Real Madrid<\/span><\/td>\n<td style=\"width: 20%; height: 26px;\"><span style=\"font-family: helvetica, arial, sans-serif;\">73<\/span><\/td>\n<\/tr>\n<tr style=\"height: 26px;\">\n<td style=\"width: 20%; height: 26px;\"><span style=\"font-family: helvetica, arial, sans-serif;\">4<\/span><\/td>\n<td style=\"width: 20%; height: 26px;\"><span style=\"font-family: helvetica, arial, sans-serif;\">Marc Andr\u00e9 Ter Stegen<\/span><\/td>\n<td style=\"width: 20%; height: 26px;\"><span style=\"font-family: helvetica, arial, sans-serif;\">ALE<\/span><\/td>\n<td style=\"width: 20%; height: 26px;\"><span style=\"font-family: helvetica, arial, sans-serif;\">Barcelona<\/span><\/td>\n<td style=\"width: 20%; height: 26px;\"><span style=\"font-family: helvetica, arial, sans-serif;\">58<\/span><\/td>\n<\/tr>\n<tr style=\"height: 26px;\">\n<td style=\"width: 20%; height: 26px;\"><span style=\"font-family: helvetica, arial, sans-serif;\">5<\/span><\/td>\n<td style=\"width: 20%; height: 26px;\"><span style=\"font-family: helvetica, arial, sans-serif;\">Jan Oblak<\/span><\/td>\n<td style=\"width: 20%; height: 26px;\"><span style=\"font-family: helvetica, arial, sans-serif;\">SLV<\/span><\/td>\n<td style=\"width: 20%; height: 26px;\"><span style=\"font-family: helvetica, arial, sans-serif;\">Atl\u00e9tico de Madrid<\/span><\/td>\n<td style=\"width: 20%; height: 26px;\"><span style=\"font-family: helvetica, arial, sans-serif;\">36<\/span><\/td>\n<\/tr>\n<\/tbody>\n<\/table>\n","protected":false},"excerpt":{"rendered":"<p>El brasile\u00f1o Ederson, del Manchester City,\u00a0lider\u00f3 la tabla de mejores porteros de 2023, seg\u00fan la\u00a0Federaci\u00f3n de Historia y Estad\u00edstica del F\u00fatbol (IFFHS). Ederson (30) fue uno de los hombres destacados en el equipo de\u00a0Pep Guardiola,\u00a0que se qued\u00f3 con la\u00a0Liga Premier, la Champions y el Mundial de Clubes. El argentino\u00a0Emiliano \u2018Dibu\u2019 Mart\u00ednez, del Aston Villa\u00a0apareci\u00f3 segundo [&hellip;]<\/p>\n","protected":false},"author":5,"featured_media":102481,"comment_status":"open","ping_status":"closed","sticky":false,"template":"","format":"standard","meta":{"_acf_changed":false,"footnotes":""},"categories":[152],"tags":[],"class_list":{"0":"post-102479","1":"post","2":"type-post","3":"status-publish","4":"format-standard","5":"has-post-thumbnail","7":"category-mundo-futbol"},"acf":[],"_links":{"self":[{"href":"https:\/\/futbolhoy.co\/index.php\/wp-json\/wp\/v2\/posts\/102479","targetHints":{"allow":["GET"]}}],"collection":[{"href":"https:\/\/futbolhoy.co\/index.php\/wp-json\/wp\/v2\/posts"}],"about":[{"href":"https:\/\/futbolhoy.co\/index.php\/wp-json\/wp\/v2\/types\/post"}],"author":[{"embeddable":true,"href":"https:\/\/futbolhoy.co\/index.php\/wp-json\/wp\/v2\/users\/5"}],"replies":[{"embeddable":true,"href":"https:\/\/futbolhoy.co\/index.php\/wp-json\/wp\/v2\/comments?post=102479"}],"version-history":[{"count":1,"href":"https:\/\/futbolhoy.co\/index.php\/wp-json\/wp\/v2\/posts\/102479\/revisions"}],"predecessor-version":[{"id":102482,"href":"https:\/\/futbolhoy.co\/index.php\/wp-json\/wp\/v2\/posts\/102479\/revisions\/102482"}],"wp:featuredmedia":[{"embeddable":true,"href":"https:\/\/futbolhoy.co\/index.php\/wp-json\/wp\/v2\/media\/102481"}],"wp:attachment":[{"href":"https:\/\/futbolhoy.co\/index.php\/wp-json\/wp\/v2\/media?parent=102479"}],"wp:term":[{"taxonomy":"category","embeddable":true,"href":"https:\/\/futbolhoy.co\/index.php\/wp-json\/wp\/v2\/categories?post=102479"},{"taxonomy":"post_tag","embeddable":true,"href":"https:\/\/futbolhoy.co\/index.php\/wp-json\/wp\/v2\/tags?post=102479"}],"curies":[{"name":"wp","href":"https:\/\/api.w.org\/{rel}","templated":true}]}}