{"id":102484,"date":"2023-12-27T12:00:34","date_gmt":"2023-12-27T17:00:34","guid":{"rendered":"https:\/\/futbolhoy.co\/?p=102484"},"modified":"2023-12-28T07:18:03","modified_gmt":"2023-12-28T12:18:03","slug":"listos-los-finalistas-a-entrenador-del-ano-en-america","status":"publish","type":"post","link":"https:\/\/futbolhoy.co\/index.php\/2023\/12\/27\/listos-los-finalistas-a-entrenador-del-ano-en-america\/","title":{"rendered":"Listos los finalistas a entrenador del a\u00f1o en Am\u00e9rica"},"content":{"rendered":"<p style=\"text-align: justify;\"><span style=\"font-family: helvetica, arial, sans-serif;\">Tres argentinos y dos brasile\u00f1os se quedaron como \u00fanicos aspirantes al premio de\u00a0<b>Mejor entrenador de Am\u00e9rica<\/b>\u00a0en la tradicional encuesta\u00a0<b>&#8216;Rey de Am\u00e9rica&#8217; del peri\u00f3dico uruguayo El Pa\u00eds.<\/b><\/span><\/p>\n<p style=\"text-align: justify;\"><span style=\"font-family: helvetica, arial, sans-serif;\"><b>Lionel Scaloni, Marcelo Bielsa, Luis Zubeld\u00eda, Fernando Diniz y Abel Ferreira<\/b>\u00a0se convirtieron en los cinco finalistas, al recibir la mayor cantidad de votos entre los 200 periodistas habilitados.<\/span><\/p>\n<p style=\"text-align: justify;\"><span style=\"font-family: helvetica, arial, sans-serif;\">Scaloni, t\u00e9cnico de la\u00a0<b>Selecci\u00f3n Argentina,<\/b>\u00a0busca retener el galard\u00f3n, en una temporada donde llev\u00f3 a la \u2018celeste y blanca\u2019 a liderar las eliminatorias al\u00a0<b>Mundial de 2026.<\/b><\/span><\/p>\n<p style=\"text-align: justify;\"><span style=\"font-family: helvetica, arial, sans-serif;\">Por su parte, Bielsa buscar\u00e1 volver a quedarse con un premio que ya conquist\u00f3 en la temporada 2009, cuando era\u00a0<b>seleccionador de Chile.<\/b><\/span><\/p>\n<p style=\"text-align: justify;\"><span style=\"font-family: helvetica, arial, sans-serif;\">Diniz gan\u00f3 la\u00a0<b>Copa Libertadores con Fluminense,<\/b>\u00a0Zubeld\u00eda conquist\u00f3 la\u00a0<b>Copa Sudamericana con la Liga Deportiva Universitaria de Ecuador<\/b>\u00a0y Ferreira fue campe\u00f3n de la\u00a0<b>liga de Brasil con Palmeiras.<\/b><\/span><\/p>\n<p style=\"text-align: justify;\"><span style=\"font-family: helvetica, arial, sans-serif;\">Este domingo, uno de los cinco se convertir\u00e1 en el ganador en una jornada en la que tambi\u00e9n se conocer\u00e1n al\u00a0<b>&#8216;Rey&#8217; y a la &#8216;Reina&#8217; de Am\u00e9rica.<\/b><\/span><\/p>\n<p style=\"text-align: justify;\"><span style=\"font-family: helvetica, arial, sans-serif;\"><b>N\u00e9stor Lorenzo, seleccionador de Colombia; y el venezolano C\u00e9sar Far\u00edas, entrenador de \u00c1guilas Doradas y antes del Aucas ecuatoriano,<\/b>\u00a0tambi\u00e9n estuvieron en el listado.<\/span><\/p>\n","protected":false},"excerpt":{"rendered":"<p>Tres argentinos y dos brasile\u00f1os se quedaron como \u00fanicos aspirantes al premio de\u00a0Mejor entrenador de Am\u00e9rica\u00a0en la tradicional encuesta\u00a0&#8216;Rey de Am\u00e9rica&#8217; del peri\u00f3dico uruguayo El Pa\u00eds. Lionel Scaloni, Marcelo Bielsa, Luis Zubeld\u00eda, Fernando Diniz y Abel Ferreira\u00a0se convirtieron en los cinco finalistas, al recibir la mayor cantidad de votos entre los 200 periodistas habilitados. Scaloni, [&hellip;]<\/p>\n","protected":false},"author":5,"featured_media":102486,"comment_status":"open","ping_status":"closed","sticky":false,"template":"","format":"standard","meta":{"_acf_changed":false,"footnotes":""},"categories":[152],"tags":[],"class_list":{"0":"post-102484","1":"post","2":"type-post","3":"status-publish","4":"format-standard","5":"has-post-thumbnail","7":"category-mundo-futbol"},"acf":[],"_links":{"self":[{"href":"https:\/\/futbolhoy.co\/index.php\/wp-json\/wp\/v2\/posts\/102484","targetHints":{"allow":["GET"]}}],"collection":[{"href":"https:\/\/futbolhoy.co\/index.php\/wp-json\/wp\/v2\/posts"}],"about":[{"href":"https:\/\/futbolhoy.co\/index.php\/wp-json\/wp\/v2\/types\/post"}],"author":[{"embeddable":true,"href":"https:\/\/futbolhoy.co\/index.php\/wp-json\/wp\/v2\/users\/5"}],"replies":[{"embeddable":true,"href":"https:\/\/futbolhoy.co\/index.php\/wp-json\/wp\/v2\/comments?post=102484"}],"version-history":[{"count":1,"href":"https:\/\/futbolhoy.co\/index.php\/wp-json\/wp\/v2\/posts\/102484\/revisions"}],"predecessor-version":[{"id":102487,"href":"https:\/\/futbolhoy.co\/index.php\/wp-json\/wp\/v2\/posts\/102484\/revisions\/102487"}],"wp:featuredmedia":[{"embeddable":true,"href":"https:\/\/futbolhoy.co\/index.php\/wp-json\/wp\/v2\/media\/102486"}],"wp:attachment":[{"href":"https:\/\/futbolhoy.co\/index.php\/wp-json\/wp\/v2\/media?parent=102484"}],"wp:term":[{"taxonomy":"category","embeddable":true,"href":"https:\/\/futbolhoy.co\/index.php\/wp-json\/wp\/v2\/categories?post=102484"},{"taxonomy":"post_tag","embeddable":true,"href":"https:\/\/futbolhoy.co\/index.php\/wp-json\/wp\/v2\/tags?post=102484"}],"curies":[{"name":"wp","href":"https:\/\/api.w.org\/{rel}","templated":true}]}}