{"id":102490,"date":"2023-12-27T17:34:33","date_gmt":"2023-12-27T22:34:33","guid":{"rendered":"https:\/\/futbolhoy.co\/?p=102490"},"modified":"2023-12-28T07:18:59","modified_gmt":"2023-12-28T12:18:59","slug":"fossati-nuevo-entrenador-de-la-seleccion-de-peru","status":"publish","type":"post","link":"https:\/\/futbolhoy.co\/index.php\/2023\/12\/27\/fossati-nuevo-entrenador-de-la-seleccion-de-peru\/","title":{"rendered":"Fossati, nuevo entrenador de la Selecci\u00f3n de Per\u00fa"},"content":{"rendered":"<p style=\"text-align: justify;\"><span style=\"font-family: helvetica, arial, sans-serif;\"><strong>Jorge Fossati<\/strong> asumir\u00e1 la direcci\u00f3n t\u00e9cnica de la <strong>Selecci\u00f3n de f\u00fatbol de Per\u00fa<\/strong> para la <strong>Copa Am\u00e9rica 2024 y la Eliminatoria al Mundial 2026,<\/strong> seg\u00fan inform\u00f3 este mi\u00e9rcoles la Federaci\u00f3n de este pa\u00eds.<\/span><\/p>\n<p style=\"text-align: justify;\"><span style=\"font-family: helvetica, arial, sans-serif;\">\u00abCon el objetivo de clasificar al <strong>Mundial 2026,<\/strong> el experimentado entrenador uruguayo Jorge Fossati asumir\u00e1 la direcci\u00f3n t\u00e9cnica de La Bicolor tras llegar a un acuerdo satisfactorio con la <strong>Federaci\u00f3n Peruana de F\u00fatbol<\/strong>\u00ab, indic\u00f3 la FPF en un comunicado.<\/span><\/p>\n<p style=\"text-align: justify;\"><span style=\"font-family: helvetica, arial, sans-serif;\">Fossati, de 71 a\u00f1os y exseleccionador de <strong>Uruguay y Catar<\/strong>, reemplaza en el banquillo al peruano <strong>Juan Reynoso,<\/strong> quien dej\u00f3 el cargo a mediados de este mes tras la irregular campa\u00f1a del combinado inca camino al Mundial. En Per\u00fa aterriz\u00f3 en 2023, donde sac\u00f3 campe\u00f3n del torneo local al <strong>Universitario de Deportes.<\/strong><\/span><\/p>\n<p style=\"text-align: justify;\"><span style=\"font-family: helvetica, arial, sans-serif;\">Como futbolista, Fossati conoce el balompi\u00e9 colombiano, luego de que militara en <strong>Millonarios<\/strong> en 1982. Se desempe\u00f1\u00f3 en la posici\u00f3n de arquero y tambi\u00e9n tuvo paso por equipos como <strong>Independiente, Rosario Central, Olimpia o Coritiba,<\/strong> club en el que se retir\u00f3.<\/span><\/p>\n<p style=\"text-align: justify;\"><span style=\"font-family: helvetica, arial, sans-serif;\">Per\u00fa no volver\u00e1 a jugar hasta marzo, cuando el nuevo entrenador tendr\u00e1 sus dos primeros partidos amistosos, con rivales por definir, en fecha FIFA previa a la Copa Am\u00e9rica de <strong>Estados Unidos 2024<\/strong>, que arranca en junio.<\/span><\/p>\n","protected":false},"excerpt":{"rendered":"<p>Jorge Fossati asumir\u00e1 la direcci\u00f3n t\u00e9cnica de la Selecci\u00f3n de f\u00fatbol de Per\u00fa para la Copa Am\u00e9rica 2024 y la Eliminatoria al Mundial 2026, seg\u00fan inform\u00f3 este mi\u00e9rcoles la Federaci\u00f3n de este pa\u00eds. \u00abCon el objetivo de clasificar al Mundial 2026, el experimentado entrenador uruguayo Jorge Fossati asumir\u00e1 la direcci\u00f3n t\u00e9cnica de La Bicolor tras [&hellip;]<\/p>\n","protected":false},"author":4,"featured_media":102496,"comment_status":"open","ping_status":"closed","sticky":false,"template":"","format":"standard","meta":{"_acf_changed":false,"footnotes":""},"categories":[152],"tags":[],"class_list":{"0":"post-102490","1":"post","2":"type-post","3":"status-publish","4":"format-standard","5":"has-post-thumbnail","7":"category-mundo-futbol"},"acf":[],"_links":{"self":[{"href":"https:\/\/futbolhoy.co\/index.php\/wp-json\/wp\/v2\/posts\/102490","targetHints":{"allow":["GET"]}}],"collection":[{"href":"https:\/\/futbolhoy.co\/index.php\/wp-json\/wp\/v2\/posts"}],"about":[{"href":"https:\/\/futbolhoy.co\/index.php\/wp-json\/wp\/v2\/types\/post"}],"author":[{"embeddable":true,"href":"https:\/\/futbolhoy.co\/index.php\/wp-json\/wp\/v2\/users\/4"}],"replies":[{"embeddable":true,"href":"https:\/\/futbolhoy.co\/index.php\/wp-json\/wp\/v2\/comments?post=102490"}],"version-history":[{"count":1,"href":"https:\/\/futbolhoy.co\/index.php\/wp-json\/wp\/v2\/posts\/102490\/revisions"}],"predecessor-version":[{"id":102492,"href":"https:\/\/futbolhoy.co\/index.php\/wp-json\/wp\/v2\/posts\/102490\/revisions\/102492"}],"wp:featuredmedia":[{"embeddable":true,"href":"https:\/\/futbolhoy.co\/index.php\/wp-json\/wp\/v2\/media\/102496"}],"wp:attachment":[{"href":"https:\/\/futbolhoy.co\/index.php\/wp-json\/wp\/v2\/media?parent=102490"}],"wp:term":[{"taxonomy":"category","embeddable":true,"href":"https:\/\/futbolhoy.co\/index.php\/wp-json\/wp\/v2\/categories?post=102490"},{"taxonomy":"post_tag","embeddable":true,"href":"https:\/\/futbolhoy.co\/index.php\/wp-json\/wp\/v2\/tags?post=102490"}],"curies":[{"name":"wp","href":"https:\/\/api.w.org\/{rel}","templated":true}]}}