{"id":102497,"date":"2023-12-27T20:05:37","date_gmt":"2023-12-28T01:05:37","guid":{"rendered":"https:\/\/futbolhoy.co\/?p=102497"},"modified":"2023-12-28T11:03:40","modified_gmt":"2023-12-28T16:03:40","slug":"marco-perez-llega-al-equipo-campeon-de-colombia","status":"publish","type":"post","link":"https:\/\/futbolhoy.co\/index.php\/2023\/12\/27\/marco-perez-llega-al-equipo-campeon-de-colombia\/","title":{"rendered":"Marco P\u00e9rez llega al equipo campe\u00f3n de Colombia"},"content":{"rendered":"<p style=\"text-align: justify;\"><span style=\"font-family: helvetica, arial, sans-serif;\">Lo que era un secreto a voces se hizo oficial. <strong>Marco P\u00e9rez<\/strong>, el futbolista que m\u00e1s goles marc\u00f3 en el a\u00f1o en la <strong>Liga colombiana<\/strong>, se convirti\u00f3 en nuevo refuerzo del <strong>Junior de Barranquilla<\/strong> de cara al 2024, a\u00f1o en el que el club deber\u00e1 afrontar los retos locales y la <strong>Copa Libertadores.<\/strong><\/span><\/p>\n<p style=\"text-align: justify;\"><span style=\"font-family: helvetica, arial, sans-serif;\"><strong>\u201c\u00a1MARCO P\u00c9REZ ES TIBUR\u00d3N<\/strong>! Le damos la bienvenida a Marco P\u00e9rez, nuevo jugador de Junior FC\u201d, fue el mensaje con el que el cuadro Tibur\u00f3n le dio la bienvenida al delantero de 33 a\u00f1os.<\/span><\/p>\n<p style=\"text-align: justify;\"><span style=\"font-family: helvetica, arial, sans-serif;\">\u201cEstoy muy contento por estar en este equipo, por esta linda oportunidad que se me presenta. Uno quiere perseguir el t\u00edtulo, el pr\u00f3ximo a\u00f1o se jugar\u00e1n cuatro torneos y hay que trabajar muy fuerte\u201d, dijo en su presentaci\u00f3n ante los medios comunicaci\u00f3n.<\/span><\/p>\n<p style=\"text-align: justify;\"><span style=\"font-family: helvetica, arial, sans-serif;\">Ser\u00e1 el s\u00e9ptimo equipo para el futbolista chocoano en <strong>Colombia<\/strong> y el n\u00famero 14 en toda su trayectoria profesional. En toda su carrera cuenta con 167 goles y 37 asistencias en 535 partidos.<\/span><\/p>\n","protected":false},"excerpt":{"rendered":"<p>Lo que era un secreto a voces se hizo oficial. Marco P\u00e9rez, el futbolista que m\u00e1s goles marc\u00f3 en el a\u00f1o en la Liga colombiana, se convirti\u00f3 en nuevo refuerzo del Junior de Barranquilla de cara al 2024, a\u00f1o en el que el club deber\u00e1 afrontar los retos locales y la Copa Libertadores. \u201c\u00a1MARCO P\u00c9REZ [&hellip;]<\/p>\n","protected":false},"author":4,"featured_media":102498,"comment_status":"open","ping_status":"closed","sticky":false,"template":"","format":"standard","meta":{"_acf_changed":false,"footnotes":""},"categories":[7],"tags":[],"class_list":{"0":"post-102497","1":"post","2":"type-post","3":"status-publish","4":"format-standard","5":"has-post-thumbnail","7":"category-liga-betplay"},"acf":[],"_links":{"self":[{"href":"https:\/\/futbolhoy.co\/index.php\/wp-json\/wp\/v2\/posts\/102497","targetHints":{"allow":["GET"]}}],"collection":[{"href":"https:\/\/futbolhoy.co\/index.php\/wp-json\/wp\/v2\/posts"}],"about":[{"href":"https:\/\/futbolhoy.co\/index.php\/wp-json\/wp\/v2\/types\/post"}],"author":[{"embeddable":true,"href":"https:\/\/futbolhoy.co\/index.php\/wp-json\/wp\/v2\/users\/4"}],"replies":[{"embeddable":true,"href":"https:\/\/futbolhoy.co\/index.php\/wp-json\/wp\/v2\/comments?post=102497"}],"version-history":[{"count":1,"href":"https:\/\/futbolhoy.co\/index.php\/wp-json\/wp\/v2\/posts\/102497\/revisions"}],"predecessor-version":[{"id":102499,"href":"https:\/\/futbolhoy.co\/index.php\/wp-json\/wp\/v2\/posts\/102497\/revisions\/102499"}],"wp:featuredmedia":[{"embeddable":true,"href":"https:\/\/futbolhoy.co\/index.php\/wp-json\/wp\/v2\/media\/102498"}],"wp:attachment":[{"href":"https:\/\/futbolhoy.co\/index.php\/wp-json\/wp\/v2\/media?parent=102497"}],"wp:term":[{"taxonomy":"category","embeddable":true,"href":"https:\/\/futbolhoy.co\/index.php\/wp-json\/wp\/v2\/categories?post=102497"},{"taxonomy":"post_tag","embeddable":true,"href":"https:\/\/futbolhoy.co\/index.php\/wp-json\/wp\/v2\/tags?post=102497"}],"curies":[{"name":"wp","href":"https:\/\/api.w.org\/{rel}","templated":true}]}}