{"id":102505,"date":"2023-12-28T06:45:34","date_gmt":"2023-12-28T11:45:34","guid":{"rendered":"https:\/\/futbolhoy.co\/?p=102505"},"modified":"2023-12-28T19:59:45","modified_gmt":"2023-12-29T00:59:45","slug":"jhon-arias-es-finalista-a-rey-de-america","status":"publish","type":"post","link":"https:\/\/futbolhoy.co\/index.php\/2023\/12\/28\/jhon-arias-es-finalista-a-rey-de-america\/","title":{"rendered":"Jhon Arias es finalista a \u2018Rey de Am\u00e9rica\u2019"},"content":{"rendered":"<p style=\"text-align: justify;\"><span lang=\"ES-MX\" style=\"font-family: helvetica, arial, sans-serif;\">El extremo colombiano\u00a0<b>Jhon Arias, del Fluminense brasile\u00f1o,<\/b>\u00a0hace parte del grupo de cuatro finalistas al premio de\u00a0<b>\u2018Rey de Am\u00e9rica\u2019<\/b>\u00a0que entrega cada fin de a\u00f1o el diario uruguayo\u00a0<b>El Pa\u00eds\u00a0<\/b>al mejor jugador del continente.<\/span><\/p>\n<p style=\"text-align: justify;\"><span lang=\"ES-MX\" style=\"font-family: helvetica, arial, sans-serif;\">Arias disput\u00f3 61 partidos con su club en el 2023, marcando 12 goles y realizando 11 asistencias, alcanzando los t\u00edtulos de\u00a0<b>Copa Libertadores, Campeonato Carioca, Copa Guanabara y el subt\u00edtulo del Mundial de Clubes,<\/b>\u00a0donde fue elegido como tercer mejor jugador del campeonato.<\/span><\/p>\n<p style=\"text-align: justify;\"><span lang=\"ES-MX\" style=\"font-family: helvetica, arial, sans-serif;\">El chocoano de 26 a\u00f1os adem\u00e1s se consolid\u00f3 como titular de la\u00a0<b>Selecci\u00f3n Colombia<\/b>\u00a0donde disput\u00f3 9 partidos entre eliminatorias al Mundial de 2026 y amistosos, de ellos 7 como inicialista, con una asistencia.<\/span><\/p>\n<p style=\"text-align: justify;\"><span lang=\"ES-MX\" style=\"font-family: helvetica, arial, sans-serif;\">El listado de finalistas lo complementan, el argentino\u00a0<b>Germ\u00e1n Ezequiel Cano (35),<\/b>\u00a0compa\u00f1ero de Arias en el\u00a0<b>\u2018Flu\u2019,<\/b>\u00a0m\u00e1ximo goleador de la Libertadores y favorito a llevarse el galard\u00f3n; y los uruguayos\u00a0<b>Luis Su\u00e1rez de Gremio de Porto Alegre,<\/b>\u00a0segundo artillero del\u00a0<b>Brasileirao<\/b>\u00a0y el volante \u2018<b>charr\u00faa\u2019 Nicol\u00e1s de la Cruz,<\/b>\u00a0de gran campa\u00f1a con\u00a0<b>River Plate<\/b>\u00a0y recientemente transferido a\u00a0<b>Flamengo.<\/b><\/span><\/p>\n<p style=\"text-align: justify;\"><span lang=\"ES-MX\" style=\"font-family: helvetica, arial, sans-serif;\">El premio se conocer\u00e1 el domingo en la edici\u00f3n del diario en\u00a0<b>Montevideo.<\/b><\/span><\/p>\n<p style=\"text-align: justify;\"><span lang=\"ES-MX\" style=\"font-family: helvetica, arial, sans-serif;\">Por Colombia ya han ganado\u00a0<b>Carlos \u2018El Pibe\u2019 Valderrama en dos oportunidades (1987 y 1993), Te\u00f3filo Guti\u00e9rrez (2014) y Miguel \u00c1ngel Borja (2016).<\/b><\/span><\/p>\n","protected":false},"excerpt":{"rendered":"<p>El extremo colombiano\u00a0Jhon Arias, del Fluminense brasile\u00f1o,\u00a0hace parte del grupo de cuatro finalistas al premio de\u00a0\u2018Rey de Am\u00e9rica\u2019\u00a0que entrega cada fin de a\u00f1o el diario uruguayo\u00a0El Pa\u00eds\u00a0al mejor jugador del continente. Arias disput\u00f3 61 partidos con su club en el 2023, marcando 12 goles y realizando 11 asistencias, alcanzando los t\u00edtulos de\u00a0Copa Libertadores, Campeonato Carioca, [&hellip;]<\/p>\n","protected":false},"author":5,"featured_media":102506,"comment_status":"open","ping_status":"open","sticky":false,"template":"","format":"standard","meta":{"_acf_changed":false,"footnotes":""},"categories":[418],"tags":[],"class_list":{"0":"post-102505","1":"post","2":"type-post","3":"status-publish","4":"format-standard","5":"has-post-thumbnail","7":"category-colombia"},"acf":[],"yoast_head":"<!-- This site is optimized with the Yoast SEO plugin v26.8 - https:\/\/yoast.com\/product\/yoast-seo-wordpress\/ -->\n<title>Jhon Arias es finalista a \u2018Rey de Am\u00e9rica\u2019 -<\/title>\n<meta name=\"robots\" content=\"index, follow, max-snippet:-1, max-image-preview:large, max-video-preview:-1\" \/>\n<link rel=\"canonical\" href=\"https:\/\/futbolhoy.co\/index.php\/2023\/12\/28\/jhon-arias-es-finalista-a-rey-de-america\/\" \/>\n<meta property=\"og:locale\" content=\"es_ES\" \/>\n<meta property=\"og:type\" content=\"article\" \/>\n<meta property=\"og:title\" content=\"Jhon Arias es finalista a \u2018Rey de Am\u00e9rica\u2019 -\" \/>\n<meta property=\"og:description\" content=\"El extremo colombiano\u00a0Jhon Arias, del Fluminense brasile\u00f1o,\u00a0hace parte del grupo de cuatro finalistas al premio de\u00a0\u2018Rey de Am\u00e9rica\u2019\u00a0que entrega cada fin de a\u00f1o el diario uruguayo\u00a0El Pa\u00eds\u00a0al mejor jugador del continente. Arias disput\u00f3 61 partidos con su club en el 2023, marcando 12 goles y realizando 11 asistencias, alcanzando los t\u00edtulos de\u00a0Copa Libertadores, Campeonato Carioca, [&hellip;]\" \/>\n<meta property=\"og:url\" content=\"https:\/\/futbolhoy.co\/index.php\/2023\/12\/28\/jhon-arias-es-finalista-a-rey-de-america\/\" \/>\n<meta property=\"article:publisher\" content=\"https:\/\/www.facebook.com\/FutbolHoyCol\/\" \/>\n<meta property=\"article:published_time\" content=\"2023-12-28T11:45:34+00:00\" \/>\n<meta property=\"article:modified_time\" content=\"2023-12-29T00:59:45+00:00\" \/>\n<meta property=\"og:image\" content=\"https:\/\/futbolhoy.co\/wp-content\/uploads\/2023\/12\/20231228_204455.jpg\" \/>\n\t<meta property=\"og:image:width\" content=\"1290\" \/>\n\t<meta property=\"og:image:height\" content=\"872\" \/>\n\t<meta property=\"og:image:type\" content=\"image\/jpeg\" \/>\n<meta name=\"author\" content=\"Laura Hern\u00e1ndez\" \/>\n<meta name=\"twitter:card\" content=\"summary_large_image\" \/>\n<meta name=\"twitter:creator\" content=\"@FutbolHoyCol\" \/>\n<meta name=\"twitter:site\" content=\"@FutbolHoyCol\" \/>\n<meta name=\"twitter:label1\" content=\"Escrito por\" \/>\n\t<meta name=\"twitter:data1\" content=\"Laura Hern\u00e1ndez\" \/>\n\t<meta name=\"twitter:label2\" content=\"Tiempo de lectura\" \/>\n\t<meta name=\"twitter:data2\" content=\"1 minuto\" \/>\n<script type=\"application\/ld+json\" class=\"yoast-schema-graph\">{\"@context\":\"https:\/\/schema.org\",\"@graph\":[{\"@type\":\"Article\",\"@id\":\"https:\/\/futbolhoy.co\/index.php\/2023\/12\/28\/jhon-arias-es-finalista-a-rey-de-america\/#article\",\"isPartOf\":{\"@id\":\"https:\/\/futbolhoy.co\/index.php\/2023\/12\/28\/jhon-arias-es-finalista-a-rey-de-america\/\"},\"author\":{\"name\":\"Laura Hern\u00e1ndez\",\"@id\":\"https:\/\/futbolhoy.co\/#\/schema\/person\/c4a353a512b127643723a34bb1812f7d\"},\"headline\":\"Jhon Arias es finalista a \u2018Rey de Am\u00e9rica\u2019\",\"datePublished\":\"2023-12-28T11:45:34+00:00\",\"dateModified\":\"2023-12-29T00:59:45+00:00\",\"mainEntityOfPage\":{\"@id\":\"https:\/\/futbolhoy.co\/index.php\/2023\/12\/28\/jhon-arias-es-finalista-a-rey-de-america\/\"},\"wordCount\":228,\"commentCount\":0,\"publisher\":{\"@id\":\"https:\/\/futbolhoy.co\/#organization\"},\"image\":{\"@id\":\"https:\/\/futbolhoy.co\/index.php\/2023\/12\/28\/jhon-arias-es-finalista-a-rey-de-america\/#primaryimage\"},\"thumbnailUrl\":\"https:\/\/futbolhoy.co\/wp-content\/uploads\/2023\/12\/20231228_204455.jpg\",\"articleSection\":[\"Colombia\"],\"inLanguage\":\"es\",\"potentialAction\":[{\"@type\":\"CommentAction\",\"name\":\"Comment\",\"target\":[\"https:\/\/futbolhoy.co\/index.php\/2023\/12\/28\/jhon-arias-es-finalista-a-rey-de-america\/#respond\"]}]},{\"@type\":\"WebPage\",\"@id\":\"https:\/\/futbolhoy.co\/index.php\/2023\/12\/28\/jhon-arias-es-finalista-a-rey-de-america\/\",\"url\":\"https:\/\/futbolhoy.co\/index.php\/2023\/12\/28\/jhon-arias-es-finalista-a-rey-de-america\/\",\"name\":\"Jhon Arias es finalista a \u2018Rey de Am\u00e9rica\u2019 -\",\"isPartOf\":{\"@id\":\"https:\/\/futbolhoy.co\/#website\"},\"primaryImageOfPage\":{\"@id\":\"https:\/\/futbolhoy.co\/index.php\/2023\/12\/28\/jhon-arias-es-finalista-a-rey-de-america\/#primaryimage\"},\"image\":{\"@id\":\"https:\/\/futbolhoy.co\/index.php\/2023\/12\/28\/jhon-arias-es-finalista-a-rey-de-america\/#primaryimage\"},\"thumbnailUrl\":\"https:\/\/futbolhoy.co\/wp-content\/uploads\/2023\/12\/20231228_204455.jpg\",\"datePublished\":\"2023-12-28T11:45:34+00:00\",\"dateModified\":\"2023-12-29T00:59:45+00:00\",\"breadcrumb\":{\"@id\":\"https:\/\/futbolhoy.co\/index.php\/2023\/12\/28\/jhon-arias-es-finalista-a-rey-de-america\/#breadcrumb\"},\"inLanguage\":\"es\",\"potentialAction\":[{\"@type\":\"ReadAction\",\"target\":[\"https:\/\/futbolhoy.co\/index.php\/2023\/12\/28\/jhon-arias-es-finalista-a-rey-de-america\/\"]}]},{\"@type\":\"ImageObject\",\"inLanguage\":\"es\",\"@id\":\"https:\/\/futbolhoy.co\/index.php\/2023\/12\/28\/jhon-arias-es-finalista-a-rey-de-america\/#primaryimage\",\"url\":\"https:\/\/futbolhoy.co\/wp-content\/uploads\/2023\/12\/20231228_204455.jpg\",\"contentUrl\":\"https:\/\/futbolhoy.co\/wp-content\/uploads\/2023\/12\/20231228_204455.jpg\",\"width\":1290,\"height\":872},{\"@type\":\"BreadcrumbList\",\"@id\":\"https:\/\/futbolhoy.co\/index.php\/2023\/12\/28\/jhon-arias-es-finalista-a-rey-de-america\/#breadcrumb\",\"itemListElement\":[{\"@type\":\"ListItem\",\"position\":1,\"name\":\"Portada\",\"item\":\"https:\/\/futbolhoy.co\/\"},{\"@type\":\"ListItem\",\"position\":2,\"name\":\"Jhon Arias es finalista a \u2018Rey de Am\u00e9rica\u2019\"}]},{\"@type\":\"WebSite\",\"@id\":\"https:\/\/futbolhoy.co\/#website\",\"url\":\"https:\/\/futbolhoy.co\/\",\"name\":\"FutbolHoy\",\"description\":\"\",\"publisher\":{\"@id\":\"https:\/\/futbolhoy.co\/#organization\"},\"potentialAction\":[{\"@type\":\"SearchAction\",\"target\":{\"@type\":\"EntryPoint\",\"urlTemplate\":\"https:\/\/futbolhoy.co\/?s={search_term_string}\"},\"query-input\":{\"@type\":\"PropertyValueSpecification\",\"valueRequired\":true,\"valueName\":\"search_term_string\"}}],\"inLanguage\":\"es\"},{\"@type\":\"Organization\",\"@id\":\"https:\/\/futbolhoy.co\/#organization\",\"name\":\"Futbolhoy.co\",\"url\":\"https:\/\/futbolhoy.co\/\",\"logo\":{\"@type\":\"ImageObject\",\"inLanguage\":\"es\",\"@id\":\"https:\/\/futbolhoy.co\/#\/schema\/logo\/image\/\",\"url\":\"https:\/\/futbolhoy.co\/wp-content\/uploads\/2018\/08\/17426380_1906371736249227_6326180412931521141_n.jpg\",\"contentUrl\":\"https:\/\/futbolhoy.co\/wp-content\/uploads\/2018\/08\/17426380_1906371736249227_6326180412931521141_n.jpg\",\"width\":960,\"height\":960,\"caption\":\"Futbolhoy.co\"},\"image\":{\"@id\":\"https:\/\/futbolhoy.co\/#\/schema\/logo\/image\/\"},\"sameAs\":[\"https:\/\/www.facebook.com\/FutbolHoyCol\/\",\"https:\/\/x.com\/FutbolHoyCol\",\"https:\/\/www.instagram.com\/futbolhoycol\/\"]},{\"@type\":\"Person\",\"@id\":\"https:\/\/futbolhoy.co\/#\/schema\/person\/c4a353a512b127643723a34bb1812f7d\",\"name\":\"Laura Hern\u00e1ndez\",\"image\":{\"@type\":\"ImageObject\",\"inLanguage\":\"es\",\"@id\":\"https:\/\/futbolhoy.co\/#\/schema\/person\/image\/\",\"url\":\"https:\/\/secure.gravatar.com\/avatar\/d25959a15b9b293a743f99181c7cfd01?s=96&d=mm&r=g\",\"contentUrl\":\"https:\/\/secure.gravatar.com\/avatar\/d25959a15b9b293a743f99181c7cfd01?s=96&d=mm&r=g\",\"caption\":\"Laura Hern\u00e1ndez\"}}]}<\/script>\n<!-- \/ Yoast SEO plugin. -->","yoast_head_json":{"title":"Jhon Arias es finalista a \u2018Rey de Am\u00e9rica\u2019 -","robots":{"index":"index","follow":"follow","max-snippet":"max-snippet:-1","max-image-preview":"max-image-preview:large","max-video-preview":"max-video-preview:-1"},"canonical":"https:\/\/futbolhoy.co\/index.php\/2023\/12\/28\/jhon-arias-es-finalista-a-rey-de-america\/","og_locale":"es_ES","og_type":"article","og_title":"Jhon Arias es finalista a \u2018Rey de Am\u00e9rica\u2019 -","og_description":"El extremo colombiano\u00a0Jhon Arias, del Fluminense brasile\u00f1o,\u00a0hace parte del grupo de cuatro finalistas al premio de\u00a0\u2018Rey de Am\u00e9rica\u2019\u00a0que entrega cada fin de a\u00f1o el diario uruguayo\u00a0El Pa\u00eds\u00a0al mejor jugador del continente. Arias disput\u00f3 61 partidos con su club en el 2023, marcando 12 goles y realizando 11 asistencias, alcanzando los t\u00edtulos de\u00a0Copa Libertadores, Campeonato Carioca, [&hellip;]","og_url":"https:\/\/futbolhoy.co\/index.php\/2023\/12\/28\/jhon-arias-es-finalista-a-rey-de-america\/","article_publisher":"https:\/\/www.facebook.com\/FutbolHoyCol\/","article_published_time":"2023-12-28T11:45:34+00:00","article_modified_time":"2023-12-29T00:59:45+00:00","og_image":[{"width":1290,"height":872,"url":"https:\/\/futbolhoy.co\/wp-content\/uploads\/2023\/12\/20231228_204455.jpg","type":"image\/jpeg"}],"author":"Laura Hern\u00e1ndez","twitter_card":"summary_large_image","twitter_creator":"@FutbolHoyCol","twitter_site":"@FutbolHoyCol","twitter_misc":{"Escrito por":"Laura Hern\u00e1ndez","Tiempo de lectura":"1 minuto"},"schema":{"@context":"https:\/\/schema.org","@graph":[{"@type":"Article","@id":"https:\/\/futbolhoy.co\/index.php\/2023\/12\/28\/jhon-arias-es-finalista-a-rey-de-america\/#article","isPartOf":{"@id":"https:\/\/futbolhoy.co\/index.php\/2023\/12\/28\/jhon-arias-es-finalista-a-rey-de-america\/"},"author":{"name":"Laura Hern\u00e1ndez","@id":"https:\/\/futbolhoy.co\/#\/schema\/person\/c4a353a512b127643723a34bb1812f7d"},"headline":"Jhon Arias es finalista a \u2018Rey de Am\u00e9rica\u2019","datePublished":"2023-12-28T11:45:34+00:00","dateModified":"2023-12-29T00:59:45+00:00","mainEntityOfPage":{"@id":"https:\/\/futbolhoy.co\/index.php\/2023\/12\/28\/jhon-arias-es-finalista-a-rey-de-america\/"},"wordCount":228,"commentCount":0,"publisher":{"@id":"https:\/\/futbolhoy.co\/#organization"},"image":{"@id":"https:\/\/futbolhoy.co\/index.php\/2023\/12\/28\/jhon-arias-es-finalista-a-rey-de-america\/#primaryimage"},"thumbnailUrl":"https:\/\/futbolhoy.co\/wp-content\/uploads\/2023\/12\/20231228_204455.jpg","articleSection":["Colombia"],"inLanguage":"es","potentialAction":[{"@type":"CommentAction","name":"Comment","target":["https:\/\/futbolhoy.co\/index.php\/2023\/12\/28\/jhon-arias-es-finalista-a-rey-de-america\/#respond"]}]},{"@type":"WebPage","@id":"https:\/\/futbolhoy.co\/index.php\/2023\/12\/28\/jhon-arias-es-finalista-a-rey-de-america\/","url":"https:\/\/futbolhoy.co\/index.php\/2023\/12\/28\/jhon-arias-es-finalista-a-rey-de-america\/","name":"Jhon Arias es finalista a \u2018Rey de Am\u00e9rica\u2019 -","isPartOf":{"@id":"https:\/\/futbolhoy.co\/#website"},"primaryImageOfPage":{"@id":"https:\/\/futbolhoy.co\/index.php\/2023\/12\/28\/jhon-arias-es-finalista-a-rey-de-america\/#primaryimage"},"image":{"@id":"https:\/\/futbolhoy.co\/index.php\/2023\/12\/28\/jhon-arias-es-finalista-a-rey-de-america\/#primaryimage"},"thumbnailUrl":"https:\/\/futbolhoy.co\/wp-content\/uploads\/2023\/12\/20231228_204455.jpg","datePublished":"2023-12-28T11:45:34+00:00","dateModified":"2023-12-29T00:59:45+00:00","breadcrumb":{"@id":"https:\/\/futbolhoy.co\/index.php\/2023\/12\/28\/jhon-arias-es-finalista-a-rey-de-america\/#breadcrumb"},"inLanguage":"es","potentialAction":[{"@type":"ReadAction","target":["https:\/\/futbolhoy.co\/index.php\/2023\/12\/28\/jhon-arias-es-finalista-a-rey-de-america\/"]}]},{"@type":"ImageObject","inLanguage":"es","@id":"https:\/\/futbolhoy.co\/index.php\/2023\/12\/28\/jhon-arias-es-finalista-a-rey-de-america\/#primaryimage","url":"https:\/\/futbolhoy.co\/wp-content\/uploads\/2023\/12\/20231228_204455.jpg","contentUrl":"https:\/\/futbolhoy.co\/wp-content\/uploads\/2023\/12\/20231228_204455.jpg","width":1290,"height":872},{"@type":"BreadcrumbList","@id":"https:\/\/futbolhoy.co\/index.php\/2023\/12\/28\/jhon-arias-es-finalista-a-rey-de-america\/#breadcrumb","itemListElement":[{"@type":"ListItem","position":1,"name":"Portada","item":"https:\/\/futbolhoy.co\/"},{"@type":"ListItem","position":2,"name":"Jhon Arias es finalista a \u2018Rey de Am\u00e9rica\u2019"}]},{"@type":"WebSite","@id":"https:\/\/futbolhoy.co\/#website","url":"https:\/\/futbolhoy.co\/","name":"FutbolHoy","description":"","publisher":{"@id":"https:\/\/futbolhoy.co\/#organization"},"potentialAction":[{"@type":"SearchAction","target":{"@type":"EntryPoint","urlTemplate":"https:\/\/futbolhoy.co\/?s={search_term_string}"},"query-input":{"@type":"PropertyValueSpecification","valueRequired":true,"valueName":"search_term_string"}}],"inLanguage":"es"},{"@type":"Organization","@id":"https:\/\/futbolhoy.co\/#organization","name":"Futbolhoy.co","url":"https:\/\/futbolhoy.co\/","logo":{"@type":"ImageObject","inLanguage":"es","@id":"https:\/\/futbolhoy.co\/#\/schema\/logo\/image\/","url":"https:\/\/futbolhoy.co\/wp-content\/uploads\/2018\/08\/17426380_1906371736249227_6326180412931521141_n.jpg","contentUrl":"https:\/\/futbolhoy.co\/wp-content\/uploads\/2018\/08\/17426380_1906371736249227_6326180412931521141_n.jpg","width":960,"height":960,"caption":"Futbolhoy.co"},"image":{"@id":"https:\/\/futbolhoy.co\/#\/schema\/logo\/image\/"},"sameAs":["https:\/\/www.facebook.com\/FutbolHoyCol\/","https:\/\/x.com\/FutbolHoyCol","https:\/\/www.instagram.com\/futbolhoycol\/"]},{"@type":"Person","@id":"https:\/\/futbolhoy.co\/#\/schema\/person\/c4a353a512b127643723a34bb1812f7d","name":"Laura Hern\u00e1ndez","image":{"@type":"ImageObject","inLanguage":"es","@id":"https:\/\/futbolhoy.co\/#\/schema\/person\/image\/","url":"https:\/\/secure.gravatar.com\/avatar\/d25959a15b9b293a743f99181c7cfd01?s=96&d=mm&r=g","contentUrl":"https:\/\/secure.gravatar.com\/avatar\/d25959a15b9b293a743f99181c7cfd01?s=96&d=mm&r=g","caption":"Laura Hern\u00e1ndez"}}]}},"publishpress_future_action":{"enabled":false,"date":"2026-05-06 14:50:10","action":"change-status","newStatus":"draft","terms":[],"taxonomy":"category","extraData":[]},"publishpress_future_workflow_manual_trigger":{"enabledWorkflows":[]},"_links":{"self":[{"href":"https:\/\/futbolhoy.co\/index.php\/wp-json\/wp\/v2\/posts\/102505","targetHints":{"allow":["GET"]}}],"collection":[{"href":"https:\/\/futbolhoy.co\/index.php\/wp-json\/wp\/v2\/posts"}],"about":[{"href":"https:\/\/futbolhoy.co\/index.php\/wp-json\/wp\/v2\/types\/post"}],"author":[{"embeddable":true,"href":"https:\/\/futbolhoy.co\/index.php\/wp-json\/wp\/v2\/users\/5"}],"replies":[{"embeddable":true,"href":"https:\/\/futbolhoy.co\/index.php\/wp-json\/wp\/v2\/comments?post=102505"}],"version-history":[{"count":1,"href":"https:\/\/futbolhoy.co\/index.php\/wp-json\/wp\/v2\/posts\/102505\/revisions"}],"predecessor-version":[{"id":102507,"href":"https:\/\/futbolhoy.co\/index.php\/wp-json\/wp\/v2\/posts\/102505\/revisions\/102507"}],"wp:featuredmedia":[{"embeddable":true,"href":"https:\/\/futbolhoy.co\/index.php\/wp-json\/wp\/v2\/media\/102506"}],"wp:attachment":[{"href":"https:\/\/futbolhoy.co\/index.php\/wp-json\/wp\/v2\/media?parent=102505"}],"wp:term":[{"taxonomy":"category","embeddable":true,"href":"https:\/\/futbolhoy.co\/index.php\/wp-json\/wp\/v2\/categories?post=102505"},{"taxonomy":"post_tag","embeddable":true,"href":"https:\/\/futbolhoy.co\/index.php\/wp-json\/wp\/v2\/tags?post=102505"}],"curies":[{"name":"wp","href":"https:\/\/api.w.org\/{rel}","templated":true}]}}