{"id":102508,"date":"2023-12-28T06:07:03","date_gmt":"2023-12-28T11:07:03","guid":{"rendered":"https:\/\/futbolhoy.co\/?p=102508"},"modified":"2023-12-28T17:43:51","modified_gmt":"2023-12-28T22:43:51","slug":"europa-sufrira-por-la-copa-de-africa","status":"publish","type":"post","link":"https:\/\/futbolhoy.co\/index.php\/2023\/12\/28\/europa-sufrira-por-la-copa-de-africa\/","title":{"rendered":"Europa sufrir\u00e1 por la Copa de \u00c1frica"},"content":{"rendered":"<p style=\"text-align: justify;\"><span lang=\"ES-MX\" style=\"font-family: helvetica, arial, sans-serif;\">Las cinco principales ligas de\u00a0<b>Europa\u00a0<\/b>perder\u00edan hasta\u00a0<b>226 jugadores<\/b>\u00a0durante un mes, cuando se lleve a cabo la\u00a0<b>Copa de \u00c1frica,<\/b>\u00a0entre el 13 de enero y el 11 de febrero.<\/span><\/p>\n<p style=\"text-align: justify;\"><span style=\"font-family: helvetica, arial, sans-serif;\"><b><span lang=\"ES-MX\">Francia, Italia, Espa\u00f1a, Alemania e Inglaterra<\/span><\/b><span lang=\"ES-MX\">\u00a0perder\u00e1n una gran cantidad de convocados a las\u00a0<b>24 selecciones<\/b>\u00a0que disputar\u00e1n el torneo continental en\u00a0<b>Costa de Marfil.<\/b><\/span><\/span><\/p>\n<p style=\"text-align: justify;\"><span style=\"font-family: helvetica, arial, sans-serif;\"><b><span lang=\"ES-MX\">La Ligue 1<\/span><\/b><span lang=\"ES-MX\">\u00a0ser\u00eda la m\u00e1s afectada, con 88 posibles citados; con 48, estar\u00eda la\u00a0<b>Liga Premier; la Serie A<\/b>\u00a0podr\u00eda quedarse sin 37 jugadores; la Liga espa\u00f1ola sin 27 y la\u00a0<b>Bundesliga<\/b>\u00a0sin 26.<\/span><\/span><\/p>\n<p style=\"text-align: justify;\"><span lang=\"ES-MX\" style=\"font-family: helvetica, arial, sans-serif;\">El club que m\u00e1s jugadores podr\u00eda perder ser\u00eda el\u00a0<b>Metz<\/b>\u00a0en Francia, con hasta 11 jugadores, Son Jallow, Traor\u00e9, Cand\u00e9, Ma\u00efga, Camara, Tetteh, Mbaye, Diall\u00f3, Oukidja, Van den Kerkhof y Sabaly.<\/span><\/p>\n<p style=\"text-align: justify;\"><span lang=\"ES-MX\" style=\"font-family: helvetica, arial, sans-serif;\">El segundo equipo m\u00e1s afectado del continente podr\u00eda ser el\u00a0<b>Nottingham Forest,<\/b>\u00a0con hasta 7 jugadores, Auier, Kouyat\u00e9, Sangar\u00e9, Aina, Boly, Awoniyi y Niakhat\u00e9.<\/span><\/p>\n<p style=\"text-align: justify;\"><span lang=\"ES-MX\" style=\"font-family: helvetica, arial, sans-serif;\">El equipo sensaci\u00f3n de Alemania,\u00a0<b>Bayer Leverkusen,<\/b>\u00a0podr\u00eda perder a Tapsoba, Kossounou, Boniface, Adli y Tella.<\/span><\/p>\n<p style=\"text-align: justify;\"><span lang=\"ES-MX\" style=\"font-family: helvetica, arial, sans-serif;\">En Espa\u00f1a,\u00a0<b>Almer\u00eda y Las Palmas,<\/b>\u00a0con cuatro posibles ausencias, son los m\u00e1s afectados de una competici\u00f3n en la que s\u00f3lo el\u00a0<b>Real Madrid, Barcelona, Getafe y Osasuna<\/b>\u00a0no perder\u00edan a ninguno de sus futbolistas.<\/span><\/p>\n<p style=\"text-align: justify;\"><span lang=\"ES-MX\" style=\"font-family: helvetica, arial, sans-serif;\">La Serie A de Italia, tendr\u00eda en el\u00a0<b>Udinese y la Salernitana,<\/b>\u00a0los m\u00e1s perjudicados, con cinco africanos que podr\u00edan participar en la competici\u00f3n y que en alguna ocasi\u00f3n han sido internacionales.<\/span><\/p>\n","protected":false},"excerpt":{"rendered":"<p>Las cinco principales ligas de\u00a0Europa\u00a0perder\u00edan hasta\u00a0226 jugadores\u00a0durante un mes, cuando se lleve a cabo la\u00a0Copa de \u00c1frica,\u00a0entre el 13 de enero y el 11 de febrero. Francia, Italia, Espa\u00f1a, Alemania e Inglaterra\u00a0perder\u00e1n una gran cantidad de convocados a las\u00a024 selecciones\u00a0que disputar\u00e1n el torneo continental en\u00a0Costa de Marfil. La Ligue 1\u00a0ser\u00eda la m\u00e1s afectada, con 88 [&hellip;]<\/p>\n","protected":false},"author":5,"featured_media":102509,"comment_status":"open","ping_status":"closed","sticky":false,"template":"","format":"standard","meta":{"_acf_changed":false,"footnotes":""},"categories":[152],"tags":[],"class_list":{"0":"post-102508","1":"post","2":"type-post","3":"status-publish","4":"format-standard","5":"has-post-thumbnail","7":"category-mundo-futbol"},"acf":[],"_links":{"self":[{"href":"https:\/\/futbolhoy.co\/index.php\/wp-json\/wp\/v2\/posts\/102508","targetHints":{"allow":["GET"]}}],"collection":[{"href":"https:\/\/futbolhoy.co\/index.php\/wp-json\/wp\/v2\/posts"}],"about":[{"href":"https:\/\/futbolhoy.co\/index.php\/wp-json\/wp\/v2\/types\/post"}],"author":[{"embeddable":true,"href":"https:\/\/futbolhoy.co\/index.php\/wp-json\/wp\/v2\/users\/5"}],"replies":[{"embeddable":true,"href":"https:\/\/futbolhoy.co\/index.php\/wp-json\/wp\/v2\/comments?post=102508"}],"version-history":[{"count":1,"href":"https:\/\/futbolhoy.co\/index.php\/wp-json\/wp\/v2\/posts\/102508\/revisions"}],"predecessor-version":[{"id":102510,"href":"https:\/\/futbolhoy.co\/index.php\/wp-json\/wp\/v2\/posts\/102508\/revisions\/102510"}],"wp:featuredmedia":[{"embeddable":true,"href":"https:\/\/futbolhoy.co\/index.php\/wp-json\/wp\/v2\/media\/102509"}],"wp:attachment":[{"href":"https:\/\/futbolhoy.co\/index.php\/wp-json\/wp\/v2\/media?parent=102508"}],"wp:term":[{"taxonomy":"category","embeddable":true,"href":"https:\/\/futbolhoy.co\/index.php\/wp-json\/wp\/v2\/categories?post=102508"},{"taxonomy":"post_tag","embeddable":true,"href":"https:\/\/futbolhoy.co\/index.php\/wp-json\/wp\/v2\/tags?post=102508"}],"curies":[{"name":"wp","href":"https:\/\/api.w.org\/{rel}","templated":true}]}}