{"id":102521,"date":"2023-12-28T11:19:02","date_gmt":"2023-12-28T16:19:02","guid":{"rendered":"https:\/\/futbolhoy.co\/?p=102521"},"modified":"2023-12-29T06:25:11","modified_gmt":"2023-12-29T11:25:11","slug":"armani-no-volvera-a-nacional","status":"publish","type":"post","link":"https:\/\/futbolhoy.co\/index.php\/2023\/12\/28\/armani-no-volvera-a-nacional\/","title":{"rendered":"Armani no volver\u00e1 a Nacional"},"content":{"rendered":"<p style=\"text-align: justify;\"><span lang=\"ES-MX\" style=\"font-family: helvetica, arial, sans-serif;\">El portero argentino\u00a0<b>Franco Armani no dejar\u00e1 River Plate para volver a Atl\u00e9tico Nacional<\/b>\u00a0en este mercado de transferencias, seg\u00fan pudo establecer\u00a0<i>TyC Sports<\/i>\u00a0con el entorno del jugador.<\/span><\/p>\n<p style=\"text-align: justify;\"><span lang=\"ES-MX\" style=\"font-family: helvetica, arial, sans-serif;\">El golero campe\u00f3n del mundo tiene contrato con\u00a0<b>\u2018El Millonario\u2019<\/b>\u00a0hasta diciembre de 2024 y lo piensa cumplir, en una temporada que afrontar\u00e1 como capit\u00e1n del equipo, ante la partida del volante\u00a0<b>Enzo P\u00e9rez.<\/b><\/span><\/p>\n<p style=\"text-align: justify;\"><span style=\"font-family: helvetica, arial, sans-serif;\"><b><span lang=\"ES-MX\">Armani (37)<\/span><\/b><span lang=\"ES-MX\">\u00a0expres\u00f3 hace un par de a\u00f1os su intenci\u00f3n de retirarse del f\u00fatbol profesional en el equipo antioque\u00f1o, donde es un absoluto \u00eddolo, luego de su decisiva contribuci\u00f3n para quedarse con la\u00a0<b>Copa Libertadores 2016,<\/b>\u00a0dentro de los 13 t\u00edtulos que alcanz\u00f3 con esa camiseta.<\/span><\/span><\/p>\n<p style=\"text-align: justify;\"><span lang=\"ES-MX\" style=\"font-family: helvetica, arial, sans-serif;\">El santafesino de\u00a0<b>Casilda<\/b>\u00a0disput\u00f3\u00a0<b>249 partidos con Nacional y recibi\u00f3 208 goles<\/b>\u00a0en las 8 temporadas que permaneci\u00f3 en el equipo, viendo su valla invicta en 105 oportunidades.<\/span><\/p>\n","protected":false},"excerpt":{"rendered":"<p>El portero argentino\u00a0Franco Armani no dejar\u00e1 River Plate para volver a Atl\u00e9tico Nacional\u00a0en este mercado de transferencias, seg\u00fan pudo establecer\u00a0TyC Sports\u00a0con el entorno del jugador. El golero campe\u00f3n del mundo tiene contrato con\u00a0\u2018El Millonario\u2019\u00a0hasta diciembre de 2024 y lo piensa cumplir, en una temporada que afrontar\u00e1 como capit\u00e1n del equipo, ante la partida del volante\u00a0Enzo [&hellip;]<\/p>\n","protected":false},"author":5,"featured_media":102522,"comment_status":"open","ping_status":"open","sticky":false,"template":"","format":"standard","meta":{"_acf_changed":false,"footnotes":""},"categories":[7],"tags":[],"class_list":{"0":"post-102521","1":"post","2":"type-post","3":"status-publish","4":"format-standard","5":"has-post-thumbnail","7":"category-liga-betplay"},"acf":[],"yoast_head":"<!-- This site is optimized with the Yoast SEO plugin v26.8 - https:\/\/yoast.com\/product\/yoast-seo-wordpress\/ -->\n<title>Armani no volver\u00e1 a Nacional -<\/title>\n<meta name=\"robots\" content=\"index, follow, max-snippet:-1, max-image-preview:large, max-video-preview:-1\" \/>\n<link rel=\"canonical\" href=\"https:\/\/futbolhoy.co\/index.php\/2023\/12\/28\/armani-no-volvera-a-nacional\/\" \/>\n<meta property=\"og:locale\" content=\"es_ES\" \/>\n<meta property=\"og:type\" content=\"article\" \/>\n<meta property=\"og:title\" content=\"Armani no volver\u00e1 a Nacional -\" \/>\n<meta property=\"og:description\" content=\"El portero argentino\u00a0Franco Armani no dejar\u00e1 River Plate para volver a Atl\u00e9tico Nacional\u00a0en este mercado de transferencias, seg\u00fan pudo establecer\u00a0TyC Sports\u00a0con el entorno del jugador. El golero campe\u00f3n del mundo tiene contrato con\u00a0\u2018El Millonario\u2019\u00a0hasta diciembre de 2024 y lo piensa cumplir, en una temporada que afrontar\u00e1 como capit\u00e1n del equipo, ante la partida del volante\u00a0Enzo [&hellip;]\" \/>\n<meta property=\"og:url\" content=\"https:\/\/futbolhoy.co\/index.php\/2023\/12\/28\/armani-no-volvera-a-nacional\/\" \/>\n<meta property=\"article:publisher\" content=\"https:\/\/www.facebook.com\/FutbolHoyCol\/\" \/>\n<meta property=\"article:published_time\" content=\"2023-12-28T16:19:02+00:00\" \/>\n<meta property=\"article:modified_time\" content=\"2023-12-29T11:25:11+00:00\" \/>\n<meta property=\"og:image\" content=\"https:\/\/futbolhoy.co\/wp-content\/uploads\/2023\/12\/20231229_011813.jpg\" \/>\n\t<meta property=\"og:image:width\" content=\"2048\" \/>\n\t<meta property=\"og:image:height\" content=\"2048\" \/>\n\t<meta property=\"og:image:type\" content=\"image\/jpeg\" \/>\n<meta name=\"author\" content=\"Laura Hern\u00e1ndez\" \/>\n<meta name=\"twitter:card\" content=\"summary_large_image\" \/>\n<meta name=\"twitter:creator\" content=\"@FutbolHoyCol\" \/>\n<meta name=\"twitter:site\" content=\"@FutbolHoyCol\" \/>\n<meta name=\"twitter:label1\" content=\"Escrito por\" \/>\n\t<meta name=\"twitter:data1\" content=\"Laura Hern\u00e1ndez\" \/>\n\t<meta name=\"twitter:label2\" content=\"Tiempo de lectura\" \/>\n\t<meta name=\"twitter:data2\" content=\"1 minuto\" \/>\n<script type=\"application\/ld+json\" class=\"yoast-schema-graph\">{\"@context\":\"https:\/\/schema.org\",\"@graph\":[{\"@type\":\"Article\",\"@id\":\"https:\/\/futbolhoy.co\/index.php\/2023\/12\/28\/armani-no-volvera-a-nacional\/#article\",\"isPartOf\":{\"@id\":\"https:\/\/futbolhoy.co\/index.php\/2023\/12\/28\/armani-no-volvera-a-nacional\/\"},\"author\":{\"name\":\"Laura Hern\u00e1ndez\",\"@id\":\"https:\/\/futbolhoy.co\/#\/schema\/person\/c4a353a512b127643723a34bb1812f7d\"},\"headline\":\"Armani no volver\u00e1 a Nacional\",\"datePublished\":\"2023-12-28T16:19:02+00:00\",\"dateModified\":\"2023-12-29T11:25:11+00:00\",\"mainEntityOfPage\":{\"@id\":\"https:\/\/futbolhoy.co\/index.php\/2023\/12\/28\/armani-no-volvera-a-nacional\/\"},\"wordCount\":146,\"commentCount\":0,\"publisher\":{\"@id\":\"https:\/\/futbolhoy.co\/#organization\"},\"image\":{\"@id\":\"https:\/\/futbolhoy.co\/index.php\/2023\/12\/28\/armani-no-volvera-a-nacional\/#primaryimage\"},\"thumbnailUrl\":\"https:\/\/futbolhoy.co\/wp-content\/uploads\/2023\/12\/20231229_011813.jpg\",\"articleSection\":[\"Liga BetPlay\"],\"inLanguage\":\"es\",\"potentialAction\":[{\"@type\":\"CommentAction\",\"name\":\"Comment\",\"target\":[\"https:\/\/futbolhoy.co\/index.php\/2023\/12\/28\/armani-no-volvera-a-nacional\/#respond\"]}]},{\"@type\":\"WebPage\",\"@id\":\"https:\/\/futbolhoy.co\/index.php\/2023\/12\/28\/armani-no-volvera-a-nacional\/\",\"url\":\"https:\/\/futbolhoy.co\/index.php\/2023\/12\/28\/armani-no-volvera-a-nacional\/\",\"name\":\"Armani no volver\u00e1 a Nacional -\",\"isPartOf\":{\"@id\":\"https:\/\/futbolhoy.co\/#website\"},\"primaryImageOfPage\":{\"@id\":\"https:\/\/futbolhoy.co\/index.php\/2023\/12\/28\/armani-no-volvera-a-nacional\/#primaryimage\"},\"image\":{\"@id\":\"https:\/\/futbolhoy.co\/index.php\/2023\/12\/28\/armani-no-volvera-a-nacional\/#primaryimage\"},\"thumbnailUrl\":\"https:\/\/futbolhoy.co\/wp-content\/uploads\/2023\/12\/20231229_011813.jpg\",\"datePublished\":\"2023-12-28T16:19:02+00:00\",\"dateModified\":\"2023-12-29T11:25:11+00:00\",\"breadcrumb\":{\"@id\":\"https:\/\/futbolhoy.co\/index.php\/2023\/12\/28\/armani-no-volvera-a-nacional\/#breadcrumb\"},\"inLanguage\":\"es\",\"potentialAction\":[{\"@type\":\"ReadAction\",\"target\":[\"https:\/\/futbolhoy.co\/index.php\/2023\/12\/28\/armani-no-volvera-a-nacional\/\"]}]},{\"@type\":\"ImageObject\",\"inLanguage\":\"es\",\"@id\":\"https:\/\/futbolhoy.co\/index.php\/2023\/12\/28\/armani-no-volvera-a-nacional\/#primaryimage\",\"url\":\"https:\/\/futbolhoy.co\/wp-content\/uploads\/2023\/12\/20231229_011813.jpg\",\"contentUrl\":\"https:\/\/futbolhoy.co\/wp-content\/uploads\/2023\/12\/20231229_011813.jpg\",\"width\":2048,\"height\":2048},{\"@type\":\"BreadcrumbList\",\"@id\":\"https:\/\/futbolhoy.co\/index.php\/2023\/12\/28\/armani-no-volvera-a-nacional\/#breadcrumb\",\"itemListElement\":[{\"@type\":\"ListItem\",\"position\":1,\"name\":\"Portada\",\"item\":\"https:\/\/futbolhoy.co\/\"},{\"@type\":\"ListItem\",\"position\":2,\"name\":\"Armani no volver\u00e1 a Nacional\"}]},{\"@type\":\"WebSite\",\"@id\":\"https:\/\/futbolhoy.co\/#website\",\"url\":\"https:\/\/futbolhoy.co\/\",\"name\":\"FutbolHoy\",\"description\":\"\",\"publisher\":{\"@id\":\"https:\/\/futbolhoy.co\/#organization\"},\"potentialAction\":[{\"@type\":\"SearchAction\",\"target\":{\"@type\":\"EntryPoint\",\"urlTemplate\":\"https:\/\/futbolhoy.co\/?s={search_term_string}\"},\"query-input\":{\"@type\":\"PropertyValueSpecification\",\"valueRequired\":true,\"valueName\":\"search_term_string\"}}],\"inLanguage\":\"es\"},{\"@type\":\"Organization\",\"@id\":\"https:\/\/futbolhoy.co\/#organization\",\"name\":\"Futbolhoy.co\",\"url\":\"https:\/\/futbolhoy.co\/\",\"logo\":{\"@type\":\"ImageObject\",\"inLanguage\":\"es\",\"@id\":\"https:\/\/futbolhoy.co\/#\/schema\/logo\/image\/\",\"url\":\"https:\/\/futbolhoy.co\/wp-content\/uploads\/2018\/08\/17426380_1906371736249227_6326180412931521141_n.jpg\",\"contentUrl\":\"https:\/\/futbolhoy.co\/wp-content\/uploads\/2018\/08\/17426380_1906371736249227_6326180412931521141_n.jpg\",\"width\":960,\"height\":960,\"caption\":\"Futbolhoy.co\"},\"image\":{\"@id\":\"https:\/\/futbolhoy.co\/#\/schema\/logo\/image\/\"},\"sameAs\":[\"https:\/\/www.facebook.com\/FutbolHoyCol\/\",\"https:\/\/x.com\/FutbolHoyCol\",\"https:\/\/www.instagram.com\/futbolhoycol\/\"]},{\"@type\":\"Person\",\"@id\":\"https:\/\/futbolhoy.co\/#\/schema\/person\/c4a353a512b127643723a34bb1812f7d\",\"name\":\"Laura Hern\u00e1ndez\",\"image\":{\"@type\":\"ImageObject\",\"inLanguage\":\"es\",\"@id\":\"https:\/\/futbolhoy.co\/#\/schema\/person\/image\/\",\"url\":\"https:\/\/secure.gravatar.com\/avatar\/d25959a15b9b293a743f99181c7cfd01?s=96&d=mm&r=g\",\"contentUrl\":\"https:\/\/secure.gravatar.com\/avatar\/d25959a15b9b293a743f99181c7cfd01?s=96&d=mm&r=g\",\"caption\":\"Laura Hern\u00e1ndez\"}}]}<\/script>\n<!-- \/ Yoast SEO plugin. -->","yoast_head_json":{"title":"Armani no volver\u00e1 a Nacional -","robots":{"index":"index","follow":"follow","max-snippet":"max-snippet:-1","max-image-preview":"max-image-preview:large","max-video-preview":"max-video-preview:-1"},"canonical":"https:\/\/futbolhoy.co\/index.php\/2023\/12\/28\/armani-no-volvera-a-nacional\/","og_locale":"es_ES","og_type":"article","og_title":"Armani no volver\u00e1 a Nacional -","og_description":"El portero argentino\u00a0Franco Armani no dejar\u00e1 River Plate para volver a Atl\u00e9tico Nacional\u00a0en este mercado de transferencias, seg\u00fan pudo establecer\u00a0TyC Sports\u00a0con el entorno del jugador. El golero campe\u00f3n del mundo tiene contrato con\u00a0\u2018El Millonario\u2019\u00a0hasta diciembre de 2024 y lo piensa cumplir, en una temporada que afrontar\u00e1 como capit\u00e1n del equipo, ante la partida del volante\u00a0Enzo [&hellip;]","og_url":"https:\/\/futbolhoy.co\/index.php\/2023\/12\/28\/armani-no-volvera-a-nacional\/","article_publisher":"https:\/\/www.facebook.com\/FutbolHoyCol\/","article_published_time":"2023-12-28T16:19:02+00:00","article_modified_time":"2023-12-29T11:25:11+00:00","og_image":[{"width":2048,"height":2048,"url":"https:\/\/futbolhoy.co\/wp-content\/uploads\/2023\/12\/20231229_011813.jpg","type":"image\/jpeg"}],"author":"Laura Hern\u00e1ndez","twitter_card":"summary_large_image","twitter_creator":"@FutbolHoyCol","twitter_site":"@FutbolHoyCol","twitter_misc":{"Escrito por":"Laura Hern\u00e1ndez","Tiempo de lectura":"1 minuto"},"schema":{"@context":"https:\/\/schema.org","@graph":[{"@type":"Article","@id":"https:\/\/futbolhoy.co\/index.php\/2023\/12\/28\/armani-no-volvera-a-nacional\/#article","isPartOf":{"@id":"https:\/\/futbolhoy.co\/index.php\/2023\/12\/28\/armani-no-volvera-a-nacional\/"},"author":{"name":"Laura Hern\u00e1ndez","@id":"https:\/\/futbolhoy.co\/#\/schema\/person\/c4a353a512b127643723a34bb1812f7d"},"headline":"Armani no volver\u00e1 a Nacional","datePublished":"2023-12-28T16:19:02+00:00","dateModified":"2023-12-29T11:25:11+00:00","mainEntityOfPage":{"@id":"https:\/\/futbolhoy.co\/index.php\/2023\/12\/28\/armani-no-volvera-a-nacional\/"},"wordCount":146,"commentCount":0,"publisher":{"@id":"https:\/\/futbolhoy.co\/#organization"},"image":{"@id":"https:\/\/futbolhoy.co\/index.php\/2023\/12\/28\/armani-no-volvera-a-nacional\/#primaryimage"},"thumbnailUrl":"https:\/\/futbolhoy.co\/wp-content\/uploads\/2023\/12\/20231229_011813.jpg","articleSection":["Liga BetPlay"],"inLanguage":"es","potentialAction":[{"@type":"CommentAction","name":"Comment","target":["https:\/\/futbolhoy.co\/index.php\/2023\/12\/28\/armani-no-volvera-a-nacional\/#respond"]}]},{"@type":"WebPage","@id":"https:\/\/futbolhoy.co\/index.php\/2023\/12\/28\/armani-no-volvera-a-nacional\/","url":"https:\/\/futbolhoy.co\/index.php\/2023\/12\/28\/armani-no-volvera-a-nacional\/","name":"Armani no volver\u00e1 a Nacional -","isPartOf":{"@id":"https:\/\/futbolhoy.co\/#website"},"primaryImageOfPage":{"@id":"https:\/\/futbolhoy.co\/index.php\/2023\/12\/28\/armani-no-volvera-a-nacional\/#primaryimage"},"image":{"@id":"https:\/\/futbolhoy.co\/index.php\/2023\/12\/28\/armani-no-volvera-a-nacional\/#primaryimage"},"thumbnailUrl":"https:\/\/futbolhoy.co\/wp-content\/uploads\/2023\/12\/20231229_011813.jpg","datePublished":"2023-12-28T16:19:02+00:00","dateModified":"2023-12-29T11:25:11+00:00","breadcrumb":{"@id":"https:\/\/futbolhoy.co\/index.php\/2023\/12\/28\/armani-no-volvera-a-nacional\/#breadcrumb"},"inLanguage":"es","potentialAction":[{"@type":"ReadAction","target":["https:\/\/futbolhoy.co\/index.php\/2023\/12\/28\/armani-no-volvera-a-nacional\/"]}]},{"@type":"ImageObject","inLanguage":"es","@id":"https:\/\/futbolhoy.co\/index.php\/2023\/12\/28\/armani-no-volvera-a-nacional\/#primaryimage","url":"https:\/\/futbolhoy.co\/wp-content\/uploads\/2023\/12\/20231229_011813.jpg","contentUrl":"https:\/\/futbolhoy.co\/wp-content\/uploads\/2023\/12\/20231229_011813.jpg","width":2048,"height":2048},{"@type":"BreadcrumbList","@id":"https:\/\/futbolhoy.co\/index.php\/2023\/12\/28\/armani-no-volvera-a-nacional\/#breadcrumb","itemListElement":[{"@type":"ListItem","position":1,"name":"Portada","item":"https:\/\/futbolhoy.co\/"},{"@type":"ListItem","position":2,"name":"Armani no volver\u00e1 a Nacional"}]},{"@type":"WebSite","@id":"https:\/\/futbolhoy.co\/#website","url":"https:\/\/futbolhoy.co\/","name":"FutbolHoy","description":"","publisher":{"@id":"https:\/\/futbolhoy.co\/#organization"},"potentialAction":[{"@type":"SearchAction","target":{"@type":"EntryPoint","urlTemplate":"https:\/\/futbolhoy.co\/?s={search_term_string}"},"query-input":{"@type":"PropertyValueSpecification","valueRequired":true,"valueName":"search_term_string"}}],"inLanguage":"es"},{"@type":"Organization","@id":"https:\/\/futbolhoy.co\/#organization","name":"Futbolhoy.co","url":"https:\/\/futbolhoy.co\/","logo":{"@type":"ImageObject","inLanguage":"es","@id":"https:\/\/futbolhoy.co\/#\/schema\/logo\/image\/","url":"https:\/\/futbolhoy.co\/wp-content\/uploads\/2018\/08\/17426380_1906371736249227_6326180412931521141_n.jpg","contentUrl":"https:\/\/futbolhoy.co\/wp-content\/uploads\/2018\/08\/17426380_1906371736249227_6326180412931521141_n.jpg","width":960,"height":960,"caption":"Futbolhoy.co"},"image":{"@id":"https:\/\/futbolhoy.co\/#\/schema\/logo\/image\/"},"sameAs":["https:\/\/www.facebook.com\/FutbolHoyCol\/","https:\/\/x.com\/FutbolHoyCol","https:\/\/www.instagram.com\/futbolhoycol\/"]},{"@type":"Person","@id":"https:\/\/futbolhoy.co\/#\/schema\/person\/c4a353a512b127643723a34bb1812f7d","name":"Laura Hern\u00e1ndez","image":{"@type":"ImageObject","inLanguage":"es","@id":"https:\/\/futbolhoy.co\/#\/schema\/person\/image\/","url":"https:\/\/secure.gravatar.com\/avatar\/d25959a15b9b293a743f99181c7cfd01?s=96&d=mm&r=g","contentUrl":"https:\/\/secure.gravatar.com\/avatar\/d25959a15b9b293a743f99181c7cfd01?s=96&d=mm&r=g","caption":"Laura Hern\u00e1ndez"}}]}},"publishpress_future_action":{"enabled":false,"date":"2026-05-06 12:56:02","action":"change-status","newStatus":"draft","terms":[],"taxonomy":"category","extraData":[]},"publishpress_future_workflow_manual_trigger":{"enabledWorkflows":[]},"_links":{"self":[{"href":"https:\/\/futbolhoy.co\/index.php\/wp-json\/wp\/v2\/posts\/102521","targetHints":{"allow":["GET"]}}],"collection":[{"href":"https:\/\/futbolhoy.co\/index.php\/wp-json\/wp\/v2\/posts"}],"about":[{"href":"https:\/\/futbolhoy.co\/index.php\/wp-json\/wp\/v2\/types\/post"}],"author":[{"embeddable":true,"href":"https:\/\/futbolhoy.co\/index.php\/wp-json\/wp\/v2\/users\/5"}],"replies":[{"embeddable":true,"href":"https:\/\/futbolhoy.co\/index.php\/wp-json\/wp\/v2\/comments?post=102521"}],"version-history":[{"count":1,"href":"https:\/\/futbolhoy.co\/index.php\/wp-json\/wp\/v2\/posts\/102521\/revisions"}],"predecessor-version":[{"id":102523,"href":"https:\/\/futbolhoy.co\/index.php\/wp-json\/wp\/v2\/posts\/102521\/revisions\/102523"}],"wp:featuredmedia":[{"embeddable":true,"href":"https:\/\/futbolhoy.co\/index.php\/wp-json\/wp\/v2\/media\/102522"}],"wp:attachment":[{"href":"https:\/\/futbolhoy.co\/index.php\/wp-json\/wp\/v2\/media?parent=102521"}],"wp:term":[{"taxonomy":"category","embeddable":true,"href":"https:\/\/futbolhoy.co\/index.php\/wp-json\/wp\/v2\/categories?post=102521"},{"taxonomy":"post_tag","embeddable":true,"href":"https:\/\/futbolhoy.co\/index.php\/wp-json\/wp\/v2\/tags?post=102521"}],"curies":[{"name":"wp","href":"https:\/\/api.w.org\/{rel}","templated":true}]}}