{"id":102536,"date":"2023-12-28T20:06:12","date_gmt":"2023-12-29T01:06:12","guid":{"rendered":"https:\/\/futbolhoy.co\/?p=102536"},"modified":"2023-12-29T12:32:53","modified_gmt":"2023-12-29T17:32:53","slug":"teofilo-gutierrez-hay-interes-del-junior","status":"publish","type":"post","link":"https:\/\/futbolhoy.co\/index.php\/2023\/12\/28\/teofilo-gutierrez-hay-interes-del-junior\/","title":{"rendered":"Te\u00f3filo Guti\u00e9rrez, \u00bfhay inter\u00e9s del Junior?"},"content":{"rendered":"<p style=\"text-align: justify;\"><span style=\"font-family: helvetica, arial, sans-serif;\"><strong>Te\u00f3filo Guti\u00e9rrez<\/strong> qued\u00f3 libre luego de terminar su v\u00ednculo con el <strong>Deportivo Cali.<\/strong> El futbolista, nuevamente fue vinculado con un posible regreso al <strong>Junior de Barranquilla<\/strong>, pero <strong>Fuad Char,<\/strong> m\u00e1ximo accionista del club, aclar\u00f3 la situaci\u00f3n.<\/span><\/p>\n<p style=\"text-align: justify;\"><span style=\"font-family: helvetica, arial, sans-serif;\">Antes de reunirse con <strong>V\u00edctor Cantillo,<\/strong> con quien todav\u00eda no hay acuerdo para que vuelva a la instituci\u00f3n, Fuad respondi\u00f3 con un \"No\" el supuesto inter\u00e9s de Junior por repatriarlo.<\/span><\/p>\n<p style=\"text-align: justify;\"><span style=\"font-family: helvetica, arial, sans-serif;\">Por su parte, sobre <strong>Yimmi Char\u00e1,<\/strong> manifest\u00f3 que est\u00e1 cerrado y ser\u00e1 anunciado en las pr\u00f3ximas horas, as\u00ed como tambi\u00e9n esperan oficializar a <strong>Rafa<\/strong>\u00a0P\u00e9rez. A <strong>Santiago Mele<\/strong>\u00a0deber\u00e1n ofrecerle otro contrato y analizar si se ejerce la opci\u00f3n de compra.<\/span><\/p>\n<p style=\"text-align: justify;\"><span style=\"font-family: helvetica, arial, sans-serif;\">Junior afrontar\u00e1 la <strong>Copa Libertadores 2024,<\/strong> por lo que ya ha anunciado contrataciones como la de <strong>Marco P\u00e9rez, Roberto Hinojosa y Fabi\u00e1n Cantillo.<\/strong> En cuanto a continuidad, <strong>Gabriel Fuentes<\/strong> ya qued\u00f3 asegurado y <strong>Jos\u00e9 Enamorado<\/strong> deber\u00eda quedar ligado una vez se adquieran sus servicios.<\/span><\/p>\n","protected":false},"excerpt":{"rendered":"<p>Te\u00f3filo Guti\u00e9rrez qued\u00f3 libre luego de terminar su v\u00ednculo con el Deportivo Cali. El futbolista, nuevamente fue vinculado con un posible regreso al Junior de Barranquilla, pero Fuad Char, m\u00e1ximo accionista del club, aclar\u00f3 la situaci\u00f3n. Antes de reunirse con V\u00edctor Cantillo, con quien todav\u00eda no hay acuerdo para que vuelva a la instituci\u00f3n, Fuad [&hellip;]<\/p>\n","protected":false},"author":4,"featured_media":37005,"comment_status":"open","ping_status":"open","sticky":false,"template":"","format":"standard","meta":{"_acf_changed":false,"footnotes":""},"categories":[7],"tags":[],"class_list":{"0":"post-102536","1":"post","2":"type-post","3":"status-publish","4":"format-standard","5":"has-post-thumbnail","7":"category-liga-betplay"},"acf":[],"yoast_head":"<!-- This site is optimized with the Yoast SEO plugin v26.8 - https:\/\/yoast.com\/product\/yoast-seo-wordpress\/ -->\n<title>Te\u00f3filo Guti\u00e9rrez, \u00bfhay inter\u00e9s del Junior? -<\/title>\n<meta name=\"robots\" content=\"index, follow, max-snippet:-1, max-image-preview:large, max-video-preview:-1\" \/>\n<link rel=\"canonical\" href=\"https:\/\/futbolhoy.co\/index.php\/2023\/12\/28\/teofilo-gutierrez-hay-interes-del-junior\/\" \/>\n<meta property=\"og:locale\" content=\"es_ES\" \/>\n<meta property=\"og:type\" content=\"article\" \/>\n<meta property=\"og:title\" content=\"Te\u00f3filo Guti\u00e9rrez, \u00bfhay inter\u00e9s del Junior? -\" \/>\n<meta property=\"og:description\" content=\"Te\u00f3filo Guti\u00e9rrez qued\u00f3 libre luego de terminar su v\u00ednculo con el Deportivo Cali. El futbolista, nuevamente fue vinculado con un posible regreso al Junior de Barranquilla, pero Fuad Char, m\u00e1ximo accionista del club, aclar\u00f3 la situaci\u00f3n. Antes de reunirse con V\u00edctor Cantillo, con quien todav\u00eda no hay acuerdo para que vuelva a la instituci\u00f3n, Fuad [&hellip;]\" \/>\n<meta property=\"og:url\" content=\"https:\/\/futbolhoy.co\/index.php\/2023\/12\/28\/teofilo-gutierrez-hay-interes-del-junior\/\" \/>\n<meta property=\"article:publisher\" content=\"https:\/\/www.facebook.com\/FutbolHoyCol\/\" \/>\n<meta property=\"article:published_time\" content=\"2023-12-29T01:06:12+00:00\" \/>\n<meta property=\"article:modified_time\" content=\"2023-12-29T17:32:53+00:00\" \/>\n<meta property=\"og:image\" content=\"https:\/\/futbolhoy.co\/wp-content\/uploads\/2019\/06\/Teo.jpg\" \/>\n\t<meta property=\"og:image:width\" content=\"680\" \/>\n\t<meta property=\"og:image:height\" content=\"454\" \/>\n\t<meta property=\"og:image:type\" content=\"image\/jpeg\" \/>\n<meta name=\"author\" content=\"contenido\" \/>\n<meta name=\"twitter:card\" content=\"summary_large_image\" \/>\n<meta name=\"twitter:creator\" content=\"@FutbolHoyCol\" \/>\n<meta name=\"twitter:site\" content=\"@FutbolHoyCol\" \/>\n<meta name=\"twitter:label1\" content=\"Escrito por\" \/>\n\t<meta name=\"twitter:data1\" content=\"contenido\" \/>\n\t<meta name=\"twitter:label2\" content=\"Tiempo de lectura\" \/>\n\t<meta name=\"twitter:data2\" content=\"1 minuto\" \/>\n<script type=\"application\/ld+json\" class=\"yoast-schema-graph\">{\"@context\":\"https:\/\/schema.org\",\"@graph\":[{\"@type\":\"Article\",\"@id\":\"https:\/\/futbolhoy.co\/index.php\/2023\/12\/28\/teofilo-gutierrez-hay-interes-del-junior\/#article\",\"isPartOf\":{\"@id\":\"https:\/\/futbolhoy.co\/index.php\/2023\/12\/28\/teofilo-gutierrez-hay-interes-del-junior\/\"},\"author\":{\"name\":\"contenido\",\"@id\":\"https:\/\/futbolhoy.co\/#\/schema\/person\/1721b69355b6623eaff15ac7b92d4cc3\"},\"headline\":\"Te\u00f3filo Guti\u00e9rrez, \u00bfhay inter\u00e9s del Junior?\",\"datePublished\":\"2023-12-29T01:06:12+00:00\",\"dateModified\":\"2023-12-29T17:32:53+00:00\",\"mainEntityOfPage\":{\"@id\":\"https:\/\/futbolhoy.co\/index.php\/2023\/12\/28\/teofilo-gutierrez-hay-interes-del-junior\/\"},\"wordCount\":176,\"commentCount\":0,\"publisher\":{\"@id\":\"https:\/\/futbolhoy.co\/#organization\"},\"image\":{\"@id\":\"https:\/\/futbolhoy.co\/index.php\/2023\/12\/28\/teofilo-gutierrez-hay-interes-del-junior\/#primaryimage\"},\"thumbnailUrl\":\"https:\/\/futbolhoy.co\/wp-content\/uploads\/2019\/06\/Teo.jpg\",\"articleSection\":[\"Liga BetPlay\"],\"inLanguage\":\"es\",\"potentialAction\":[{\"@type\":\"CommentAction\",\"name\":\"Comment\",\"target\":[\"https:\/\/futbolhoy.co\/index.php\/2023\/12\/28\/teofilo-gutierrez-hay-interes-del-junior\/#respond\"]}]},{\"@type\":\"WebPage\",\"@id\":\"https:\/\/futbolhoy.co\/index.php\/2023\/12\/28\/teofilo-gutierrez-hay-interes-del-junior\/\",\"url\":\"https:\/\/futbolhoy.co\/index.php\/2023\/12\/28\/teofilo-gutierrez-hay-interes-del-junior\/\",\"name\":\"Te\u00f3filo Guti\u00e9rrez, \u00bfhay inter\u00e9s del Junior? -\",\"isPartOf\":{\"@id\":\"https:\/\/futbolhoy.co\/#website\"},\"primaryImageOfPage\":{\"@id\":\"https:\/\/futbolhoy.co\/index.php\/2023\/12\/28\/teofilo-gutierrez-hay-interes-del-junior\/#primaryimage\"},\"image\":{\"@id\":\"https:\/\/futbolhoy.co\/index.php\/2023\/12\/28\/teofilo-gutierrez-hay-interes-del-junior\/#primaryimage\"},\"thumbnailUrl\":\"https:\/\/futbolhoy.co\/wp-content\/uploads\/2019\/06\/Teo.jpg\",\"datePublished\":\"2023-12-29T01:06:12+00:00\",\"dateModified\":\"2023-12-29T17:32:53+00:00\",\"breadcrumb\":{\"@id\":\"https:\/\/futbolhoy.co\/index.php\/2023\/12\/28\/teofilo-gutierrez-hay-interes-del-junior\/#breadcrumb\"},\"inLanguage\":\"es\",\"potentialAction\":[{\"@type\":\"ReadAction\",\"target\":[\"https:\/\/futbolhoy.co\/index.php\/2023\/12\/28\/teofilo-gutierrez-hay-interes-del-junior\/\"]}]},{\"@type\":\"ImageObject\",\"inLanguage\":\"es\",\"@id\":\"https:\/\/futbolhoy.co\/index.php\/2023\/12\/28\/teofilo-gutierrez-hay-interes-del-junior\/#primaryimage\",\"url\":\"https:\/\/futbolhoy.co\/wp-content\/uploads\/2019\/06\/Teo.jpg\",\"contentUrl\":\"https:\/\/futbolhoy.co\/wp-content\/uploads\/2019\/06\/Teo.jpg\",\"width\":680,\"height\":454,\"caption\":\"@juniorclubsa\"},{\"@type\":\"BreadcrumbList\",\"@id\":\"https:\/\/futbolhoy.co\/index.php\/2023\/12\/28\/teofilo-gutierrez-hay-interes-del-junior\/#breadcrumb\",\"itemListElement\":[{\"@type\":\"ListItem\",\"position\":1,\"name\":\"Portada\",\"item\":\"https:\/\/futbolhoy.co\/\"},{\"@type\":\"ListItem\",\"position\":2,\"name\":\"Te\u00f3filo Guti\u00e9rrez, \u00bfhay inter\u00e9s del Junior?\"}]},{\"@type\":\"WebSite\",\"@id\":\"https:\/\/futbolhoy.co\/#website\",\"url\":\"https:\/\/futbolhoy.co\/\",\"name\":\"FutbolHoy\",\"description\":\"\",\"publisher\":{\"@id\":\"https:\/\/futbolhoy.co\/#organization\"},\"potentialAction\":[{\"@type\":\"SearchAction\",\"target\":{\"@type\":\"EntryPoint\",\"urlTemplate\":\"https:\/\/futbolhoy.co\/?s={search_term_string}\"},\"query-input\":{\"@type\":\"PropertyValueSpecification\",\"valueRequired\":true,\"valueName\":\"search_term_string\"}}],\"inLanguage\":\"es\"},{\"@type\":\"Organization\",\"@id\":\"https:\/\/futbolhoy.co\/#organization\",\"name\":\"Futbolhoy.co\",\"url\":\"https:\/\/futbolhoy.co\/\",\"logo\":{\"@type\":\"ImageObject\",\"inLanguage\":\"es\",\"@id\":\"https:\/\/futbolhoy.co\/#\/schema\/logo\/image\/\",\"url\":\"https:\/\/futbolhoy.co\/wp-content\/uploads\/2018\/08\/17426380_1906371736249227_6326180412931521141_n.jpg\",\"contentUrl\":\"https:\/\/futbolhoy.co\/wp-content\/uploads\/2018\/08\/17426380_1906371736249227_6326180412931521141_n.jpg\",\"width\":960,\"height\":960,\"caption\":\"Futbolhoy.co\"},\"image\":{\"@id\":\"https:\/\/futbolhoy.co\/#\/schema\/logo\/image\/\"},\"sameAs\":[\"https:\/\/www.facebook.com\/FutbolHoyCol\/\",\"https:\/\/x.com\/FutbolHoyCol\",\"https:\/\/www.instagram.com\/futbolhoycol\/\"]},{\"@type\":\"Person\",\"@id\":\"https:\/\/futbolhoy.co\/#\/schema\/person\/1721b69355b6623eaff15ac7b92d4cc3\",\"name\":\"contenido\",\"image\":{\"@type\":\"ImageObject\",\"inLanguage\":\"es\",\"@id\":\"https:\/\/futbolhoy.co\/#\/schema\/person\/image\/\",\"url\":\"https:\/\/secure.gravatar.com\/avatar\/4f656d3256f5134f466206e7c3941518?s=96&d=mm&r=g\",\"contentUrl\":\"https:\/\/secure.gravatar.com\/avatar\/4f656d3256f5134f466206e7c3941518?s=96&d=mm&r=g\",\"caption\":\"contenido\"}}]}<\/script>\n<!-- \/ Yoast SEO plugin. -->","yoast_head_json":{"title":"Te\u00f3filo Guti\u00e9rrez, \u00bfhay inter\u00e9s del Junior? -","robots":{"index":"index","follow":"follow","max-snippet":"max-snippet:-1","max-image-preview":"max-image-preview:large","max-video-preview":"max-video-preview:-1"},"canonical":"https:\/\/futbolhoy.co\/index.php\/2023\/12\/28\/teofilo-gutierrez-hay-interes-del-junior\/","og_locale":"es_ES","og_type":"article","og_title":"Te\u00f3filo Guti\u00e9rrez, \u00bfhay inter\u00e9s del Junior? -","og_description":"Te\u00f3filo Guti\u00e9rrez qued\u00f3 libre luego de terminar su v\u00ednculo con el Deportivo Cali. El futbolista, nuevamente fue vinculado con un posible regreso al Junior de Barranquilla, pero Fuad Char, m\u00e1ximo accionista del club, aclar\u00f3 la situaci\u00f3n. Antes de reunirse con V\u00edctor Cantillo, con quien todav\u00eda no hay acuerdo para que vuelva a la instituci\u00f3n, Fuad [&hellip;]","og_url":"https:\/\/futbolhoy.co\/index.php\/2023\/12\/28\/teofilo-gutierrez-hay-interes-del-junior\/","article_publisher":"https:\/\/www.facebook.com\/FutbolHoyCol\/","article_published_time":"2023-12-29T01:06:12+00:00","article_modified_time":"2023-12-29T17:32:53+00:00","og_image":[{"width":680,"height":454,"url":"https:\/\/futbolhoy.co\/wp-content\/uploads\/2019\/06\/Teo.jpg","type":"image\/jpeg"}],"author":"contenido","twitter_card":"summary_large_image","twitter_creator":"@FutbolHoyCol","twitter_site":"@FutbolHoyCol","twitter_misc":{"Escrito por":"contenido","Tiempo de lectura":"1 minuto"},"schema":{"@context":"https:\/\/schema.org","@graph":[{"@type":"Article","@id":"https:\/\/futbolhoy.co\/index.php\/2023\/12\/28\/teofilo-gutierrez-hay-interes-del-junior\/#article","isPartOf":{"@id":"https:\/\/futbolhoy.co\/index.php\/2023\/12\/28\/teofilo-gutierrez-hay-interes-del-junior\/"},"author":{"name":"contenido","@id":"https:\/\/futbolhoy.co\/#\/schema\/person\/1721b69355b6623eaff15ac7b92d4cc3"},"headline":"Te\u00f3filo Guti\u00e9rrez, \u00bfhay inter\u00e9s del Junior?","datePublished":"2023-12-29T01:06:12+00:00","dateModified":"2023-12-29T17:32:53+00:00","mainEntityOfPage":{"@id":"https:\/\/futbolhoy.co\/index.php\/2023\/12\/28\/teofilo-gutierrez-hay-interes-del-junior\/"},"wordCount":176,"commentCount":0,"publisher":{"@id":"https:\/\/futbolhoy.co\/#organization"},"image":{"@id":"https:\/\/futbolhoy.co\/index.php\/2023\/12\/28\/teofilo-gutierrez-hay-interes-del-junior\/#primaryimage"},"thumbnailUrl":"https:\/\/futbolhoy.co\/wp-content\/uploads\/2019\/06\/Teo.jpg","articleSection":["Liga BetPlay"],"inLanguage":"es","potentialAction":[{"@type":"CommentAction","name":"Comment","target":["https:\/\/futbolhoy.co\/index.php\/2023\/12\/28\/teofilo-gutierrez-hay-interes-del-junior\/#respond"]}]},{"@type":"WebPage","@id":"https:\/\/futbolhoy.co\/index.php\/2023\/12\/28\/teofilo-gutierrez-hay-interes-del-junior\/","url":"https:\/\/futbolhoy.co\/index.php\/2023\/12\/28\/teofilo-gutierrez-hay-interes-del-junior\/","name":"Te\u00f3filo Guti\u00e9rrez, \u00bfhay inter\u00e9s del Junior? -","isPartOf":{"@id":"https:\/\/futbolhoy.co\/#website"},"primaryImageOfPage":{"@id":"https:\/\/futbolhoy.co\/index.php\/2023\/12\/28\/teofilo-gutierrez-hay-interes-del-junior\/#primaryimage"},"image":{"@id":"https:\/\/futbolhoy.co\/index.php\/2023\/12\/28\/teofilo-gutierrez-hay-interes-del-junior\/#primaryimage"},"thumbnailUrl":"https:\/\/futbolhoy.co\/wp-content\/uploads\/2019\/06\/Teo.jpg","datePublished":"2023-12-29T01:06:12+00:00","dateModified":"2023-12-29T17:32:53+00:00","breadcrumb":{"@id":"https:\/\/futbolhoy.co\/index.php\/2023\/12\/28\/teofilo-gutierrez-hay-interes-del-junior\/#breadcrumb"},"inLanguage":"es","potentialAction":[{"@type":"ReadAction","target":["https:\/\/futbolhoy.co\/index.php\/2023\/12\/28\/teofilo-gutierrez-hay-interes-del-junior\/"]}]},{"@type":"ImageObject","inLanguage":"es","@id":"https:\/\/futbolhoy.co\/index.php\/2023\/12\/28\/teofilo-gutierrez-hay-interes-del-junior\/#primaryimage","url":"https:\/\/futbolhoy.co\/wp-content\/uploads\/2019\/06\/Teo.jpg","contentUrl":"https:\/\/futbolhoy.co\/wp-content\/uploads\/2019\/06\/Teo.jpg","width":680,"height":454,"caption":"@juniorclubsa"},{"@type":"BreadcrumbList","@id":"https:\/\/futbolhoy.co\/index.php\/2023\/12\/28\/teofilo-gutierrez-hay-interes-del-junior\/#breadcrumb","itemListElement":[{"@type":"ListItem","position":1,"name":"Portada","item":"https:\/\/futbolhoy.co\/"},{"@type":"ListItem","position":2,"name":"Te\u00f3filo Guti\u00e9rrez, \u00bfhay inter\u00e9s del Junior?"}]},{"@type":"WebSite","@id":"https:\/\/futbolhoy.co\/#website","url":"https:\/\/futbolhoy.co\/","name":"FutbolHoy","description":"","publisher":{"@id":"https:\/\/futbolhoy.co\/#organization"},"potentialAction":[{"@type":"SearchAction","target":{"@type":"EntryPoint","urlTemplate":"https:\/\/futbolhoy.co\/?s={search_term_string}"},"query-input":{"@type":"PropertyValueSpecification","valueRequired":true,"valueName":"search_term_string"}}],"inLanguage":"es"},{"@type":"Organization","@id":"https:\/\/futbolhoy.co\/#organization","name":"Futbolhoy.co","url":"https:\/\/futbolhoy.co\/","logo":{"@type":"ImageObject","inLanguage":"es","@id":"https:\/\/futbolhoy.co\/#\/schema\/logo\/image\/","url":"https:\/\/futbolhoy.co\/wp-content\/uploads\/2018\/08\/17426380_1906371736249227_6326180412931521141_n.jpg","contentUrl":"https:\/\/futbolhoy.co\/wp-content\/uploads\/2018\/08\/17426380_1906371736249227_6326180412931521141_n.jpg","width":960,"height":960,"caption":"Futbolhoy.co"},"image":{"@id":"https:\/\/futbolhoy.co\/#\/schema\/logo\/image\/"},"sameAs":["https:\/\/www.facebook.com\/FutbolHoyCol\/","https:\/\/x.com\/FutbolHoyCol","https:\/\/www.instagram.com\/futbolhoycol\/"]},{"@type":"Person","@id":"https:\/\/futbolhoy.co\/#\/schema\/person\/1721b69355b6623eaff15ac7b92d4cc3","name":"contenido","image":{"@type":"ImageObject","inLanguage":"es","@id":"https:\/\/futbolhoy.co\/#\/schema\/person\/image\/","url":"https:\/\/secure.gravatar.com\/avatar\/4f656d3256f5134f466206e7c3941518?s=96&d=mm&r=g","contentUrl":"https:\/\/secure.gravatar.com\/avatar\/4f656d3256f5134f466206e7c3941518?s=96&d=mm&r=g","caption":"contenido"}}]}},"publishpress_future_action":{"enabled":false,"date":"2026-05-06 11:59:15","action":"change-status","newStatus":"draft","terms":[],"taxonomy":"category","extraData":[]},"publishpress_future_workflow_manual_trigger":{"enabledWorkflows":[]},"_links":{"self":[{"href":"https:\/\/futbolhoy.co\/index.php\/wp-json\/wp\/v2\/posts\/102536","targetHints":{"allow":["GET"]}}],"collection":[{"href":"https:\/\/futbolhoy.co\/index.php\/wp-json\/wp\/v2\/posts"}],"about":[{"href":"https:\/\/futbolhoy.co\/index.php\/wp-json\/wp\/v2\/types\/post"}],"author":[{"embeddable":true,"href":"https:\/\/futbolhoy.co\/index.php\/wp-json\/wp\/v2\/users\/4"}],"replies":[{"embeddable":true,"href":"https:\/\/futbolhoy.co\/index.php\/wp-json\/wp\/v2\/comments?post=102536"}],"version-history":[{"count":1,"href":"https:\/\/futbolhoy.co\/index.php\/wp-json\/wp\/v2\/posts\/102536\/revisions"}],"predecessor-version":[{"id":102537,"href":"https:\/\/futbolhoy.co\/index.php\/wp-json\/wp\/v2\/posts\/102536\/revisions\/102537"}],"wp:featuredmedia":[{"embeddable":true,"href":"https:\/\/futbolhoy.co\/index.php\/wp-json\/wp\/v2\/media\/37005"}],"wp:attachment":[{"href":"https:\/\/futbolhoy.co\/index.php\/wp-json\/wp\/v2\/media?parent=102536"}],"wp:term":[{"taxonomy":"category","embeddable":true,"href":"https:\/\/futbolhoy.co\/index.php\/wp-json\/wp\/v2\/categories?post=102536"},{"taxonomy":"post_tag","embeddable":true,"href":"https:\/\/futbolhoy.co\/index.php\/wp-json\/wp\/v2\/tags?post=102536"}],"curies":[{"name":"wp","href":"https:\/\/api.w.org\/{rel}","templated":true}]}}