{"id":102544,"date":"2023-12-29T06:32:26","date_gmt":"2023-12-29T11:32:26","guid":{"rendered":"https:\/\/futbolhoy.co\/?p=102544"},"modified":"2023-12-29T12:41:32","modified_gmt":"2023-12-29T17:41:32","slug":"catalina-usme-finalista-al-premio-reina-de-america","status":"publish","type":"post","link":"https:\/\/futbolhoy.co\/index.php\/2023\/12\/29\/catalina-usme-finalista-al-premio-reina-de-america\/","title":{"rendered":"Catalina Usme, finalista al premio Reina de Am\u00e9rica"},"content":{"rendered":"<p style=\"text-align: justify;\"><span style=\"font-family: helvetica, arial, sans-serif;\"><strong>Catalina Usme, <\/strong>figura del <strong>Am\u00e9rica de Cali<\/strong> y goleadora hist\u00f3rica de la <strong>Selecci\u00f3n Colombia,<\/strong> fue incluida entre las cuatro finalistas al premio<strong> Reina de Am\u00e9rica,<\/strong> entregado por el diario <strong><em>El Pa\u00eds<\/em><\/strong> de <strong>Uruguay.<\/strong> La antioque\u00f1a comparte la nominaci\u00f3n con tres futbolistas brasile\u00f1as.<\/span><\/p>\n<p style=\"text-align: justify;\"><span style=\"font-family: helvetica, arial, sans-serif;\"><strong>Millene,<\/strong> de <strong>Corinthians; Priscila,<\/strong> del <strong>Inter de Porto Alegre, y Bia Zaneratto<\/strong>, de <strong>Palmeiras,<\/strong> son las tres jugadoras con las que compite Catalina por el galard\u00f3n.<\/span><\/p>\n<p style=\"text-align: justify;\"><span style=\"font-family: helvetica, arial, sans-serif;\">Esta es la tercera versi\u00f3n del premio femenino.\u00a0 En su primera entrega en el 2021, Catalina Usme termin\u00f3 segunda, siendo superada por la brasile\u00f1a <strong>Tamires,<\/strong> por un solo voto. La vigente ganadora es <strong>Linda Caicedo.<\/strong><\/span><\/p>\n<p style=\"text-align: justify;\"><span style=\"font-family: helvetica, arial, sans-serif;\">Catalina, de 34 a\u00f1os, tendr\u00eda su primera experiencia en el f\u00fatbol internacional en el 2024. La antioque\u00f1a se marchar\u00eda del Am\u00e9rica de Cali y su pr\u00f3ximo destino ser\u00eda el <strong>Pachuca<\/strong> del f\u00fatbol mexicano.<\/span><\/p>\n<p style=\"text-align: justify;\"><span style=\"font-family: helvetica, arial, sans-serif;\">En la categor\u00eda masculina,<strong> Jhon Arias<\/strong> es finalista junto a los uruguayos <strong>Luis Su\u00e1rez y Nicol\u00e1s De La Cruz,<\/strong> y el argentino <strong>Germ\u00e1n Cano,<\/strong> su compa\u00f1ero de equipo en el <strong>Fluminense.<\/strong><\/span><\/p>\n","protected":false},"excerpt":{"rendered":"<p>Catalina Usme, figura del Am\u00e9rica de Cali y goleadora hist\u00f3rica de la Selecci\u00f3n Colombia, fue incluida entre las cuatro finalistas al premio Reina de Am\u00e9rica, entregado por el diario El Pa\u00eds de Uruguay. La antioque\u00f1a comparte la nominaci\u00f3n con tres futbolistas brasile\u00f1as. Millene, de Corinthians; Priscila, del Inter de Porto Alegre, y Bia Zaneratto, de [&hellip;]<\/p>\n","protected":false},"author":4,"featured_media":51496,"comment_status":"open","ping_status":"open","sticky":false,"template":"","format":"standard","meta":{"_acf_changed":false,"footnotes":""},"categories":[418],"tags":[],"class_list":{"0":"post-102544","1":"post","2":"type-post","3":"status-publish","4":"format-standard","5":"has-post-thumbnail","7":"category-colombia"},"acf":[],"yoast_head":"<!-- This site is optimized with the Yoast SEO plugin v26.8 - https:\/\/yoast.com\/product\/yoast-seo-wordpress\/ -->\n<title>Catalina Usme, finalista al premio Reina de Am\u00e9rica -<\/title>\n<meta name=\"robots\" content=\"index, follow, max-snippet:-1, max-image-preview:large, max-video-preview:-1\" \/>\n<link rel=\"canonical\" href=\"https:\/\/futbolhoy.co\/index.php\/2023\/12\/29\/catalina-usme-finalista-al-premio-reina-de-america\/\" \/>\n<meta property=\"og:locale\" content=\"es_ES\" \/>\n<meta property=\"og:type\" content=\"article\" \/>\n<meta property=\"og:title\" content=\"Catalina Usme, finalista al premio Reina de Am\u00e9rica -\" \/>\n<meta property=\"og:description\" content=\"Catalina Usme, figura del Am\u00e9rica de Cali y goleadora hist\u00f3rica de la Selecci\u00f3n Colombia, fue incluida entre las cuatro finalistas al premio Reina de Am\u00e9rica, entregado por el diario El Pa\u00eds de Uruguay. La antioque\u00f1a comparte la nominaci\u00f3n con tres futbolistas brasile\u00f1as. Millene, de Corinthians; Priscila, del Inter de Porto Alegre, y Bia Zaneratto, de [&hellip;]\" \/>\n<meta property=\"og:url\" content=\"https:\/\/futbolhoy.co\/index.php\/2023\/12\/29\/catalina-usme-finalista-al-premio-reina-de-america\/\" \/>\n<meta property=\"article:publisher\" content=\"https:\/\/www.facebook.com\/FutbolHoyCol\/\" \/>\n<meta property=\"article:published_time\" content=\"2023-12-29T11:32:26+00:00\" \/>\n<meta property=\"article:modified_time\" content=\"2023-12-29T17:41:32+00:00\" \/>\n<meta property=\"og:image\" content=\"https:\/\/futbolhoy.co\/wp-content\/uploads\/2020\/05\/CATALINA-USME.jpg\" \/>\n\t<meta property=\"og:image:width\" content=\"680\" \/>\n\t<meta property=\"og:image:height\" content=\"482\" \/>\n\t<meta property=\"og:image:type\" content=\"image\/jpeg\" \/>\n<meta name=\"author\" content=\"contenido\" \/>\n<meta name=\"twitter:card\" content=\"summary_large_image\" \/>\n<meta name=\"twitter:creator\" content=\"@FutbolHoyCol\" \/>\n<meta name=\"twitter:site\" content=\"@FutbolHoyCol\" \/>\n<meta name=\"twitter:label1\" content=\"Escrito por\" \/>\n\t<meta name=\"twitter:data1\" content=\"contenido\" \/>\n\t<meta name=\"twitter:label2\" content=\"Tiempo de lectura\" \/>\n\t<meta name=\"twitter:data2\" content=\"1 minuto\" \/>\n<script type=\"application\/ld+json\" class=\"yoast-schema-graph\">{\"@context\":\"https:\/\/schema.org\",\"@graph\":[{\"@type\":\"Article\",\"@id\":\"https:\/\/futbolhoy.co\/index.php\/2023\/12\/29\/catalina-usme-finalista-al-premio-reina-de-america\/#article\",\"isPartOf\":{\"@id\":\"https:\/\/futbolhoy.co\/index.php\/2023\/12\/29\/catalina-usme-finalista-al-premio-reina-de-america\/\"},\"author\":{\"name\":\"contenido\",\"@id\":\"https:\/\/futbolhoy.co\/#\/schema\/person\/1721b69355b6623eaff15ac7b92d4cc3\"},\"headline\":\"Catalina Usme, finalista al premio Reina de Am\u00e9rica\",\"datePublished\":\"2023-12-29T11:32:26+00:00\",\"dateModified\":\"2023-12-29T17:41:32+00:00\",\"mainEntityOfPage\":{\"@id\":\"https:\/\/futbolhoy.co\/index.php\/2023\/12\/29\/catalina-usme-finalista-al-premio-reina-de-america\/\"},\"wordCount\":198,\"commentCount\":0,\"publisher\":{\"@id\":\"https:\/\/futbolhoy.co\/#organization\"},\"image\":{\"@id\":\"https:\/\/futbolhoy.co\/index.php\/2023\/12\/29\/catalina-usme-finalista-al-premio-reina-de-america\/#primaryimage\"},\"thumbnailUrl\":\"https:\/\/futbolhoy.co\/wp-content\/uploads\/2020\/05\/CATALINA-USME.jpg\",\"articleSection\":[\"Colombia\"],\"inLanguage\":\"es\",\"potentialAction\":[{\"@type\":\"CommentAction\",\"name\":\"Comment\",\"target\":[\"https:\/\/futbolhoy.co\/index.php\/2023\/12\/29\/catalina-usme-finalista-al-premio-reina-de-america\/#respond\"]}]},{\"@type\":\"WebPage\",\"@id\":\"https:\/\/futbolhoy.co\/index.php\/2023\/12\/29\/catalina-usme-finalista-al-premio-reina-de-america\/\",\"url\":\"https:\/\/futbolhoy.co\/index.php\/2023\/12\/29\/catalina-usme-finalista-al-premio-reina-de-america\/\",\"name\":\"Catalina Usme, finalista al premio Reina de Am\u00e9rica -\",\"isPartOf\":{\"@id\":\"https:\/\/futbolhoy.co\/#website\"},\"primaryImageOfPage\":{\"@id\":\"https:\/\/futbolhoy.co\/index.php\/2023\/12\/29\/catalina-usme-finalista-al-premio-reina-de-america\/#primaryimage\"},\"image\":{\"@id\":\"https:\/\/futbolhoy.co\/index.php\/2023\/12\/29\/catalina-usme-finalista-al-premio-reina-de-america\/#primaryimage\"},\"thumbnailUrl\":\"https:\/\/futbolhoy.co\/wp-content\/uploads\/2020\/05\/CATALINA-USME.jpg\",\"datePublished\":\"2023-12-29T11:32:26+00:00\",\"dateModified\":\"2023-12-29T17:41:32+00:00\",\"breadcrumb\":{\"@id\":\"https:\/\/futbolhoy.co\/index.php\/2023\/12\/29\/catalina-usme-finalista-al-premio-reina-de-america\/#breadcrumb\"},\"inLanguage\":\"es\",\"potentialAction\":[{\"@type\":\"ReadAction\",\"target\":[\"https:\/\/futbolhoy.co\/index.php\/2023\/12\/29\/catalina-usme-finalista-al-premio-reina-de-america\/\"]}]},{\"@type\":\"ImageObject\",\"inLanguage\":\"es\",\"@id\":\"https:\/\/futbolhoy.co\/index.php\/2023\/12\/29\/catalina-usme-finalista-al-premio-reina-de-america\/#primaryimage\",\"url\":\"https:\/\/futbolhoy.co\/wp-content\/uploads\/2020\/05\/CATALINA-USME.jpg\",\"contentUrl\":\"https:\/\/futbolhoy.co\/wp-content\/uploads\/2020\/05\/CATALINA-USME.jpg\",\"width\":680,\"height\":482,\"caption\":\"Catalina Usme - Am\u00e9rica de Cali\"},{\"@type\":\"BreadcrumbList\",\"@id\":\"https:\/\/futbolhoy.co\/index.php\/2023\/12\/29\/catalina-usme-finalista-al-premio-reina-de-america\/#breadcrumb\",\"itemListElement\":[{\"@type\":\"ListItem\",\"position\":1,\"name\":\"Portada\",\"item\":\"https:\/\/futbolhoy.co\/\"},{\"@type\":\"ListItem\",\"position\":2,\"name\":\"Catalina Usme, finalista al premio Reina de Am\u00e9rica\"}]},{\"@type\":\"WebSite\",\"@id\":\"https:\/\/futbolhoy.co\/#website\",\"url\":\"https:\/\/futbolhoy.co\/\",\"name\":\"FutbolHoy\",\"description\":\"\",\"publisher\":{\"@id\":\"https:\/\/futbolhoy.co\/#organization\"},\"potentialAction\":[{\"@type\":\"SearchAction\",\"target\":{\"@type\":\"EntryPoint\",\"urlTemplate\":\"https:\/\/futbolhoy.co\/?s={search_term_string}\"},\"query-input\":{\"@type\":\"PropertyValueSpecification\",\"valueRequired\":true,\"valueName\":\"search_term_string\"}}],\"inLanguage\":\"es\"},{\"@type\":\"Organization\",\"@id\":\"https:\/\/futbolhoy.co\/#organization\",\"name\":\"Futbolhoy.co\",\"url\":\"https:\/\/futbolhoy.co\/\",\"logo\":{\"@type\":\"ImageObject\",\"inLanguage\":\"es\",\"@id\":\"https:\/\/futbolhoy.co\/#\/schema\/logo\/image\/\",\"url\":\"https:\/\/futbolhoy.co\/wp-content\/uploads\/2018\/08\/17426380_1906371736249227_6326180412931521141_n.jpg\",\"contentUrl\":\"https:\/\/futbolhoy.co\/wp-content\/uploads\/2018\/08\/17426380_1906371736249227_6326180412931521141_n.jpg\",\"width\":960,\"height\":960,\"caption\":\"Futbolhoy.co\"},\"image\":{\"@id\":\"https:\/\/futbolhoy.co\/#\/schema\/logo\/image\/\"},\"sameAs\":[\"https:\/\/www.facebook.com\/FutbolHoyCol\/\",\"https:\/\/x.com\/FutbolHoyCol\",\"https:\/\/www.instagram.com\/futbolhoycol\/\"]},{\"@type\":\"Person\",\"@id\":\"https:\/\/futbolhoy.co\/#\/schema\/person\/1721b69355b6623eaff15ac7b92d4cc3\",\"name\":\"contenido\",\"image\":{\"@type\":\"ImageObject\",\"inLanguage\":\"es\",\"@id\":\"https:\/\/futbolhoy.co\/#\/schema\/person\/image\/\",\"url\":\"https:\/\/secure.gravatar.com\/avatar\/4f656d3256f5134f466206e7c3941518?s=96&d=mm&r=g\",\"contentUrl\":\"https:\/\/secure.gravatar.com\/avatar\/4f656d3256f5134f466206e7c3941518?s=96&d=mm&r=g\",\"caption\":\"contenido\"}}]}<\/script>\n<!-- \/ Yoast SEO plugin. -->","yoast_head_json":{"title":"Catalina Usme, finalista al premio Reina de Am\u00e9rica -","robots":{"index":"index","follow":"follow","max-snippet":"max-snippet:-1","max-image-preview":"max-image-preview:large","max-video-preview":"max-video-preview:-1"},"canonical":"https:\/\/futbolhoy.co\/index.php\/2023\/12\/29\/catalina-usme-finalista-al-premio-reina-de-america\/","og_locale":"es_ES","og_type":"article","og_title":"Catalina Usme, finalista al premio Reina de Am\u00e9rica -","og_description":"Catalina Usme, figura del Am\u00e9rica de Cali y goleadora hist\u00f3rica de la Selecci\u00f3n Colombia, fue incluida entre las cuatro finalistas al premio Reina de Am\u00e9rica, entregado por el diario El Pa\u00eds de Uruguay. La antioque\u00f1a comparte la nominaci\u00f3n con tres futbolistas brasile\u00f1as. Millene, de Corinthians; Priscila, del Inter de Porto Alegre, y Bia Zaneratto, de [&hellip;]","og_url":"https:\/\/futbolhoy.co\/index.php\/2023\/12\/29\/catalina-usme-finalista-al-premio-reina-de-america\/","article_publisher":"https:\/\/www.facebook.com\/FutbolHoyCol\/","article_published_time":"2023-12-29T11:32:26+00:00","article_modified_time":"2023-12-29T17:41:32+00:00","og_image":[{"width":680,"height":482,"url":"https:\/\/futbolhoy.co\/wp-content\/uploads\/2020\/05\/CATALINA-USME.jpg","type":"image\/jpeg"}],"author":"contenido","twitter_card":"summary_large_image","twitter_creator":"@FutbolHoyCol","twitter_site":"@FutbolHoyCol","twitter_misc":{"Escrito por":"contenido","Tiempo de lectura":"1 minuto"},"schema":{"@context":"https:\/\/schema.org","@graph":[{"@type":"Article","@id":"https:\/\/futbolhoy.co\/index.php\/2023\/12\/29\/catalina-usme-finalista-al-premio-reina-de-america\/#article","isPartOf":{"@id":"https:\/\/futbolhoy.co\/index.php\/2023\/12\/29\/catalina-usme-finalista-al-premio-reina-de-america\/"},"author":{"name":"contenido","@id":"https:\/\/futbolhoy.co\/#\/schema\/person\/1721b69355b6623eaff15ac7b92d4cc3"},"headline":"Catalina Usme, finalista al premio Reina de Am\u00e9rica","datePublished":"2023-12-29T11:32:26+00:00","dateModified":"2023-12-29T17:41:32+00:00","mainEntityOfPage":{"@id":"https:\/\/futbolhoy.co\/index.php\/2023\/12\/29\/catalina-usme-finalista-al-premio-reina-de-america\/"},"wordCount":198,"commentCount":0,"publisher":{"@id":"https:\/\/futbolhoy.co\/#organization"},"image":{"@id":"https:\/\/futbolhoy.co\/index.php\/2023\/12\/29\/catalina-usme-finalista-al-premio-reina-de-america\/#primaryimage"},"thumbnailUrl":"https:\/\/futbolhoy.co\/wp-content\/uploads\/2020\/05\/CATALINA-USME.jpg","articleSection":["Colombia"],"inLanguage":"es","potentialAction":[{"@type":"CommentAction","name":"Comment","target":["https:\/\/futbolhoy.co\/index.php\/2023\/12\/29\/catalina-usme-finalista-al-premio-reina-de-america\/#respond"]}]},{"@type":"WebPage","@id":"https:\/\/futbolhoy.co\/index.php\/2023\/12\/29\/catalina-usme-finalista-al-premio-reina-de-america\/","url":"https:\/\/futbolhoy.co\/index.php\/2023\/12\/29\/catalina-usme-finalista-al-premio-reina-de-america\/","name":"Catalina Usme, finalista al premio Reina de Am\u00e9rica -","isPartOf":{"@id":"https:\/\/futbolhoy.co\/#website"},"primaryImageOfPage":{"@id":"https:\/\/futbolhoy.co\/index.php\/2023\/12\/29\/catalina-usme-finalista-al-premio-reina-de-america\/#primaryimage"},"image":{"@id":"https:\/\/futbolhoy.co\/index.php\/2023\/12\/29\/catalina-usme-finalista-al-premio-reina-de-america\/#primaryimage"},"thumbnailUrl":"https:\/\/futbolhoy.co\/wp-content\/uploads\/2020\/05\/CATALINA-USME.jpg","datePublished":"2023-12-29T11:32:26+00:00","dateModified":"2023-12-29T17:41:32+00:00","breadcrumb":{"@id":"https:\/\/futbolhoy.co\/index.php\/2023\/12\/29\/catalina-usme-finalista-al-premio-reina-de-america\/#breadcrumb"},"inLanguage":"es","potentialAction":[{"@type":"ReadAction","target":["https:\/\/futbolhoy.co\/index.php\/2023\/12\/29\/catalina-usme-finalista-al-premio-reina-de-america\/"]}]},{"@type":"ImageObject","inLanguage":"es","@id":"https:\/\/futbolhoy.co\/index.php\/2023\/12\/29\/catalina-usme-finalista-al-premio-reina-de-america\/#primaryimage","url":"https:\/\/futbolhoy.co\/wp-content\/uploads\/2020\/05\/CATALINA-USME.jpg","contentUrl":"https:\/\/futbolhoy.co\/wp-content\/uploads\/2020\/05\/CATALINA-USME.jpg","width":680,"height":482,"caption":"Catalina Usme - Am\u00e9rica de Cali"},{"@type":"BreadcrumbList","@id":"https:\/\/futbolhoy.co\/index.php\/2023\/12\/29\/catalina-usme-finalista-al-premio-reina-de-america\/#breadcrumb","itemListElement":[{"@type":"ListItem","position":1,"name":"Portada","item":"https:\/\/futbolhoy.co\/"},{"@type":"ListItem","position":2,"name":"Catalina Usme, finalista al premio Reina de Am\u00e9rica"}]},{"@type":"WebSite","@id":"https:\/\/futbolhoy.co\/#website","url":"https:\/\/futbolhoy.co\/","name":"FutbolHoy","description":"","publisher":{"@id":"https:\/\/futbolhoy.co\/#organization"},"potentialAction":[{"@type":"SearchAction","target":{"@type":"EntryPoint","urlTemplate":"https:\/\/futbolhoy.co\/?s={search_term_string}"},"query-input":{"@type":"PropertyValueSpecification","valueRequired":true,"valueName":"search_term_string"}}],"inLanguage":"es"},{"@type":"Organization","@id":"https:\/\/futbolhoy.co\/#organization","name":"Futbolhoy.co","url":"https:\/\/futbolhoy.co\/","logo":{"@type":"ImageObject","inLanguage":"es","@id":"https:\/\/futbolhoy.co\/#\/schema\/logo\/image\/","url":"https:\/\/futbolhoy.co\/wp-content\/uploads\/2018\/08\/17426380_1906371736249227_6326180412931521141_n.jpg","contentUrl":"https:\/\/futbolhoy.co\/wp-content\/uploads\/2018\/08\/17426380_1906371736249227_6326180412931521141_n.jpg","width":960,"height":960,"caption":"Futbolhoy.co"},"image":{"@id":"https:\/\/futbolhoy.co\/#\/schema\/logo\/image\/"},"sameAs":["https:\/\/www.facebook.com\/FutbolHoyCol\/","https:\/\/x.com\/FutbolHoyCol","https:\/\/www.instagram.com\/futbolhoycol\/"]},{"@type":"Person","@id":"https:\/\/futbolhoy.co\/#\/schema\/person\/1721b69355b6623eaff15ac7b92d4cc3","name":"contenido","image":{"@type":"ImageObject","inLanguage":"es","@id":"https:\/\/futbolhoy.co\/#\/schema\/person\/image\/","url":"https:\/\/secure.gravatar.com\/avatar\/4f656d3256f5134f466206e7c3941518?s=96&d=mm&r=g","contentUrl":"https:\/\/secure.gravatar.com\/avatar\/4f656d3256f5134f466206e7c3941518?s=96&d=mm&r=g","caption":"contenido"}}]}},"publishpress_future_action":{"enabled":false,"date":"2026-05-06 13:45:17","action":"change-status","newStatus":"draft","terms":[],"taxonomy":"category","extraData":[]},"publishpress_future_workflow_manual_trigger":{"enabledWorkflows":[]},"_links":{"self":[{"href":"https:\/\/futbolhoy.co\/index.php\/wp-json\/wp\/v2\/posts\/102544","targetHints":{"allow":["GET"]}}],"collection":[{"href":"https:\/\/futbolhoy.co\/index.php\/wp-json\/wp\/v2\/posts"}],"about":[{"href":"https:\/\/futbolhoy.co\/index.php\/wp-json\/wp\/v2\/types\/post"}],"author":[{"embeddable":true,"href":"https:\/\/futbolhoy.co\/index.php\/wp-json\/wp\/v2\/users\/4"}],"replies":[{"embeddable":true,"href":"https:\/\/futbolhoy.co\/index.php\/wp-json\/wp\/v2\/comments?post=102544"}],"version-history":[{"count":1,"href":"https:\/\/futbolhoy.co\/index.php\/wp-json\/wp\/v2\/posts\/102544\/revisions"}],"predecessor-version":[{"id":102545,"href":"https:\/\/futbolhoy.co\/index.php\/wp-json\/wp\/v2\/posts\/102544\/revisions\/102545"}],"wp:featuredmedia":[{"embeddable":true,"href":"https:\/\/futbolhoy.co\/index.php\/wp-json\/wp\/v2\/media\/51496"}],"wp:attachment":[{"href":"https:\/\/futbolhoy.co\/index.php\/wp-json\/wp\/v2\/media?parent=102544"}],"wp:term":[{"taxonomy":"category","embeddable":true,"href":"https:\/\/futbolhoy.co\/index.php\/wp-json\/wp\/v2\/categories?post=102544"},{"taxonomy":"post_tag","embeddable":true,"href":"https:\/\/futbolhoy.co\/index.php\/wp-json\/wp\/v2\/tags?post=102544"}],"curies":[{"name":"wp","href":"https:\/\/api.w.org\/{rel}","templated":true}]}}