{"id":102546,"date":"2023-12-29T07:51:00","date_gmt":"2023-12-29T12:51:00","guid":{"rendered":"https:\/\/futbolhoy.co\/?p=102546"},"modified":"2023-12-30T09:37:23","modified_gmt":"2023-12-30T14:37:23","slug":"ancelotti-le-da-la-espalda-a-brasil-y-renuevan-con-el-real-madrid","status":"publish","type":"post","link":"https:\/\/futbolhoy.co\/index.php\/2023\/12\/29\/ancelotti-le-da-la-espalda-a-brasil-y-renuevan-con-el-real-madrid\/","title":{"rendered":"Ancelotti le da la espalda a Brasil y renueva con el Real Madrid"},"content":{"rendered":"<p style=\"text-align: justify;\"><span style=\"font-family: helvetica, arial, sans-serif;\"><strong>Real Madrid<\/strong> anunci\u00f3 la renovaci\u00f3n del t\u00e9cnico italiano <strong>Carlo Ancelotti<\/strong> hasta el 30 de junio de 2026, extendiendo el v\u00ednculo que finalizaba al concluir la presente temporada.<\/span><\/p>\n<p style=\"text-align: justify;\"><span style=\"font-family: helvetica, arial, sans-serif;\">\"En sus cinco temporadas como entrenador del Real Madrid ha ganado 10 t\u00edtulos: <strong>2 Ligas de Campeones, 2 Mundiales de Clubes, 2 Supercopas de Europa, 1 Liga, 2 Copas del Rey y 1 Supercopa de Espa\u00f1a\u201d,<\/strong> se\u00f1ala el Real Madrid.<\/span><\/p>\n<p style=\"text-align: justify;\"><span style=\"font-family: helvetica, arial, sans-serif;\">Se trata de un nuevo contrato que pone fin a los rumores que colocaban a Ancelotti como seleccionador de <strong>Brasil<\/strong> a partir del pr\u00f3ximo 30 de junio.<\/span><\/p>\n<p style=\"text-align: justify;\"><span style=\"font-family: helvetica, arial, sans-serif;\">As\u00ed las cosas, el t\u00e9cnico de 64 a\u00f1os extiende su segunda etapa en el club merengue. La primera fue de 2013 a 2015 y la segunda desde 2021 hasta la actualidad, en la que ha dirigido 260 partidos con 188 ganados, 34 empatados, 38 perdidos para un rendimiento del 76,67 %.<\/span><\/p>\n","protected":false},"excerpt":{"rendered":"<p>Real Madrid anunci\u00f3 la renovaci\u00f3n del t\u00e9cnico italiano Carlo Ancelotti hasta el 30 de junio de 2026, extendiendo el v\u00ednculo que finalizaba al concluir la presente temporada. \"En sus cinco temporadas como entrenador del Real Madrid ha ganado 10 t\u00edtulos: 2 Ligas de Campeones, 2 Mundiales de Clubes, 2 Supercopas de Europa, 1 Liga, 2 [&hellip;]<\/p>\n","protected":false},"author":4,"featured_media":79650,"comment_status":"open","ping_status":"open","sticky":false,"template":"","format":"standard","meta":{"_acf_changed":false,"footnotes":""},"categories":[152],"tags":[],"class_list":{"0":"post-102546","1":"post","2":"type-post","3":"status-publish","4":"format-standard","5":"has-post-thumbnail","7":"category-mundo-futbol"},"acf":[],"yoast_head":"<!-- This site is optimized with the Yoast SEO plugin v26.8 - https:\/\/yoast.com\/product\/yoast-seo-wordpress\/ -->\n<title>Ancelotti le da la espalda a Brasil y renueva con el Real Madrid -<\/title>\n<meta name=\"robots\" content=\"index, follow, max-snippet:-1, max-image-preview:large, max-video-preview:-1\" \/>\n<link rel=\"canonical\" href=\"https:\/\/futbolhoy.co\/index.php\/2023\/12\/29\/ancelotti-le-da-la-espalda-a-brasil-y-renuevan-con-el-real-madrid\/\" \/>\n<meta property=\"og:locale\" content=\"es_ES\" \/>\n<meta property=\"og:type\" content=\"article\" \/>\n<meta property=\"og:title\" content=\"Ancelotti le da la espalda a Brasil y renueva con el Real Madrid -\" \/>\n<meta property=\"og:description\" content=\"Real Madrid anunci\u00f3 la renovaci\u00f3n del t\u00e9cnico italiano Carlo Ancelotti hasta el 30 de junio de 2026, extendiendo el v\u00ednculo que finalizaba al concluir la presente temporada. &quot;En sus cinco temporadas como entrenador del Real Madrid ha ganado 10 t\u00edtulos: 2 Ligas de Campeones, 2 Mundiales de Clubes, 2 Supercopas de Europa, 1 Liga, 2 [&hellip;]\" \/>\n<meta property=\"og:url\" content=\"https:\/\/futbolhoy.co\/index.php\/2023\/12\/29\/ancelotti-le-da-la-espalda-a-brasil-y-renuevan-con-el-real-madrid\/\" \/>\n<meta property=\"article:publisher\" content=\"https:\/\/www.facebook.com\/FutbolHoyCol\/\" \/>\n<meta property=\"article:published_time\" content=\"2023-12-29T12:51:00+00:00\" \/>\n<meta property=\"article:modified_time\" content=\"2023-12-30T14:37:23+00:00\" \/>\n<meta property=\"og:image\" content=\"https:\/\/futbolhoy.co\/wp-content\/uploads\/2022\/05\/Ancelotti.gif\" \/>\n\t<meta property=\"og:image:width\" content=\"653\" \/>\n\t<meta property=\"og:image:height\" content=\"599\" \/>\n\t<meta property=\"og:image:type\" content=\"image\/gif\" \/>\n<meta name=\"author\" content=\"contenido\" \/>\n<meta name=\"twitter:card\" content=\"summary_large_image\" \/>\n<meta name=\"twitter:creator\" content=\"@FutbolHoyCol\" \/>\n<meta name=\"twitter:site\" content=\"@FutbolHoyCol\" \/>\n<meta name=\"twitter:label1\" content=\"Escrito por\" \/>\n\t<meta name=\"twitter:data1\" content=\"contenido\" \/>\n\t<meta name=\"twitter:label2\" content=\"Tiempo de lectura\" \/>\n\t<meta name=\"twitter:data2\" content=\"1 minuto\" \/>\n<script type=\"application\/ld+json\" class=\"yoast-schema-graph\">{\"@context\":\"https:\/\/schema.org\",\"@graph\":[{\"@type\":\"Article\",\"@id\":\"https:\/\/futbolhoy.co\/index.php\/2023\/12\/29\/ancelotti-le-da-la-espalda-a-brasil-y-renuevan-con-el-real-madrid\/#article\",\"isPartOf\":{\"@id\":\"https:\/\/futbolhoy.co\/index.php\/2023\/12\/29\/ancelotti-le-da-la-espalda-a-brasil-y-renuevan-con-el-real-madrid\/\"},\"author\":{\"name\":\"contenido\",\"@id\":\"https:\/\/futbolhoy.co\/#\/schema\/person\/1721b69355b6623eaff15ac7b92d4cc3\"},\"headline\":\"Ancelotti le da la espalda a Brasil y renueva con el Real Madrid\",\"datePublished\":\"2023-12-29T12:51:00+00:00\",\"dateModified\":\"2023-12-30T14:37:23+00:00\",\"mainEntityOfPage\":{\"@id\":\"https:\/\/futbolhoy.co\/index.php\/2023\/12\/29\/ancelotti-le-da-la-espalda-a-brasil-y-renuevan-con-el-real-madrid\/\"},\"wordCount\":147,\"commentCount\":0,\"publisher\":{\"@id\":\"https:\/\/futbolhoy.co\/#organization\"},\"image\":{\"@id\":\"https:\/\/futbolhoy.co\/index.php\/2023\/12\/29\/ancelotti-le-da-la-espalda-a-brasil-y-renuevan-con-el-real-madrid\/#primaryimage\"},\"thumbnailUrl\":\"https:\/\/futbolhoy.co\/wp-content\/uploads\/2022\/05\/Ancelotti.gif\",\"articleSection\":[\"Mundo Futbol\"],\"inLanguage\":\"es\",\"potentialAction\":[{\"@type\":\"CommentAction\",\"name\":\"Comment\",\"target\":[\"https:\/\/futbolhoy.co\/index.php\/2023\/12\/29\/ancelotti-le-da-la-espalda-a-brasil-y-renuevan-con-el-real-madrid\/#respond\"]}]},{\"@type\":\"WebPage\",\"@id\":\"https:\/\/futbolhoy.co\/index.php\/2023\/12\/29\/ancelotti-le-da-la-espalda-a-brasil-y-renuevan-con-el-real-madrid\/\",\"url\":\"https:\/\/futbolhoy.co\/index.php\/2023\/12\/29\/ancelotti-le-da-la-espalda-a-brasil-y-renuevan-con-el-real-madrid\/\",\"name\":\"Ancelotti le da la espalda a Brasil y renueva con el Real Madrid -\",\"isPartOf\":{\"@id\":\"https:\/\/futbolhoy.co\/#website\"},\"primaryImageOfPage\":{\"@id\":\"https:\/\/futbolhoy.co\/index.php\/2023\/12\/29\/ancelotti-le-da-la-espalda-a-brasil-y-renuevan-con-el-real-madrid\/#primaryimage\"},\"image\":{\"@id\":\"https:\/\/futbolhoy.co\/index.php\/2023\/12\/29\/ancelotti-le-da-la-espalda-a-brasil-y-renuevan-con-el-real-madrid\/#primaryimage\"},\"thumbnailUrl\":\"https:\/\/futbolhoy.co\/wp-content\/uploads\/2022\/05\/Ancelotti.gif\",\"datePublished\":\"2023-12-29T12:51:00+00:00\",\"dateModified\":\"2023-12-30T14:37:23+00:00\",\"breadcrumb\":{\"@id\":\"https:\/\/futbolhoy.co\/index.php\/2023\/12\/29\/ancelotti-le-da-la-espalda-a-brasil-y-renuevan-con-el-real-madrid\/#breadcrumb\"},\"inLanguage\":\"es\",\"potentialAction\":[{\"@type\":\"ReadAction\",\"target\":[\"https:\/\/futbolhoy.co\/index.php\/2023\/12\/29\/ancelotti-le-da-la-espalda-a-brasil-y-renuevan-con-el-real-madrid\/\"]}]},{\"@type\":\"ImageObject\",\"inLanguage\":\"es\",\"@id\":\"https:\/\/futbolhoy.co\/index.php\/2023\/12\/29\/ancelotti-le-da-la-espalda-a-brasil-y-renuevan-con-el-real-madrid\/#primaryimage\",\"url\":\"https:\/\/futbolhoy.co\/wp-content\/uploads\/2022\/05\/Ancelotti.gif\",\"contentUrl\":\"https:\/\/futbolhoy.co\/wp-content\/uploads\/2022\/05\/Ancelotti.gif\",\"width\":653,\"height\":599},{\"@type\":\"BreadcrumbList\",\"@id\":\"https:\/\/futbolhoy.co\/index.php\/2023\/12\/29\/ancelotti-le-da-la-espalda-a-brasil-y-renuevan-con-el-real-madrid\/#breadcrumb\",\"itemListElement\":[{\"@type\":\"ListItem\",\"position\":1,\"name\":\"Portada\",\"item\":\"https:\/\/futbolhoy.co\/\"},{\"@type\":\"ListItem\",\"position\":2,\"name\":\"Ancelotti le da la espalda a Brasil y renueva con el Real Madrid\"}]},{\"@type\":\"WebSite\",\"@id\":\"https:\/\/futbolhoy.co\/#website\",\"url\":\"https:\/\/futbolhoy.co\/\",\"name\":\"FutbolHoy\",\"description\":\"\",\"publisher\":{\"@id\":\"https:\/\/futbolhoy.co\/#organization\"},\"potentialAction\":[{\"@type\":\"SearchAction\",\"target\":{\"@type\":\"EntryPoint\",\"urlTemplate\":\"https:\/\/futbolhoy.co\/?s={search_term_string}\"},\"query-input\":{\"@type\":\"PropertyValueSpecification\",\"valueRequired\":true,\"valueName\":\"search_term_string\"}}],\"inLanguage\":\"es\"},{\"@type\":\"Organization\",\"@id\":\"https:\/\/futbolhoy.co\/#organization\",\"name\":\"Futbolhoy.co\",\"url\":\"https:\/\/futbolhoy.co\/\",\"logo\":{\"@type\":\"ImageObject\",\"inLanguage\":\"es\",\"@id\":\"https:\/\/futbolhoy.co\/#\/schema\/logo\/image\/\",\"url\":\"https:\/\/futbolhoy.co\/wp-content\/uploads\/2018\/08\/17426380_1906371736249227_6326180412931521141_n.jpg\",\"contentUrl\":\"https:\/\/futbolhoy.co\/wp-content\/uploads\/2018\/08\/17426380_1906371736249227_6326180412931521141_n.jpg\",\"width\":960,\"height\":960,\"caption\":\"Futbolhoy.co\"},\"image\":{\"@id\":\"https:\/\/futbolhoy.co\/#\/schema\/logo\/image\/\"},\"sameAs\":[\"https:\/\/www.facebook.com\/FutbolHoyCol\/\",\"https:\/\/x.com\/FutbolHoyCol\",\"https:\/\/www.instagram.com\/futbolhoycol\/\"]},{\"@type\":\"Person\",\"@id\":\"https:\/\/futbolhoy.co\/#\/schema\/person\/1721b69355b6623eaff15ac7b92d4cc3\",\"name\":\"contenido\",\"image\":{\"@type\":\"ImageObject\",\"inLanguage\":\"es\",\"@id\":\"https:\/\/futbolhoy.co\/#\/schema\/person\/image\/\",\"url\":\"https:\/\/secure.gravatar.com\/avatar\/4f656d3256f5134f466206e7c3941518?s=96&d=mm&r=g\",\"contentUrl\":\"https:\/\/secure.gravatar.com\/avatar\/4f656d3256f5134f466206e7c3941518?s=96&d=mm&r=g\",\"caption\":\"contenido\"}}]}<\/script>\n<!-- \/ Yoast SEO plugin. -->","yoast_head_json":{"title":"Ancelotti le da la espalda a Brasil y renueva con el Real Madrid -","robots":{"index":"index","follow":"follow","max-snippet":"max-snippet:-1","max-image-preview":"max-image-preview:large","max-video-preview":"max-video-preview:-1"},"canonical":"https:\/\/futbolhoy.co\/index.php\/2023\/12\/29\/ancelotti-le-da-la-espalda-a-brasil-y-renuevan-con-el-real-madrid\/","og_locale":"es_ES","og_type":"article","og_title":"Ancelotti le da la espalda a Brasil y renueva con el Real Madrid -","og_description":"Real Madrid anunci\u00f3 la renovaci\u00f3n del t\u00e9cnico italiano Carlo Ancelotti hasta el 30 de junio de 2026, extendiendo el v\u00ednculo que finalizaba al concluir la presente temporada. \"En sus cinco temporadas como entrenador del Real Madrid ha ganado 10 t\u00edtulos: 2 Ligas de Campeones, 2 Mundiales de Clubes, 2 Supercopas de Europa, 1 Liga, 2 [&hellip;]","og_url":"https:\/\/futbolhoy.co\/index.php\/2023\/12\/29\/ancelotti-le-da-la-espalda-a-brasil-y-renuevan-con-el-real-madrid\/","article_publisher":"https:\/\/www.facebook.com\/FutbolHoyCol\/","article_published_time":"2023-12-29T12:51:00+00:00","article_modified_time":"2023-12-30T14:37:23+00:00","og_image":[{"width":653,"height":599,"url":"https:\/\/futbolhoy.co\/wp-content\/uploads\/2022\/05\/Ancelotti.gif","type":"image\/gif"}],"author":"contenido","twitter_card":"summary_large_image","twitter_creator":"@FutbolHoyCol","twitter_site":"@FutbolHoyCol","twitter_misc":{"Escrito por":"contenido","Tiempo de lectura":"1 minuto"},"schema":{"@context":"https:\/\/schema.org","@graph":[{"@type":"Article","@id":"https:\/\/futbolhoy.co\/index.php\/2023\/12\/29\/ancelotti-le-da-la-espalda-a-brasil-y-renuevan-con-el-real-madrid\/#article","isPartOf":{"@id":"https:\/\/futbolhoy.co\/index.php\/2023\/12\/29\/ancelotti-le-da-la-espalda-a-brasil-y-renuevan-con-el-real-madrid\/"},"author":{"name":"contenido","@id":"https:\/\/futbolhoy.co\/#\/schema\/person\/1721b69355b6623eaff15ac7b92d4cc3"},"headline":"Ancelotti le da la espalda a Brasil y renueva con el Real Madrid","datePublished":"2023-12-29T12:51:00+00:00","dateModified":"2023-12-30T14:37:23+00:00","mainEntityOfPage":{"@id":"https:\/\/futbolhoy.co\/index.php\/2023\/12\/29\/ancelotti-le-da-la-espalda-a-brasil-y-renuevan-con-el-real-madrid\/"},"wordCount":147,"commentCount":0,"publisher":{"@id":"https:\/\/futbolhoy.co\/#organization"},"image":{"@id":"https:\/\/futbolhoy.co\/index.php\/2023\/12\/29\/ancelotti-le-da-la-espalda-a-brasil-y-renuevan-con-el-real-madrid\/#primaryimage"},"thumbnailUrl":"https:\/\/futbolhoy.co\/wp-content\/uploads\/2022\/05\/Ancelotti.gif","articleSection":["Mundo Futbol"],"inLanguage":"es","potentialAction":[{"@type":"CommentAction","name":"Comment","target":["https:\/\/futbolhoy.co\/index.php\/2023\/12\/29\/ancelotti-le-da-la-espalda-a-brasil-y-renuevan-con-el-real-madrid\/#respond"]}]},{"@type":"WebPage","@id":"https:\/\/futbolhoy.co\/index.php\/2023\/12\/29\/ancelotti-le-da-la-espalda-a-brasil-y-renuevan-con-el-real-madrid\/","url":"https:\/\/futbolhoy.co\/index.php\/2023\/12\/29\/ancelotti-le-da-la-espalda-a-brasil-y-renuevan-con-el-real-madrid\/","name":"Ancelotti le da la espalda a Brasil y renueva con el Real Madrid -","isPartOf":{"@id":"https:\/\/futbolhoy.co\/#website"},"primaryImageOfPage":{"@id":"https:\/\/futbolhoy.co\/index.php\/2023\/12\/29\/ancelotti-le-da-la-espalda-a-brasil-y-renuevan-con-el-real-madrid\/#primaryimage"},"image":{"@id":"https:\/\/futbolhoy.co\/index.php\/2023\/12\/29\/ancelotti-le-da-la-espalda-a-brasil-y-renuevan-con-el-real-madrid\/#primaryimage"},"thumbnailUrl":"https:\/\/futbolhoy.co\/wp-content\/uploads\/2022\/05\/Ancelotti.gif","datePublished":"2023-12-29T12:51:00+00:00","dateModified":"2023-12-30T14:37:23+00:00","breadcrumb":{"@id":"https:\/\/futbolhoy.co\/index.php\/2023\/12\/29\/ancelotti-le-da-la-espalda-a-brasil-y-renuevan-con-el-real-madrid\/#breadcrumb"},"inLanguage":"es","potentialAction":[{"@type":"ReadAction","target":["https:\/\/futbolhoy.co\/index.php\/2023\/12\/29\/ancelotti-le-da-la-espalda-a-brasil-y-renuevan-con-el-real-madrid\/"]}]},{"@type":"ImageObject","inLanguage":"es","@id":"https:\/\/futbolhoy.co\/index.php\/2023\/12\/29\/ancelotti-le-da-la-espalda-a-brasil-y-renuevan-con-el-real-madrid\/#primaryimage","url":"https:\/\/futbolhoy.co\/wp-content\/uploads\/2022\/05\/Ancelotti.gif","contentUrl":"https:\/\/futbolhoy.co\/wp-content\/uploads\/2022\/05\/Ancelotti.gif","width":653,"height":599},{"@type":"BreadcrumbList","@id":"https:\/\/futbolhoy.co\/index.php\/2023\/12\/29\/ancelotti-le-da-la-espalda-a-brasil-y-renuevan-con-el-real-madrid\/#breadcrumb","itemListElement":[{"@type":"ListItem","position":1,"name":"Portada","item":"https:\/\/futbolhoy.co\/"},{"@type":"ListItem","position":2,"name":"Ancelotti le da la espalda a Brasil y renueva con el Real Madrid"}]},{"@type":"WebSite","@id":"https:\/\/futbolhoy.co\/#website","url":"https:\/\/futbolhoy.co\/","name":"FutbolHoy","description":"","publisher":{"@id":"https:\/\/futbolhoy.co\/#organization"},"potentialAction":[{"@type":"SearchAction","target":{"@type":"EntryPoint","urlTemplate":"https:\/\/futbolhoy.co\/?s={search_term_string}"},"query-input":{"@type":"PropertyValueSpecification","valueRequired":true,"valueName":"search_term_string"}}],"inLanguage":"es"},{"@type":"Organization","@id":"https:\/\/futbolhoy.co\/#organization","name":"Futbolhoy.co","url":"https:\/\/futbolhoy.co\/","logo":{"@type":"ImageObject","inLanguage":"es","@id":"https:\/\/futbolhoy.co\/#\/schema\/logo\/image\/","url":"https:\/\/futbolhoy.co\/wp-content\/uploads\/2018\/08\/17426380_1906371736249227_6326180412931521141_n.jpg","contentUrl":"https:\/\/futbolhoy.co\/wp-content\/uploads\/2018\/08\/17426380_1906371736249227_6326180412931521141_n.jpg","width":960,"height":960,"caption":"Futbolhoy.co"},"image":{"@id":"https:\/\/futbolhoy.co\/#\/schema\/logo\/image\/"},"sameAs":["https:\/\/www.facebook.com\/FutbolHoyCol\/","https:\/\/x.com\/FutbolHoyCol","https:\/\/www.instagram.com\/futbolhoycol\/"]},{"@type":"Person","@id":"https:\/\/futbolhoy.co\/#\/schema\/person\/1721b69355b6623eaff15ac7b92d4cc3","name":"contenido","image":{"@type":"ImageObject","inLanguage":"es","@id":"https:\/\/futbolhoy.co\/#\/schema\/person\/image\/","url":"https:\/\/secure.gravatar.com\/avatar\/4f656d3256f5134f466206e7c3941518?s=96&d=mm&r=g","contentUrl":"https:\/\/secure.gravatar.com\/avatar\/4f656d3256f5134f466206e7c3941518?s=96&d=mm&r=g","caption":"contenido"}}]}},"publishpress_future_action":{"enabled":false,"date":"2026-05-06 13:55:15","action":"change-status","newStatus":"draft","terms":[],"taxonomy":"category","extraData":[]},"publishpress_future_workflow_manual_trigger":{"enabledWorkflows":[]},"_links":{"self":[{"href":"https:\/\/futbolhoy.co\/index.php\/wp-json\/wp\/v2\/posts\/102546","targetHints":{"allow":["GET"]}}],"collection":[{"href":"https:\/\/futbolhoy.co\/index.php\/wp-json\/wp\/v2\/posts"}],"about":[{"href":"https:\/\/futbolhoy.co\/index.php\/wp-json\/wp\/v2\/types\/post"}],"author":[{"embeddable":true,"href":"https:\/\/futbolhoy.co\/index.php\/wp-json\/wp\/v2\/users\/4"}],"replies":[{"embeddable":true,"href":"https:\/\/futbolhoy.co\/index.php\/wp-json\/wp\/v2\/comments?post=102546"}],"version-history":[{"count":2,"href":"https:\/\/futbolhoy.co\/index.php\/wp-json\/wp\/v2\/posts\/102546\/revisions"}],"predecessor-version":[{"id":102548,"href":"https:\/\/futbolhoy.co\/index.php\/wp-json\/wp\/v2\/posts\/102546\/revisions\/102548"}],"wp:featuredmedia":[{"embeddable":true,"href":"https:\/\/futbolhoy.co\/index.php\/wp-json\/wp\/v2\/media\/79650"}],"wp:attachment":[{"href":"https:\/\/futbolhoy.co\/index.php\/wp-json\/wp\/v2\/media?parent=102546"}],"wp:term":[{"taxonomy":"category","embeddable":true,"href":"https:\/\/futbolhoy.co\/index.php\/wp-json\/wp\/v2\/categories?post=102546"},{"taxonomy":"post_tag","embeddable":true,"href":"https:\/\/futbolhoy.co\/index.php\/wp-json\/wp\/v2\/tags?post=102546"}],"curies":[{"name":"wp","href":"https:\/\/api.w.org\/{rel}","templated":true}]}}