{"id":102554,"date":"2023-12-29T12:29:05","date_gmt":"2023-12-29T17:29:05","guid":{"rendered":"https:\/\/futbolhoy.co\/?p=102554"},"modified":"2023-12-30T11:04:08","modified_gmt":"2023-12-30T16:04:08","slug":"guardiola-el-mejor-dt-del-ano-para-la-iffhs","status":"publish","type":"post","link":"https:\/\/futbolhoy.co\/index.php\/2023\/12\/29\/guardiola-el-mejor-dt-del-ano-para-la-iffhs\/","title":{"rendered":"Guardiola, el mejor DT del a\u00f1o para la IFFHS"},"content":{"rendered":"<p style=\"text-align: justify;\"><span style=\"font-family: helvetica, arial, sans-serif;\"><strong>Josep Guardiola,<\/strong> director t\u00e9cnico de <strong>Manchester City,<\/strong> fue elegido como el mejor entrenador de 2023 por la <strong>Federaci\u00f3n Internacional de Historia y Estad\u00edstica de Futbol (IFFHS)<\/strong>, reemplazando en el primer lugar a Lionel Scaloni, ganador del 2022.<\/span><\/p>\n<p style=\"text-align: justify;\"><span style=\"font-family: helvetica, arial, sans-serif;\">El espa\u00f1ol super\u00f3 por gran margen al italiano del<strong> Real Madrid, Carlo Ancelotti<\/strong> y gan\u00f3 el tercer premio de la <strong>IFFHS,<\/strong> tras el obtenido en 2009 y 2011. Est\u00e1 entre los cinco mejores del mundo desde hace 14 a\u00f1os.<\/span><\/p>\n<p style=\"text-align: justify;\"><span style=\"font-family: helvetica, arial, sans-serif;\">Durante el 2023, el gan\u00f3 todo lo que disput\u00f3: <strong>Premier League,Copa FA, la Liga de Campeones, la Supercopa de Europa y la Copa Mundial de Clubes de la FIFA.<\/strong><\/span><\/p>\n<p style=\"text-align: justify;\"><span style=\"font-family: helvetica, arial, sans-serif;\">Scaloni, tras vencer en 2022, no figura entre los 10 mejores del 2023, en parte porque solo disput\u00f3 Eliminatorias y amistosos.<\/span><\/p>\n<p style=\"text-align: justify;\"><strong><span style=\"font-family: helvetica, arial, sans-serif;\">Los 10 mejores entrenadores de 2023 son<\/span><\/strong><\/p>\n<p style=\"text-align: justify;\"><span style=\"font-family: helvetica, arial, sans-serif;\">.1) Pep Guardiola (Espa\u00f1a-Manchester City) 281<\/span><\/p>\n<p style=\"text-align: justify;\"><span style=\"font-family: helvetica, arial, sans-serif;\">.2) Carlo Ancelotti (Italia-Real Madrid) 56<\/span><\/p>\n<p style=\"text-align: justify;\"><span style=\"font-family: helvetica, arial, sans-serif;\">.3) Luciano Spaletti (Italia-N\u00e1poli) 53<\/span><\/p>\n<p style=\"text-align: justify;\"><span style=\"font-family: helvetica, arial, sans-serif;\">.4) Simone Inzaghi (Italia-Inter) 51<\/span><\/p>\n<p style=\"text-align: justify;\"><span style=\"font-family: helvetica, arial, sans-serif;\">.5) Fernando Diniz (Brasil-Fluminense) 33<\/span><\/p>\n<p style=\"text-align: justify;\"><span style=\"font-family: helvetica, arial, sans-serif;\">.6) Mikel Arteta (Espa\u00f1a-Arsenal) 30<\/span><\/p>\n<p style=\"text-align: justify;\"><span style=\"font-family: helvetica, arial, sans-serif;\">.7) Xavi (Espa\u00f1a-Barcelona) 26<\/span><\/p>\n<p style=\"text-align: justify;\"><span style=\"font-family: helvetica, arial, sans-serif;\">.8) Ange Postecoglou (Australia-Tottenham) 12<\/span><\/p>\n<p style=\"text-align: justify;\"><span style=\"font-family: helvetica, arial, sans-serif;\">.9) Umai Emery (Espa\u00f1a-Aston Villa) 8<\/span><\/p>\n<p style=\"text-align: justify;\"><span style=\"font-family: helvetica, arial, sans-serif;\">.10) J\u00fcrgen Klopp (Alemania-Liverpool) ) 6<\/span><\/p>\n","protected":false},"excerpt":{"rendered":"<p>Josep Guardiola, director t\u00e9cnico de Manchester City, fue elegido como el mejor entrenador de 2023 por la Federaci\u00f3n Internacional de Historia y Estad\u00edstica de Futbol (IFFHS), reemplazando en el primer lugar a Lionel Scaloni, ganador del 2022. El espa\u00f1ol super\u00f3 por gran margen al italiano del Real Madrid, Carlo Ancelotti y gan\u00f3 el tercer premio [&hellip;]<\/p>\n","protected":false},"author":4,"featured_media":102555,"comment_status":"open","ping_status":"open","sticky":false,"template":"","format":"standard","meta":{"_acf_changed":false,"footnotes":""},"categories":[152],"tags":[],"class_list":{"0":"post-102554","1":"post","2":"type-post","3":"status-publish","4":"format-standard","5":"has-post-thumbnail","7":"category-mundo-futbol"},"acf":[],"yoast_head":"<!-- This site is optimized with the Yoast SEO plugin v26.8 - https:\/\/yoast.com\/product\/yoast-seo-wordpress\/ -->\n<title>Guardiola, el mejor DT del a\u00f1o para la IFFHS -<\/title>\n<meta name=\"robots\" content=\"index, follow, max-snippet:-1, max-image-preview:large, max-video-preview:-1\" \/>\n<link rel=\"canonical\" href=\"https:\/\/futbolhoy.co\/index.php\/2023\/12\/29\/guardiola-el-mejor-dt-del-ano-para-la-iffhs\/\" \/>\n<meta property=\"og:locale\" content=\"es_ES\" \/>\n<meta property=\"og:type\" content=\"article\" \/>\n<meta property=\"og:title\" content=\"Guardiola, el mejor DT del a\u00f1o para la IFFHS -\" \/>\n<meta property=\"og:description\" content=\"Josep Guardiola, director t\u00e9cnico de Manchester City, fue elegido como el mejor entrenador de 2023 por la Federaci\u00f3n Internacional de Historia y Estad\u00edstica de Futbol (IFFHS), reemplazando en el primer lugar a Lionel Scaloni, ganador del 2022. El espa\u00f1ol super\u00f3 por gran margen al italiano del Real Madrid, Carlo Ancelotti y gan\u00f3 el tercer premio [&hellip;]\" \/>\n<meta property=\"og:url\" content=\"https:\/\/futbolhoy.co\/index.php\/2023\/12\/29\/guardiola-el-mejor-dt-del-ano-para-la-iffhs\/\" \/>\n<meta property=\"article:publisher\" content=\"https:\/\/www.facebook.com\/FutbolHoyCol\/\" \/>\n<meta property=\"article:published_time\" content=\"2023-12-29T17:29:05+00:00\" \/>\n<meta property=\"article:modified_time\" content=\"2023-12-30T16:04:08+00:00\" \/>\n<meta property=\"og:image\" content=\"https:\/\/futbolhoy.co\/wp-content\/uploads\/2023\/12\/Pep.png\" \/>\n\t<meta property=\"og:image:width\" content=\"507\" \/>\n\t<meta property=\"og:image:height\" content=\"407\" \/>\n\t<meta property=\"og:image:type\" content=\"image\/png\" \/>\n<meta name=\"author\" content=\"contenido\" \/>\n<meta name=\"twitter:card\" content=\"summary_large_image\" \/>\n<meta name=\"twitter:creator\" content=\"@FutbolHoyCol\" \/>\n<meta name=\"twitter:site\" content=\"@FutbolHoyCol\" \/>\n<meta name=\"twitter:label1\" content=\"Escrito por\" \/>\n\t<meta name=\"twitter:data1\" content=\"contenido\" \/>\n\t<meta name=\"twitter:label2\" content=\"Tiempo de lectura\" \/>\n\t<meta name=\"twitter:data2\" content=\"1 minuto\" \/>\n<script type=\"application\/ld+json\" class=\"yoast-schema-graph\">{\"@context\":\"https:\/\/schema.org\",\"@graph\":[{\"@type\":\"Article\",\"@id\":\"https:\/\/futbolhoy.co\/index.php\/2023\/12\/29\/guardiola-el-mejor-dt-del-ano-para-la-iffhs\/#article\",\"isPartOf\":{\"@id\":\"https:\/\/futbolhoy.co\/index.php\/2023\/12\/29\/guardiola-el-mejor-dt-del-ano-para-la-iffhs\/\"},\"author\":{\"name\":\"contenido\",\"@id\":\"https:\/\/futbolhoy.co\/#\/schema\/person\/1721b69355b6623eaff15ac7b92d4cc3\"},\"headline\":\"Guardiola, el mejor DT del a\u00f1o para la IFFHS\",\"datePublished\":\"2023-12-29T17:29:05+00:00\",\"dateModified\":\"2023-12-30T16:04:08+00:00\",\"mainEntityOfPage\":{\"@id\":\"https:\/\/futbolhoy.co\/index.php\/2023\/12\/29\/guardiola-el-mejor-dt-del-ano-para-la-iffhs\/\"},\"wordCount\":176,\"commentCount\":0,\"publisher\":{\"@id\":\"https:\/\/futbolhoy.co\/#organization\"},\"image\":{\"@id\":\"https:\/\/futbolhoy.co\/index.php\/2023\/12\/29\/guardiola-el-mejor-dt-del-ano-para-la-iffhs\/#primaryimage\"},\"thumbnailUrl\":\"https:\/\/futbolhoy.co\/wp-content\/uploads\/2023\/12\/Pep.png\",\"articleSection\":[\"Mundo Futbol\"],\"inLanguage\":\"es\",\"potentialAction\":[{\"@type\":\"CommentAction\",\"name\":\"Comment\",\"target\":[\"https:\/\/futbolhoy.co\/index.php\/2023\/12\/29\/guardiola-el-mejor-dt-del-ano-para-la-iffhs\/#respond\"]}]},{\"@type\":\"WebPage\",\"@id\":\"https:\/\/futbolhoy.co\/index.php\/2023\/12\/29\/guardiola-el-mejor-dt-del-ano-para-la-iffhs\/\",\"url\":\"https:\/\/futbolhoy.co\/index.php\/2023\/12\/29\/guardiola-el-mejor-dt-del-ano-para-la-iffhs\/\",\"name\":\"Guardiola, el mejor DT del a\u00f1o para la IFFHS -\",\"isPartOf\":{\"@id\":\"https:\/\/futbolhoy.co\/#website\"},\"primaryImageOfPage\":{\"@id\":\"https:\/\/futbolhoy.co\/index.php\/2023\/12\/29\/guardiola-el-mejor-dt-del-ano-para-la-iffhs\/#primaryimage\"},\"image\":{\"@id\":\"https:\/\/futbolhoy.co\/index.php\/2023\/12\/29\/guardiola-el-mejor-dt-del-ano-para-la-iffhs\/#primaryimage\"},\"thumbnailUrl\":\"https:\/\/futbolhoy.co\/wp-content\/uploads\/2023\/12\/Pep.png\",\"datePublished\":\"2023-12-29T17:29:05+00:00\",\"dateModified\":\"2023-12-30T16:04:08+00:00\",\"breadcrumb\":{\"@id\":\"https:\/\/futbolhoy.co\/index.php\/2023\/12\/29\/guardiola-el-mejor-dt-del-ano-para-la-iffhs\/#breadcrumb\"},\"inLanguage\":\"es\",\"potentialAction\":[{\"@type\":\"ReadAction\",\"target\":[\"https:\/\/futbolhoy.co\/index.php\/2023\/12\/29\/guardiola-el-mejor-dt-del-ano-para-la-iffhs\/\"]}]},{\"@type\":\"ImageObject\",\"inLanguage\":\"es\",\"@id\":\"https:\/\/futbolhoy.co\/index.php\/2023\/12\/29\/guardiola-el-mejor-dt-del-ano-para-la-iffhs\/#primaryimage\",\"url\":\"https:\/\/futbolhoy.co\/wp-content\/uploads\/2023\/12\/Pep.png\",\"contentUrl\":\"https:\/\/futbolhoy.co\/wp-content\/uploads\/2023\/12\/Pep.png\",\"width\":507,\"height\":407},{\"@type\":\"BreadcrumbList\",\"@id\":\"https:\/\/futbolhoy.co\/index.php\/2023\/12\/29\/guardiola-el-mejor-dt-del-ano-para-la-iffhs\/#breadcrumb\",\"itemListElement\":[{\"@type\":\"ListItem\",\"position\":1,\"name\":\"Portada\",\"item\":\"https:\/\/futbolhoy.co\/\"},{\"@type\":\"ListItem\",\"position\":2,\"name\":\"Guardiola, el mejor DT del a\u00f1o para la IFFHS\"}]},{\"@type\":\"WebSite\",\"@id\":\"https:\/\/futbolhoy.co\/#website\",\"url\":\"https:\/\/futbolhoy.co\/\",\"name\":\"FutbolHoy\",\"description\":\"\",\"publisher\":{\"@id\":\"https:\/\/futbolhoy.co\/#organization\"},\"potentialAction\":[{\"@type\":\"SearchAction\",\"target\":{\"@type\":\"EntryPoint\",\"urlTemplate\":\"https:\/\/futbolhoy.co\/?s={search_term_string}\"},\"query-input\":{\"@type\":\"PropertyValueSpecification\",\"valueRequired\":true,\"valueName\":\"search_term_string\"}}],\"inLanguage\":\"es\"},{\"@type\":\"Organization\",\"@id\":\"https:\/\/futbolhoy.co\/#organization\",\"name\":\"Futbolhoy.co\",\"url\":\"https:\/\/futbolhoy.co\/\",\"logo\":{\"@type\":\"ImageObject\",\"inLanguage\":\"es\",\"@id\":\"https:\/\/futbolhoy.co\/#\/schema\/logo\/image\/\",\"url\":\"https:\/\/futbolhoy.co\/wp-content\/uploads\/2018\/08\/17426380_1906371736249227_6326180412931521141_n.jpg\",\"contentUrl\":\"https:\/\/futbolhoy.co\/wp-content\/uploads\/2018\/08\/17426380_1906371736249227_6326180412931521141_n.jpg\",\"width\":960,\"height\":960,\"caption\":\"Futbolhoy.co\"},\"image\":{\"@id\":\"https:\/\/futbolhoy.co\/#\/schema\/logo\/image\/\"},\"sameAs\":[\"https:\/\/www.facebook.com\/FutbolHoyCol\/\",\"https:\/\/x.com\/FutbolHoyCol\",\"https:\/\/www.instagram.com\/futbolhoycol\/\"]},{\"@type\":\"Person\",\"@id\":\"https:\/\/futbolhoy.co\/#\/schema\/person\/1721b69355b6623eaff15ac7b92d4cc3\",\"name\":\"contenido\",\"image\":{\"@type\":\"ImageObject\",\"inLanguage\":\"es\",\"@id\":\"https:\/\/futbolhoy.co\/#\/schema\/person\/image\/\",\"url\":\"https:\/\/secure.gravatar.com\/avatar\/4f656d3256f5134f466206e7c3941518?s=96&d=mm&r=g\",\"contentUrl\":\"https:\/\/secure.gravatar.com\/avatar\/4f656d3256f5134f466206e7c3941518?s=96&d=mm&r=g\",\"caption\":\"contenido\"}}]}<\/script>\n<!-- \/ Yoast SEO plugin. -->","yoast_head_json":{"title":"Guardiola, el mejor DT del a\u00f1o para la IFFHS -","robots":{"index":"index","follow":"follow","max-snippet":"max-snippet:-1","max-image-preview":"max-image-preview:large","max-video-preview":"max-video-preview:-1"},"canonical":"https:\/\/futbolhoy.co\/index.php\/2023\/12\/29\/guardiola-el-mejor-dt-del-ano-para-la-iffhs\/","og_locale":"es_ES","og_type":"article","og_title":"Guardiola, el mejor DT del a\u00f1o para la IFFHS -","og_description":"Josep Guardiola, director t\u00e9cnico de Manchester City, fue elegido como el mejor entrenador de 2023 por la Federaci\u00f3n Internacional de Historia y Estad\u00edstica de Futbol (IFFHS), reemplazando en el primer lugar a Lionel Scaloni, ganador del 2022. El espa\u00f1ol super\u00f3 por gran margen al italiano del Real Madrid, Carlo Ancelotti y gan\u00f3 el tercer premio [&hellip;]","og_url":"https:\/\/futbolhoy.co\/index.php\/2023\/12\/29\/guardiola-el-mejor-dt-del-ano-para-la-iffhs\/","article_publisher":"https:\/\/www.facebook.com\/FutbolHoyCol\/","article_published_time":"2023-12-29T17:29:05+00:00","article_modified_time":"2023-12-30T16:04:08+00:00","og_image":[{"width":507,"height":407,"url":"https:\/\/futbolhoy.co\/wp-content\/uploads\/2023\/12\/Pep.png","type":"image\/png"}],"author":"contenido","twitter_card":"summary_large_image","twitter_creator":"@FutbolHoyCol","twitter_site":"@FutbolHoyCol","twitter_misc":{"Escrito por":"contenido","Tiempo de lectura":"1 minuto"},"schema":{"@context":"https:\/\/schema.org","@graph":[{"@type":"Article","@id":"https:\/\/futbolhoy.co\/index.php\/2023\/12\/29\/guardiola-el-mejor-dt-del-ano-para-la-iffhs\/#article","isPartOf":{"@id":"https:\/\/futbolhoy.co\/index.php\/2023\/12\/29\/guardiola-el-mejor-dt-del-ano-para-la-iffhs\/"},"author":{"name":"contenido","@id":"https:\/\/futbolhoy.co\/#\/schema\/person\/1721b69355b6623eaff15ac7b92d4cc3"},"headline":"Guardiola, el mejor DT del a\u00f1o para la IFFHS","datePublished":"2023-12-29T17:29:05+00:00","dateModified":"2023-12-30T16:04:08+00:00","mainEntityOfPage":{"@id":"https:\/\/futbolhoy.co\/index.php\/2023\/12\/29\/guardiola-el-mejor-dt-del-ano-para-la-iffhs\/"},"wordCount":176,"commentCount":0,"publisher":{"@id":"https:\/\/futbolhoy.co\/#organization"},"image":{"@id":"https:\/\/futbolhoy.co\/index.php\/2023\/12\/29\/guardiola-el-mejor-dt-del-ano-para-la-iffhs\/#primaryimage"},"thumbnailUrl":"https:\/\/futbolhoy.co\/wp-content\/uploads\/2023\/12\/Pep.png","articleSection":["Mundo Futbol"],"inLanguage":"es","potentialAction":[{"@type":"CommentAction","name":"Comment","target":["https:\/\/futbolhoy.co\/index.php\/2023\/12\/29\/guardiola-el-mejor-dt-del-ano-para-la-iffhs\/#respond"]}]},{"@type":"WebPage","@id":"https:\/\/futbolhoy.co\/index.php\/2023\/12\/29\/guardiola-el-mejor-dt-del-ano-para-la-iffhs\/","url":"https:\/\/futbolhoy.co\/index.php\/2023\/12\/29\/guardiola-el-mejor-dt-del-ano-para-la-iffhs\/","name":"Guardiola, el mejor DT del a\u00f1o para la IFFHS -","isPartOf":{"@id":"https:\/\/futbolhoy.co\/#website"},"primaryImageOfPage":{"@id":"https:\/\/futbolhoy.co\/index.php\/2023\/12\/29\/guardiola-el-mejor-dt-del-ano-para-la-iffhs\/#primaryimage"},"image":{"@id":"https:\/\/futbolhoy.co\/index.php\/2023\/12\/29\/guardiola-el-mejor-dt-del-ano-para-la-iffhs\/#primaryimage"},"thumbnailUrl":"https:\/\/futbolhoy.co\/wp-content\/uploads\/2023\/12\/Pep.png","datePublished":"2023-12-29T17:29:05+00:00","dateModified":"2023-12-30T16:04:08+00:00","breadcrumb":{"@id":"https:\/\/futbolhoy.co\/index.php\/2023\/12\/29\/guardiola-el-mejor-dt-del-ano-para-la-iffhs\/#breadcrumb"},"inLanguage":"es","potentialAction":[{"@type":"ReadAction","target":["https:\/\/futbolhoy.co\/index.php\/2023\/12\/29\/guardiola-el-mejor-dt-del-ano-para-la-iffhs\/"]}]},{"@type":"ImageObject","inLanguage":"es","@id":"https:\/\/futbolhoy.co\/index.php\/2023\/12\/29\/guardiola-el-mejor-dt-del-ano-para-la-iffhs\/#primaryimage","url":"https:\/\/futbolhoy.co\/wp-content\/uploads\/2023\/12\/Pep.png","contentUrl":"https:\/\/futbolhoy.co\/wp-content\/uploads\/2023\/12\/Pep.png","width":507,"height":407},{"@type":"BreadcrumbList","@id":"https:\/\/futbolhoy.co\/index.php\/2023\/12\/29\/guardiola-el-mejor-dt-del-ano-para-la-iffhs\/#breadcrumb","itemListElement":[{"@type":"ListItem","position":1,"name":"Portada","item":"https:\/\/futbolhoy.co\/"},{"@type":"ListItem","position":2,"name":"Guardiola, el mejor DT del a\u00f1o para la IFFHS"}]},{"@type":"WebSite","@id":"https:\/\/futbolhoy.co\/#website","url":"https:\/\/futbolhoy.co\/","name":"FutbolHoy","description":"","publisher":{"@id":"https:\/\/futbolhoy.co\/#organization"},"potentialAction":[{"@type":"SearchAction","target":{"@type":"EntryPoint","urlTemplate":"https:\/\/futbolhoy.co\/?s={search_term_string}"},"query-input":{"@type":"PropertyValueSpecification","valueRequired":true,"valueName":"search_term_string"}}],"inLanguage":"es"},{"@type":"Organization","@id":"https:\/\/futbolhoy.co\/#organization","name":"Futbolhoy.co","url":"https:\/\/futbolhoy.co\/","logo":{"@type":"ImageObject","inLanguage":"es","@id":"https:\/\/futbolhoy.co\/#\/schema\/logo\/image\/","url":"https:\/\/futbolhoy.co\/wp-content\/uploads\/2018\/08\/17426380_1906371736249227_6326180412931521141_n.jpg","contentUrl":"https:\/\/futbolhoy.co\/wp-content\/uploads\/2018\/08\/17426380_1906371736249227_6326180412931521141_n.jpg","width":960,"height":960,"caption":"Futbolhoy.co"},"image":{"@id":"https:\/\/futbolhoy.co\/#\/schema\/logo\/image\/"},"sameAs":["https:\/\/www.facebook.com\/FutbolHoyCol\/","https:\/\/x.com\/FutbolHoyCol","https:\/\/www.instagram.com\/futbolhoycol\/"]},{"@type":"Person","@id":"https:\/\/futbolhoy.co\/#\/schema\/person\/1721b69355b6623eaff15ac7b92d4cc3","name":"contenido","image":{"@type":"ImageObject","inLanguage":"es","@id":"https:\/\/futbolhoy.co\/#\/schema\/person\/image\/","url":"https:\/\/secure.gravatar.com\/avatar\/4f656d3256f5134f466206e7c3941518?s=96&d=mm&r=g","contentUrl":"https:\/\/secure.gravatar.com\/avatar\/4f656d3256f5134f466206e7c3941518?s=96&d=mm&r=g","caption":"contenido"}}]}},"publishpress_future_action":{"enabled":false,"date":"2026-05-06 14:44:12","action":"change-status","newStatus":"draft","terms":[],"taxonomy":"category","extraData":[]},"publishpress_future_workflow_manual_trigger":{"enabledWorkflows":[]},"_links":{"self":[{"href":"https:\/\/futbolhoy.co\/index.php\/wp-json\/wp\/v2\/posts\/102554","targetHints":{"allow":["GET"]}}],"collection":[{"href":"https:\/\/futbolhoy.co\/index.php\/wp-json\/wp\/v2\/posts"}],"about":[{"href":"https:\/\/futbolhoy.co\/index.php\/wp-json\/wp\/v2\/types\/post"}],"author":[{"embeddable":true,"href":"https:\/\/futbolhoy.co\/index.php\/wp-json\/wp\/v2\/users\/4"}],"replies":[{"embeddable":true,"href":"https:\/\/futbolhoy.co\/index.php\/wp-json\/wp\/v2\/comments?post=102554"}],"version-history":[{"count":1,"href":"https:\/\/futbolhoy.co\/index.php\/wp-json\/wp\/v2\/posts\/102554\/revisions"}],"predecessor-version":[{"id":102556,"href":"https:\/\/futbolhoy.co\/index.php\/wp-json\/wp\/v2\/posts\/102554\/revisions\/102556"}],"wp:featuredmedia":[{"embeddable":true,"href":"https:\/\/futbolhoy.co\/index.php\/wp-json\/wp\/v2\/media\/102555"}],"wp:attachment":[{"href":"https:\/\/futbolhoy.co\/index.php\/wp-json\/wp\/v2\/media?parent=102554"}],"wp:term":[{"taxonomy":"category","embeddable":true,"href":"https:\/\/futbolhoy.co\/index.php\/wp-json\/wp\/v2\/categories?post=102554"},{"taxonomy":"post_tag","embeddable":true,"href":"https:\/\/futbolhoy.co\/index.php\/wp-json\/wp\/v2\/tags?post=102554"}],"curies":[{"name":"wp","href":"https:\/\/api.w.org\/{rel}","templated":true}]}}