{"id":102565,"date":"2023-12-30T09:42:12","date_gmt":"2023-12-30T14:42:12","guid":{"rendered":"https:\/\/futbolhoy.co\/?p=102565"},"modified":"2023-12-30T13:58:39","modified_gmt":"2023-12-30T18:58:39","slug":"america-suena-con-el-regreso-de-adrian-ramos","status":"publish","type":"post","link":"https:\/\/futbolhoy.co\/index.php\/2023\/12\/30\/america-suena-con-el-regreso-de-adrian-ramos\/","title":{"rendered":"Am\u00e9rica sue\u00f1a con el regreso de Adri\u00e1n Ramos"},"content":{"rendered":"<p style=\"text-align: justify;\"><span style=\"font-family: helvetica, arial, sans-serif;\"><strong>Adri\u00e1n Ramos<\/strong> puso fin a su paso por <strong>Am\u00e9rica De Cali<\/strong> luego se haber llegado en 2020. Si bien se pens\u00f3 que se hab\u00eda tratado de una decisi\u00f3n de las directivas, fue el propio jugador el que no quiso continuar en la instituci\u00f3n de la que es hincha.<\/span><\/p>\n<p style=\"text-align: justify;\"><span style=\"font-family: helvetica, arial, sans-serif;\">En di\u00e1logo con <strong>El VBar de Caracol, Tulio G\u00f3mez,<\/strong> m\u00e1ximo accionista del club, se refiri\u00f3 a la situaci\u00f3n del jugador de 37 a\u00f1os y manifest\u00f3 que conversar\u00e1n para un posible regreso.<\/span><\/p>\n<p style=\"text-align: justify;\"><span style=\"font-family: helvetica, arial, sans-serif;\">\u201cTengo una reuni\u00f3n con \u00e9l en los primeros d\u00edas de enero. El tema de Adri\u00e1n no pasa por dinero. Por ah\u00ed un baboso dijo, es que Tulio solo le ofreci\u00f3 11 millones. Ser\u00eda una falta de respeto. Con eso nunca hemos tenido problemas. Adri\u00e1n es un hombre que est\u00e1 por encima del bien y del mal, tiene su vida realizada, ha ganado dinero y lo ha sabido cuidar. Ese no es el problema. Tengo excelente relaci\u00f3n con \u00e9l y en enero hablar\u00e9 con \u00e9l\u201d, manifest\u00f3.<\/span><\/p>\n<p style=\"text-align: justify;\"><span style=\"font-family: helvetica, arial, sans-serif;\">\u00abEso es lo que quiero saber, qu\u00e9 inconformidad tiene. \u00c9l quiere ir a <strong>Copa Libertadores,<\/strong> esa puede ser una raz\u00f3n. \u00c9l, adem\u00e1s de ser jugador, es hincha del Am\u00e9rica\u00bb, concluy\u00f3.<\/span><\/p>\n<p style=\"text-align: justify;\"><span style=\"font-family: helvetica, arial, sans-serif;\">Ramos lleg\u00f3 en el 2020 al equipo tras rescindir contrato con el <strong>Granada<\/strong> de <strong>Espa\u00f1a.<\/strong> Posteriormente, sali\u00f3 campe\u00f3n y disput\u00f3 154 partidos, en los que marc\u00f3 51 anotaciones.<\/span><\/p>\n","protected":false},"excerpt":{"rendered":"<p>Adri\u00e1n Ramos puso fin a su paso por Am\u00e9rica De Cali luego se haber llegado en 2020. Si bien se pens\u00f3 que se hab\u00eda tratado de una decisi\u00f3n de las directivas, fue el propio jugador el que no quiso continuar en la instituci\u00f3n de la que es hincha. En di\u00e1logo con El VBar de Caracol, [&hellip;]<\/p>\n","protected":false},"author":4,"featured_media":87364,"comment_status":"open","ping_status":"closed","sticky":false,"template":"","format":"standard","meta":{"_acf_changed":false,"footnotes":""},"categories":[7],"tags":[],"class_list":{"0":"post-102565","1":"post","2":"type-post","3":"status-publish","4":"format-standard","5":"has-post-thumbnail","7":"category-liga-betplay"},"acf":[],"_links":{"self":[{"href":"https:\/\/futbolhoy.co\/index.php\/wp-json\/wp\/v2\/posts\/102565","targetHints":{"allow":["GET"]}}],"collection":[{"href":"https:\/\/futbolhoy.co\/index.php\/wp-json\/wp\/v2\/posts"}],"about":[{"href":"https:\/\/futbolhoy.co\/index.php\/wp-json\/wp\/v2\/types\/post"}],"author":[{"embeddable":true,"href":"https:\/\/futbolhoy.co\/index.php\/wp-json\/wp\/v2\/users\/4"}],"replies":[{"embeddable":true,"href":"https:\/\/futbolhoy.co\/index.php\/wp-json\/wp\/v2\/comments?post=102565"}],"version-history":[{"count":1,"href":"https:\/\/futbolhoy.co\/index.php\/wp-json\/wp\/v2\/posts\/102565\/revisions"}],"predecessor-version":[{"id":102566,"href":"https:\/\/futbolhoy.co\/index.php\/wp-json\/wp\/v2\/posts\/102565\/revisions\/102566"}],"wp:featuredmedia":[{"embeddable":true,"href":"https:\/\/futbolhoy.co\/index.php\/wp-json\/wp\/v2\/media\/87364"}],"wp:attachment":[{"href":"https:\/\/futbolhoy.co\/index.php\/wp-json\/wp\/v2\/media?parent=102565"}],"wp:term":[{"taxonomy":"category","embeddable":true,"href":"https:\/\/futbolhoy.co\/index.php\/wp-json\/wp\/v2\/categories?post=102565"},{"taxonomy":"post_tag","embeddable":true,"href":"https:\/\/futbolhoy.co\/index.php\/wp-json\/wp\/v2\/tags?post=102565"}],"curies":[{"name":"wp","href":"https:\/\/api.w.org\/{rel}","templated":true}]}}