{"id":102572,"date":"2023-12-30T13:32:37","date_gmt":"2023-12-30T18:32:37","guid":{"rendered":"https:\/\/futbolhoy.co\/?p=102572"},"modified":"2023-12-31T07:36:19","modified_gmt":"2023-12-31T12:36:19","slug":"nelson-abadia-en-el-top-10-de-mejores-dts-de-selecciones-femeninas-en-2023","status":"publish","type":"post","link":"https:\/\/futbolhoy.co\/index.php\/2023\/12\/30\/nelson-abadia-en-el-top-10-de-mejores-dts-de-selecciones-femeninas-en-2023\/","title":{"rendered":"Nelson Abad\u00eda, en el top 10 de mejores DT&#8217;s de selecciones femeninas en 2023"},"content":{"rendered":"<p style=\"text-align: justify;\"><span style=\"font-family: helvetica, arial, sans-serif;\"><strong>Nelson Abad\u00eda<\/strong> fue elegido como el d\u00e9cimo mejor entrenador de selecciones femeninas en el 2023, seg\u00fan la<strong> IFFHS. Sarina Wiegman<\/strong>, entrenadora de <strong>Inglaterra,<\/strong> se llev\u00f3 la primera posici\u00f3n, solo cuatro puntos por delante de <strong>Jorge Vilda,<\/strong> t\u00e9cnico de <strong>Espa\u00f1a<\/strong> y campe\u00f3n del m<\/span><span style=\"font-family: helvetica, arial, sans-serif;\">undo.<\/span><\/p>\n<p style=\"text-align: justify;\"><span style=\"font-family: helvetica, arial, sans-serif;\">Abad\u00eda finaliz\u00f3 el ranking con 6 puntos en el escalaf\u00f3n. El colombiano tuvo una gran participaci\u00f3n en la <strong>Copa del Mundo<\/strong>, en la que clasific\u00f3 primero en la fase de grupos, tras vencer a <strong>Alemania,<\/strong> en octavos superar a Jamaica y caer eliminado ante Inglaterra en cuartos de final.<\/span><\/p>\n<p style=\"text-align: justify;\"><span style=\"font-family: helvetica, arial, sans-serif;\">En el 2023, dirigi\u00f3 17 partidos, de los cuales gan\u00f3 11, empat\u00f3 2 y perdi\u00f3 4, para un rendimiento del 68.63%.<\/span><\/p>\n<p style=\"text-align: justify;\"><strong><span style=\"font-family: helvetica, arial, sans-serif;\">Top 10 de mejores entrenadores<\/span><\/strong><\/p>\n<table style=\"border-collapse: collapse; width: 100%;\">\n<tbody>\n<tr>\n<td style=\"width: 25%;\"><strong>Posici\u00f3n<\/strong><\/td>\n<td style=\"width: 25%;\"><strong>DT<\/strong><\/td>\n<td style=\"width: 25%;\"><strong>Selecci\u00f3n<\/strong><\/td>\n<td style=\"width: 25%;\"><strong>Puntos<\/strong><\/td>\n<\/tr>\n<tr>\n<td style=\"width: 25%;\">1<\/td>\n<td style=\"width: 25%;\">Sarina Wiegman<\/td>\n<td style=\"width: 25%;\">Inglaterra<\/td>\n<td style=\"width: 25%;\">156<\/td>\n<\/tr>\n<tr>\n<td style=\"width: 25%;\">2<\/td>\n<td style=\"width: 25%;\">Jorge Vilda<\/td>\n<td style=\"width: 25%;\">Espa\u00f1a<\/td>\n<td style=\"width: 25%;\">152<\/td>\n<\/tr>\n<tr>\n<td style=\"width: 25%;\">3<\/td>\n<td style=\"width: 25%;\">Peter Gerhardsson<\/td>\n<td style=\"width: 25%;\">Suecia<\/td>\n<td style=\"width: 25%;\">35<\/td>\n<\/tr>\n<tr>\n<td style=\"width: 25%;\">4<\/td>\n<td style=\"width: 25%;\">Tony Gustavsson<\/td>\n<td style=\"width: 25%;\">Australia<\/td>\n<td style=\"width: 25%;\">28<\/td>\n<\/tr>\n<tr>\n<td style=\"width: 25%;\">5<\/td>\n<td style=\"width: 25%;\">Herve Renard<\/td>\n<td style=\"width: 25%;\">Francia<\/td>\n<td style=\"width: 25%;\">28<\/td>\n<\/tr>\n<tr>\n<td style=\"width: 25%;\">7<\/td>\n<td style=\"width: 25%;\">Futoshi Ikeda<\/td>\n<td style=\"width: 25%;\">Jap\u00f3n<\/td>\n<td style=\"width: 25%;\">15<\/td>\n<\/tr>\n<tr>\n<td style=\"width: 25%;\">8<\/td>\n<td style=\"width: 25%;\">Reynald Pedros<\/td>\n<td style=\"width: 25%;\">Marruecos<\/td>\n<td style=\"width: 25%;\">9<\/td>\n<\/tr>\n<tr>\n<td style=\"width: 25%;\">10<\/td>\n<td style=\"width: 25%;\">Nelson Abad\u00eda<\/td>\n<td style=\"width: 25%;\">Colombia<\/td>\n<td style=\"width: 25%;\">6<\/td>\n<\/tr>\n<\/tbody>\n<\/table>\n<p>&nbsp;<\/p>\n","protected":false},"excerpt":{"rendered":"<p>Nelson Abad\u00eda fue elegido como el d\u00e9cimo mejor entrenador de selecciones femeninas en el 2023, seg\u00fan la IFFHS. Sarina Wiegman, entrenadora de Inglaterra, se llev\u00f3 la primera posici\u00f3n, solo cuatro puntos por delante de Jorge Vilda, t\u00e9cnico de Espa\u00f1a y campe\u00f3n del mundo. Abad\u00eda finaliz\u00f3 el ranking con 6 puntos en el escalaf\u00f3n. El colombiano [&hellip;]<\/p>\n","protected":false},"author":4,"featured_media":6006,"comment_status":"open","ping_status":"closed","sticky":false,"template":"","format":"standard","meta":{"_acf_changed":false,"footnotes":""},"categories":[418],"tags":[],"class_list":{"0":"post-102572","1":"post","2":"type-post","3":"status-publish","4":"format-standard","5":"has-post-thumbnail","7":"category-colombia"},"acf":[],"_links":{"self":[{"href":"https:\/\/futbolhoy.co\/index.php\/wp-json\/wp\/v2\/posts\/102572","targetHints":{"allow":["GET"]}}],"collection":[{"href":"https:\/\/futbolhoy.co\/index.php\/wp-json\/wp\/v2\/posts"}],"about":[{"href":"https:\/\/futbolhoy.co\/index.php\/wp-json\/wp\/v2\/types\/post"}],"author":[{"embeddable":true,"href":"https:\/\/futbolhoy.co\/index.php\/wp-json\/wp\/v2\/users\/4"}],"replies":[{"embeddable":true,"href":"https:\/\/futbolhoy.co\/index.php\/wp-json\/wp\/v2\/comments?post=102572"}],"version-history":[{"count":1,"href":"https:\/\/futbolhoy.co\/index.php\/wp-json\/wp\/v2\/posts\/102572\/revisions"}],"predecessor-version":[{"id":102573,"href":"https:\/\/futbolhoy.co\/index.php\/wp-json\/wp\/v2\/posts\/102572\/revisions\/102573"}],"wp:featuredmedia":[{"embeddable":true,"href":"https:\/\/futbolhoy.co\/index.php\/wp-json\/wp\/v2\/media\/6006"}],"wp:attachment":[{"href":"https:\/\/futbolhoy.co\/index.php\/wp-json\/wp\/v2\/media?parent=102572"}],"wp:term":[{"taxonomy":"category","embeddable":true,"href":"https:\/\/futbolhoy.co\/index.php\/wp-json\/wp\/v2\/categories?post=102572"},{"taxonomy":"post_tag","embeddable":true,"href":"https:\/\/futbolhoy.co\/index.php\/wp-json\/wp\/v2\/tags?post=102572"}],"curies":[{"name":"wp","href":"https:\/\/api.w.org\/{rel}","templated":true}]}}