{"id":102576,"date":"2023-12-30T14:04:04","date_gmt":"2023-12-30T19:04:04","guid":{"rendered":"https:\/\/futbolhoy.co\/?p=102576"},"modified":"2023-12-31T09:03:58","modified_gmt":"2023-12-31T14:03:58","slug":"victor-cantillo-y-yimmi-chara-refuerzos-estelares-del-junior","status":"publish","type":"post","link":"https:\/\/futbolhoy.co\/index.php\/2023\/12\/30\/victor-cantillo-y-yimmi-chara-refuerzos-estelares-del-junior\/","title":{"rendered":"V\u00edctor Cantillo y Yimmi Char\u00e1, refuerzos estelares del Junior"},"content":{"rendered":"<p style=\"text-align: justify;\"><span style=\"font-family: helvetica, arial, sans-serif;\">Es oficial. <strong>V\u00edctor Cantillo<\/strong> y <strong>Yimmi Char\u00e1<\/strong> regresan al <strong>Junior de Barranquilla<\/strong>, equipo campe\u00f3n de <strong>Colombia,<\/strong> para asumir los retos que tendr\u00e1 el equipo en el 2024, como la <strong>Copa Libertadores.<\/strong><\/span><\/p>\n<p style=\"text-align: justify;\"><span style=\"font-family: helvetica, arial, sans-serif;\">En el caso del volante, ya fue presentado y dio algunas declaraciones a <em>El \u00c1mbito.<\/em> Entretanto, manifest\u00f3 que lo importante ser\u00e1 tomar ritmo: \u00abPara m\u00ed ser\u00e1 importante tomar el ritmo de competencia y que eso me brinde la oportunidad de estar cerca de la Selecci\u00f3n Colombia, pero ahora lo primero siempre sera Junior\u00bb.<\/span><\/p>\n<p style=\"text-align: justify;\"><span style=\"font-family: helvetica, arial, sans-serif;\">Asimismo, indic\u00f3 c\u00f3mo se produjo el acercamiento: \u00abMe llamaron el 25 en la noche. Yo quer\u00eda dos a\u00f1os, pero me dieron uno. A\u00fan as\u00ed, dije que iba a trabajar para ganarme m\u00e1s tiempo en Junior\u00bb.<\/span><\/p>\n<p style=\"text-align: justify;\"><span style=\"font-family: helvetica, arial, sans-serif;\">El futbolista de 30 a\u00f1os regresa al Junior tras cuatro a\u00f1os en el <strong>Corinthians<\/strong> de <strong>Brasil,<\/strong> donde no termin\u00f3 de buena manera porque no pudo sumar minutos. En su primer paso por el cuadro Tibur\u00f3n, entre 2017 y 2019, logr\u00f3 salir campe\u00f3n de Liga en dos oportunidades, adem\u00e1s de la <strong>Copa<\/strong> y la <strong>SuperLiga.<\/strong><\/span><\/p>\n<p style=\"text-align: justify;\"><span style=\"font-family: helvetica, arial, sans-serif;\">Yimmi Char\u00e1, por su parte, ya est\u00e1 firmado y ser\u00e1 anunciado en las pr\u00f3ximas horas. El club ya hizo una campa\u00f1a de expectativa de su oficializaci\u00f3n, al publicar su dorsal junto al de Cantillo.<\/span><\/p>\n<blockquote class=\"twitter-tweet\">\n<p dir=\"ltr\" lang=\"und\">\u23f3\ud83e\udd88\u2026 <a href=\"https:\/\/t.co\/3uj5Gifi1u\">pic.twitter.com\/3uj5Gifi1u<\/a><\/p>\n<p>\u2014 Junior FC (@JuniorClubSA) <a href=\"https:\/\/twitter.com\/JuniorClubSA\/status\/1741122755964080514?ref_src=twsrc%5Etfw\">December 30, 2023<\/a><\/p><\/blockquote>\n<p><script async src=\"https:\/\/platform.twitter.com\/widgets.js\" charset=\"utf-8\"><\/script><\/p>\n","protected":false},"excerpt":{"rendered":"<p>Es oficial. V\u00edctor Cantillo y Yimmi Char\u00e1 regresan al Junior de Barranquilla, equipo campe\u00f3n de Colombia, para asumir los retos que tendr\u00e1 el equipo en el 2024, como la Copa Libertadores. En el caso del volante, ya fue presentado y dio algunas declaraciones a El \u00c1mbito. Entretanto, manifest\u00f3 que lo importante ser\u00e1 tomar ritmo: \u00abPara [&hellip;]<\/p>\n","protected":false},"author":4,"featured_media":102577,"comment_status":"open","ping_status":"closed","sticky":false,"template":"","format":"standard","meta":{"_acf_changed":false,"footnotes":""},"categories":[7],"tags":[],"class_list":{"0":"post-102576","1":"post","2":"type-post","3":"status-publish","4":"format-standard","5":"has-post-thumbnail","7":"category-liga-betplay"},"acf":[],"_links":{"self":[{"href":"https:\/\/futbolhoy.co\/index.php\/wp-json\/wp\/v2\/posts\/102576","targetHints":{"allow":["GET"]}}],"collection":[{"href":"https:\/\/futbolhoy.co\/index.php\/wp-json\/wp\/v2\/posts"}],"about":[{"href":"https:\/\/futbolhoy.co\/index.php\/wp-json\/wp\/v2\/types\/post"}],"author":[{"embeddable":true,"href":"https:\/\/futbolhoy.co\/index.php\/wp-json\/wp\/v2\/users\/4"}],"replies":[{"embeddable":true,"href":"https:\/\/futbolhoy.co\/index.php\/wp-json\/wp\/v2\/comments?post=102576"}],"version-history":[{"count":1,"href":"https:\/\/futbolhoy.co\/index.php\/wp-json\/wp\/v2\/posts\/102576\/revisions"}],"predecessor-version":[{"id":102578,"href":"https:\/\/futbolhoy.co\/index.php\/wp-json\/wp\/v2\/posts\/102576\/revisions\/102578"}],"wp:featuredmedia":[{"embeddable":true,"href":"https:\/\/futbolhoy.co\/index.php\/wp-json\/wp\/v2\/media\/102577"}],"wp:attachment":[{"href":"https:\/\/futbolhoy.co\/index.php\/wp-json\/wp\/v2\/media?parent=102576"}],"wp:term":[{"taxonomy":"category","embeddable":true,"href":"https:\/\/futbolhoy.co\/index.php\/wp-json\/wp\/v2\/categories?post=102576"},{"taxonomy":"post_tag","embeddable":true,"href":"https:\/\/futbolhoy.co\/index.php\/wp-json\/wp\/v2\/tags?post=102576"}],"curies":[{"name":"wp","href":"https:\/\/api.w.org\/{rel}","templated":true}]}}