{"id":102579,"date":"2023-12-30T18:16:45","date_gmt":"2023-12-30T23:16:45","guid":{"rendered":"https:\/\/futbolhoy.co\/?p=102579"},"modified":"2023-12-31T10:15:55","modified_gmt":"2023-12-31T15:15:55","slug":"seleccion-colombia-sub-23-convocatoria-previa-al-preolimpico","status":"publish","type":"post","link":"https:\/\/futbolhoy.co\/index.php\/2023\/12\/30\/seleccion-colombia-sub-23-convocatoria-previa-al-preolimpico\/","title":{"rendered":"Selecci\u00f3n Colombia Sub-23: convocatoria previa al Preol\u00edmpico"},"content":{"rendered":"<p style=\"text-align: justify;\"><span style=\"font-family: helvetica, arial, sans-serif;\">La <strong>Selecci\u00f3n Colombia Sub-23<\/strong> que dirige <strong>H\u00e9ctor C\u00e1rdenas<\/strong>, dio a conocer el nombre de los futbolistas convocados a un microciclo de preparaci\u00f3n previo al<strong> Torneo Preol\u00edmpico.<\/strong><\/span><\/p>\n<p style=\"text-align: justify;\"><span style=\"font-family: helvetica, arial, sans-serif;\">Ser\u00e1n dos semanas de trabajo en la sede deportiva de la <strong>FCF<\/strong> en <strong>Barranquilla<\/strong>. El grupo comenzar\u00e1 la concentraci\u00f3n el mi\u00e9rcoles 3 de enero y la terminar\u00e1 el martes 16 del mismo mes.<\/span><\/p>\n<p style=\"text-align: justify;\"><strong><span style=\"font-family: helvetica, arial, sans-serif;\">Convocatoria de la Selecci\u00f3n Colombia<\/span><\/strong><\/p>\n<p style=\"text-align: justify;\"><span style=\"font-family: helvetica, arial, sans-serif;\"><strong>Arqueros<\/strong>: Luis Miguel Marquinez (Nacional, COL), Alejandro Rodr\u00edguez (Cali, COL) y Sebasti\u00e1n Guerra (Atlanta United, USA).<\/span><\/p>\n<p style=\"text-align: justify;\"><span style=\"font-family: helvetica, arial, sans-serif;\"><strong>Defensas<\/strong>: Fernando \u00c1lvarez (CF Montreal, USA), Cristian Castro Devenish (Nacional, COL), Samuel Vel\u00e1squez (Nacional, COL), Juan David Mosquera (Portland Timbers, USA), Devan Tanton (Fulham, ING) y Brayan Andr\u00e9s Ceballos (Junior, COL),<\/span><\/p>\n<p style=\"text-align: justify;\"><span style=\"font-family: helvetica, arial, sans-serif;\"><strong>Volantes<\/strong>: Juan Andr\u00e9s Castilla (Cali, COL), Jhojan Camilo Torres (Santa Fe, COL), Nelson Palacio (Real Salt Lake, USA), Daniel Ruiz (Millonarios, COL), Jimer Fory (Pereira, COL), Yani Quintero (Red Bull Bragantino, BRA) y Josen Escobar (Am\u00e9rica, COL).<\/span><\/p>\n<p style=\"text-align: justify;\"><span style=\"font-family: helvetica, arial, sans-serif;\"><strong>Delanteros<\/strong>: Brahian Palacios (Nacional, COL), Oscar Cort\u00e9s (Lens, FRA), Carlos Andr\u00e9s G\u00f3mez (Real Salt Lake, USA), Oscar Andr\u00e9s Perea (Nacional, COL), Kener Julian Valencia (Pereira, COL), Edwin Mosquera (Atlanta United, USA) y Carlos Cort\u00e9s (Cortulu\u00e1, COL).<\/span><\/p>\n","protected":false},"excerpt":{"rendered":"<p>La Selecci\u00f3n Colombia Sub-23 que dirige H\u00e9ctor C\u00e1rdenas, dio a conocer el nombre de los futbolistas convocados a un microciclo de preparaci\u00f3n previo al Torneo Preol\u00edmpico. Ser\u00e1n dos semanas de trabajo en la sede deportiva de la FCF en Barranquilla. El grupo comenzar\u00e1 la concentraci\u00f3n el mi\u00e9rcoles 3 de enero y la terminar\u00e1 el martes [&hellip;]<\/p>\n","protected":false},"author":4,"featured_media":88915,"comment_status":"open","ping_status":"closed","sticky":false,"template":"","format":"standard","meta":{"_acf_changed":false,"footnotes":""},"categories":[418],"tags":[],"class_list":{"0":"post-102579","1":"post","2":"type-post","3":"status-publish","4":"format-standard","5":"has-post-thumbnail","7":"category-colombia"},"acf":[],"_links":{"self":[{"href":"https:\/\/futbolhoy.co\/index.php\/wp-json\/wp\/v2\/posts\/102579","targetHints":{"allow":["GET"]}}],"collection":[{"href":"https:\/\/futbolhoy.co\/index.php\/wp-json\/wp\/v2\/posts"}],"about":[{"href":"https:\/\/futbolhoy.co\/index.php\/wp-json\/wp\/v2\/types\/post"}],"author":[{"embeddable":true,"href":"https:\/\/futbolhoy.co\/index.php\/wp-json\/wp\/v2\/users\/4"}],"replies":[{"embeddable":true,"href":"https:\/\/futbolhoy.co\/index.php\/wp-json\/wp\/v2\/comments?post=102579"}],"version-history":[{"count":1,"href":"https:\/\/futbolhoy.co\/index.php\/wp-json\/wp\/v2\/posts\/102579\/revisions"}],"predecessor-version":[{"id":102580,"href":"https:\/\/futbolhoy.co\/index.php\/wp-json\/wp\/v2\/posts\/102579\/revisions\/102580"}],"wp:featuredmedia":[{"embeddable":true,"href":"https:\/\/futbolhoy.co\/index.php\/wp-json\/wp\/v2\/media\/88915"}],"wp:attachment":[{"href":"https:\/\/futbolhoy.co\/index.php\/wp-json\/wp\/v2\/media?parent=102579"}],"wp:term":[{"taxonomy":"category","embeddable":true,"href":"https:\/\/futbolhoy.co\/index.php\/wp-json\/wp\/v2\/categories?post=102579"},{"taxonomy":"post_tag","embeddable":true,"href":"https:\/\/futbolhoy.co\/index.php\/wp-json\/wp\/v2\/tags?post=102579"}],"curies":[{"name":"wp","href":"https:\/\/api.w.org\/{rel}","templated":true}]}}