{"id":102660,"date":"2024-01-03T09:13:46","date_gmt":"2024-01-03T14:13:46","guid":{"rendered":"https:\/\/futbolhoy.co\/?p=102660"},"modified":"2024-01-04T06:17:18","modified_gmt":"2024-01-04T11:17:18","slug":"santos-borre-prende-alarmas-no-termino-el-entrenamiento-con-su-club","status":"publish","type":"post","link":"https:\/\/futbolhoy.co\/index.php\/2024\/01\/03\/santos-borre-prende-alarmas-no-termino-el-entrenamiento-con-su-club\/","title":{"rendered":"\u00bfSantos Borr\u00e9 prende alarmas?, no termin\u00f3 el entrenamiento con su club"},"content":{"rendered":"<p style=\"text-align: justify;\"><span style=\"font-family: helvetica, arial, sans-serif;\">Rafael Santos Borr\u00e9 regres\u00f3 este mi\u00e9rcoles a los entrenamientos del <strong>Werder Bremen<\/strong> luego de haber tenido un periodo de vacaciones en <strong>Colombia.<\/strong> El jugador colombiano tuvo un d\u00eda m\u00e1s de permiso por el desplazamiento hecho.<\/span><\/p>\n<p style=\"text-align: justify;\"><span style=\"font-family: helvetica, arial, sans-serif;\">Sin embargo, prendi\u00f3 las alarmas luego de que no pudiera completar el entrenamiento a la par de sus compa\u00f1eros por una situaci\u00f3n que explic\u00f3 el club.<\/span><\/p>\n<p style=\"text-align: justify;\"><span style=\"font-family: helvetica, arial, sans-serif;\">\u201cRafa se <strong>resfri\u00f3<\/strong> antes del entrenamiento y sali\u00f3 igualmente. Se dio cuenta de que no era posible y regres\u00f3 temprano a la caba\u00f1a como medida de precauci\u00f3n\u201d, public\u00f3 en su cuenta de<strong> X<\/strong> el Werder Bremen.<\/span><\/p>\n<p style=\"text-align: justify;\"><span style=\"font-family: helvetica, arial, sans-serif;\">Borr\u00e9 ha sido vinculado con un supuesto regreso a <strong>Sudam\u00e9rica<\/strong> para jugar en <strong>Internacional<\/strong> <strong>de Porto Alegre<\/strong>. Sin embargo, el director deportivo del cuadro alem\u00e1n manifest\u00f3 que no lo dejar\u00e1n salir y cumplir\u00e1 su contrato de pr\u00e9stamo desde <strong>Eintracht Frankfurt.<\/strong><\/span><\/p>\n","protected":false},"excerpt":{"rendered":"<p>Rafael Santos Borr\u00e9 regres\u00f3 este mi\u00e9rcoles a los entrenamientos del Werder Bremen luego de haber tenido un periodo de vacaciones en Colombia. El jugador colombiano tuvo un d\u00eda m\u00e1s de permiso por el desplazamiento hecho. Sin embargo, prendi\u00f3 las alarmas luego de que no pudiera completar el entrenamiento a la par de sus compa\u00f1eros por [&hellip;]<\/p>\n","protected":false},"author":4,"featured_media":102661,"comment_status":"open","ping_status":"open","sticky":false,"template":"","format":"standard","meta":{"_acf_changed":false,"footnotes":""},"categories":[418],"tags":[],"class_list":{"0":"post-102660","1":"post","2":"type-post","3":"status-publish","4":"format-standard","5":"has-post-thumbnail","7":"category-colombia"},"acf":[],"yoast_head":"<!-- This site is optimized with the Yoast SEO plugin v26.8 - https:\/\/yoast.com\/product\/yoast-seo-wordpress\/ -->\n<title>\u00bfSantos Borr\u00e9 prende alarmas?, no termin\u00f3 el entrenamiento con su club -<\/title>\n<meta name=\"robots\" content=\"index, follow, max-snippet:-1, max-image-preview:large, max-video-preview:-1\" \/>\n<link rel=\"canonical\" href=\"https:\/\/futbolhoy.co\/index.php\/2024\/01\/03\/santos-borre-prende-alarmas-no-termino-el-entrenamiento-con-su-club\/\" \/>\n<meta property=\"og:locale\" content=\"es_ES\" \/>\n<meta property=\"og:type\" content=\"article\" \/>\n<meta property=\"og:title\" content=\"\u00bfSantos Borr\u00e9 prende alarmas?, no termin\u00f3 el entrenamiento con su club -\" \/>\n<meta property=\"og:description\" content=\"Rafael Santos Borr\u00e9 regres\u00f3 este mi\u00e9rcoles a los entrenamientos del Werder Bremen luego de haber tenido un periodo de vacaciones en Colombia. El jugador colombiano tuvo un d\u00eda m\u00e1s de permiso por el desplazamiento hecho. Sin embargo, prendi\u00f3 las alarmas luego de que no pudiera completar el entrenamiento a la par de sus compa\u00f1eros por [&hellip;]\" \/>\n<meta property=\"og:url\" content=\"https:\/\/futbolhoy.co\/index.php\/2024\/01\/03\/santos-borre-prende-alarmas-no-termino-el-entrenamiento-con-su-club\/\" \/>\n<meta property=\"article:publisher\" content=\"https:\/\/www.facebook.com\/FutbolHoyCol\/\" \/>\n<meta property=\"article:published_time\" content=\"2024-01-03T14:13:46+00:00\" \/>\n<meta property=\"article:modified_time\" content=\"2024-01-04T11:17:18+00:00\" \/>\n<meta property=\"og:image\" content=\"https:\/\/futbolhoy.co\/wp-content\/uploads\/2024\/01\/Borre.png\" \/>\n\t<meta property=\"og:image:width\" content=\"577\" \/>\n\t<meta property=\"og:image:height\" content=\"453\" \/>\n\t<meta property=\"og:image:type\" content=\"image\/png\" \/>\n<meta name=\"author\" content=\"contenido\" \/>\n<meta name=\"twitter:card\" content=\"summary_large_image\" \/>\n<meta name=\"twitter:creator\" content=\"@FutbolHoyCol\" \/>\n<meta name=\"twitter:site\" content=\"@FutbolHoyCol\" \/>\n<meta name=\"twitter:label1\" content=\"Escrito por\" \/>\n\t<meta name=\"twitter:data1\" content=\"contenido\" \/>\n\t<meta name=\"twitter:label2\" content=\"Tiempo de lectura\" \/>\n\t<meta name=\"twitter:data2\" content=\"1 minuto\" \/>\n<script type=\"application\/ld+json\" class=\"yoast-schema-graph\">{\"@context\":\"https:\/\/schema.org\",\"@graph\":[{\"@type\":\"Article\",\"@id\":\"https:\/\/futbolhoy.co\/index.php\/2024\/01\/03\/santos-borre-prende-alarmas-no-termino-el-entrenamiento-con-su-club\/#article\",\"isPartOf\":{\"@id\":\"https:\/\/futbolhoy.co\/index.php\/2024\/01\/03\/santos-borre-prende-alarmas-no-termino-el-entrenamiento-con-su-club\/\"},\"author\":{\"name\":\"contenido\",\"@id\":\"https:\/\/futbolhoy.co\/#\/schema\/person\/1721b69355b6623eaff15ac7b92d4cc3\"},\"headline\":\"\u00bfSantos Borr\u00e9 prende alarmas?, no termin\u00f3 el entrenamiento con su club\",\"datePublished\":\"2024-01-03T14:13:46+00:00\",\"dateModified\":\"2024-01-04T11:17:18+00:00\",\"mainEntityOfPage\":{\"@id\":\"https:\/\/futbolhoy.co\/index.php\/2024\/01\/03\/santos-borre-prende-alarmas-no-termino-el-entrenamiento-con-su-club\/\"},\"wordCount\":159,\"commentCount\":0,\"publisher\":{\"@id\":\"https:\/\/futbolhoy.co\/#organization\"},\"image\":{\"@id\":\"https:\/\/futbolhoy.co\/index.php\/2024\/01\/03\/santos-borre-prende-alarmas-no-termino-el-entrenamiento-con-su-club\/#primaryimage\"},\"thumbnailUrl\":\"https:\/\/futbolhoy.co\/wp-content\/uploads\/2024\/01\/Borre.png\",\"articleSection\":[\"Colombia\"],\"inLanguage\":\"es\",\"potentialAction\":[{\"@type\":\"CommentAction\",\"name\":\"Comment\",\"target\":[\"https:\/\/futbolhoy.co\/index.php\/2024\/01\/03\/santos-borre-prende-alarmas-no-termino-el-entrenamiento-con-su-club\/#respond\"]}]},{\"@type\":\"WebPage\",\"@id\":\"https:\/\/futbolhoy.co\/index.php\/2024\/01\/03\/santos-borre-prende-alarmas-no-termino-el-entrenamiento-con-su-club\/\",\"url\":\"https:\/\/futbolhoy.co\/index.php\/2024\/01\/03\/santos-borre-prende-alarmas-no-termino-el-entrenamiento-con-su-club\/\",\"name\":\"\u00bfSantos Borr\u00e9 prende alarmas?, no termin\u00f3 el entrenamiento con su club -\",\"isPartOf\":{\"@id\":\"https:\/\/futbolhoy.co\/#website\"},\"primaryImageOfPage\":{\"@id\":\"https:\/\/futbolhoy.co\/index.php\/2024\/01\/03\/santos-borre-prende-alarmas-no-termino-el-entrenamiento-con-su-club\/#primaryimage\"},\"image\":{\"@id\":\"https:\/\/futbolhoy.co\/index.php\/2024\/01\/03\/santos-borre-prende-alarmas-no-termino-el-entrenamiento-con-su-club\/#primaryimage\"},\"thumbnailUrl\":\"https:\/\/futbolhoy.co\/wp-content\/uploads\/2024\/01\/Borre.png\",\"datePublished\":\"2024-01-03T14:13:46+00:00\",\"dateModified\":\"2024-01-04T11:17:18+00:00\",\"breadcrumb\":{\"@id\":\"https:\/\/futbolhoy.co\/index.php\/2024\/01\/03\/santos-borre-prende-alarmas-no-termino-el-entrenamiento-con-su-club\/#breadcrumb\"},\"inLanguage\":\"es\",\"potentialAction\":[{\"@type\":\"ReadAction\",\"target\":[\"https:\/\/futbolhoy.co\/index.php\/2024\/01\/03\/santos-borre-prende-alarmas-no-termino-el-entrenamiento-con-su-club\/\"]}]},{\"@type\":\"ImageObject\",\"inLanguage\":\"es\",\"@id\":\"https:\/\/futbolhoy.co\/index.php\/2024\/01\/03\/santos-borre-prende-alarmas-no-termino-el-entrenamiento-con-su-club\/#primaryimage\",\"url\":\"https:\/\/futbolhoy.co\/wp-content\/uploads\/2024\/01\/Borre.png\",\"contentUrl\":\"https:\/\/futbolhoy.co\/wp-content\/uploads\/2024\/01\/Borre.png\",\"width\":577,\"height\":453},{\"@type\":\"BreadcrumbList\",\"@id\":\"https:\/\/futbolhoy.co\/index.php\/2024\/01\/03\/santos-borre-prende-alarmas-no-termino-el-entrenamiento-con-su-club\/#breadcrumb\",\"itemListElement\":[{\"@type\":\"ListItem\",\"position\":1,\"name\":\"Portada\",\"item\":\"https:\/\/futbolhoy.co\/\"},{\"@type\":\"ListItem\",\"position\":2,\"name\":\"\u00bfSantos Borr\u00e9 prende alarmas?, no termin\u00f3 el entrenamiento con su club\"}]},{\"@type\":\"WebSite\",\"@id\":\"https:\/\/futbolhoy.co\/#website\",\"url\":\"https:\/\/futbolhoy.co\/\",\"name\":\"FutbolHoy\",\"description\":\"\",\"publisher\":{\"@id\":\"https:\/\/futbolhoy.co\/#organization\"},\"potentialAction\":[{\"@type\":\"SearchAction\",\"target\":{\"@type\":\"EntryPoint\",\"urlTemplate\":\"https:\/\/futbolhoy.co\/?s={search_term_string}\"},\"query-input\":{\"@type\":\"PropertyValueSpecification\",\"valueRequired\":true,\"valueName\":\"search_term_string\"}}],\"inLanguage\":\"es\"},{\"@type\":\"Organization\",\"@id\":\"https:\/\/futbolhoy.co\/#organization\",\"name\":\"Futbolhoy.co\",\"url\":\"https:\/\/futbolhoy.co\/\",\"logo\":{\"@type\":\"ImageObject\",\"inLanguage\":\"es\",\"@id\":\"https:\/\/futbolhoy.co\/#\/schema\/logo\/image\/\",\"url\":\"https:\/\/futbolhoy.co\/wp-content\/uploads\/2018\/08\/17426380_1906371736249227_6326180412931521141_n.jpg\",\"contentUrl\":\"https:\/\/futbolhoy.co\/wp-content\/uploads\/2018\/08\/17426380_1906371736249227_6326180412931521141_n.jpg\",\"width\":960,\"height\":960,\"caption\":\"Futbolhoy.co\"},\"image\":{\"@id\":\"https:\/\/futbolhoy.co\/#\/schema\/logo\/image\/\"},\"sameAs\":[\"https:\/\/www.facebook.com\/FutbolHoyCol\/\",\"https:\/\/x.com\/FutbolHoyCol\",\"https:\/\/www.instagram.com\/futbolhoycol\/\"]},{\"@type\":\"Person\",\"@id\":\"https:\/\/futbolhoy.co\/#\/schema\/person\/1721b69355b6623eaff15ac7b92d4cc3\",\"name\":\"contenido\",\"image\":{\"@type\":\"ImageObject\",\"inLanguage\":\"es\",\"@id\":\"https:\/\/futbolhoy.co\/#\/schema\/person\/image\/\",\"url\":\"https:\/\/secure.gravatar.com\/avatar\/4f656d3256f5134f466206e7c3941518?s=96&d=mm&r=g\",\"contentUrl\":\"https:\/\/secure.gravatar.com\/avatar\/4f656d3256f5134f466206e7c3941518?s=96&d=mm&r=g\",\"caption\":\"contenido\"}}]}<\/script>\n<!-- \/ Yoast SEO plugin. -->","yoast_head_json":{"title":"\u00bfSantos Borr\u00e9 prende alarmas?, no termin\u00f3 el entrenamiento con su club -","robots":{"index":"index","follow":"follow","max-snippet":"max-snippet:-1","max-image-preview":"max-image-preview:large","max-video-preview":"max-video-preview:-1"},"canonical":"https:\/\/futbolhoy.co\/index.php\/2024\/01\/03\/santos-borre-prende-alarmas-no-termino-el-entrenamiento-con-su-club\/","og_locale":"es_ES","og_type":"article","og_title":"\u00bfSantos Borr\u00e9 prende alarmas?, no termin\u00f3 el entrenamiento con su club -","og_description":"Rafael Santos Borr\u00e9 regres\u00f3 este mi\u00e9rcoles a los entrenamientos del Werder Bremen luego de haber tenido un periodo de vacaciones en Colombia. El jugador colombiano tuvo un d\u00eda m\u00e1s de permiso por el desplazamiento hecho. Sin embargo, prendi\u00f3 las alarmas luego de que no pudiera completar el entrenamiento a la par de sus compa\u00f1eros por [&hellip;]","og_url":"https:\/\/futbolhoy.co\/index.php\/2024\/01\/03\/santos-borre-prende-alarmas-no-termino-el-entrenamiento-con-su-club\/","article_publisher":"https:\/\/www.facebook.com\/FutbolHoyCol\/","article_published_time":"2024-01-03T14:13:46+00:00","article_modified_time":"2024-01-04T11:17:18+00:00","og_image":[{"width":577,"height":453,"url":"https:\/\/futbolhoy.co\/wp-content\/uploads\/2024\/01\/Borre.png","type":"image\/png"}],"author":"contenido","twitter_card":"summary_large_image","twitter_creator":"@FutbolHoyCol","twitter_site":"@FutbolHoyCol","twitter_misc":{"Escrito por":"contenido","Tiempo de lectura":"1 minuto"},"schema":{"@context":"https:\/\/schema.org","@graph":[{"@type":"Article","@id":"https:\/\/futbolhoy.co\/index.php\/2024\/01\/03\/santos-borre-prende-alarmas-no-termino-el-entrenamiento-con-su-club\/#article","isPartOf":{"@id":"https:\/\/futbolhoy.co\/index.php\/2024\/01\/03\/santos-borre-prende-alarmas-no-termino-el-entrenamiento-con-su-club\/"},"author":{"name":"contenido","@id":"https:\/\/futbolhoy.co\/#\/schema\/person\/1721b69355b6623eaff15ac7b92d4cc3"},"headline":"\u00bfSantos Borr\u00e9 prende alarmas?, no termin\u00f3 el entrenamiento con su club","datePublished":"2024-01-03T14:13:46+00:00","dateModified":"2024-01-04T11:17:18+00:00","mainEntityOfPage":{"@id":"https:\/\/futbolhoy.co\/index.php\/2024\/01\/03\/santos-borre-prende-alarmas-no-termino-el-entrenamiento-con-su-club\/"},"wordCount":159,"commentCount":0,"publisher":{"@id":"https:\/\/futbolhoy.co\/#organization"},"image":{"@id":"https:\/\/futbolhoy.co\/index.php\/2024\/01\/03\/santos-borre-prende-alarmas-no-termino-el-entrenamiento-con-su-club\/#primaryimage"},"thumbnailUrl":"https:\/\/futbolhoy.co\/wp-content\/uploads\/2024\/01\/Borre.png","articleSection":["Colombia"],"inLanguage":"es","potentialAction":[{"@type":"CommentAction","name":"Comment","target":["https:\/\/futbolhoy.co\/index.php\/2024\/01\/03\/santos-borre-prende-alarmas-no-termino-el-entrenamiento-con-su-club\/#respond"]}]},{"@type":"WebPage","@id":"https:\/\/futbolhoy.co\/index.php\/2024\/01\/03\/santos-borre-prende-alarmas-no-termino-el-entrenamiento-con-su-club\/","url":"https:\/\/futbolhoy.co\/index.php\/2024\/01\/03\/santos-borre-prende-alarmas-no-termino-el-entrenamiento-con-su-club\/","name":"\u00bfSantos Borr\u00e9 prende alarmas?, no termin\u00f3 el entrenamiento con su club -","isPartOf":{"@id":"https:\/\/futbolhoy.co\/#website"},"primaryImageOfPage":{"@id":"https:\/\/futbolhoy.co\/index.php\/2024\/01\/03\/santos-borre-prende-alarmas-no-termino-el-entrenamiento-con-su-club\/#primaryimage"},"image":{"@id":"https:\/\/futbolhoy.co\/index.php\/2024\/01\/03\/santos-borre-prende-alarmas-no-termino-el-entrenamiento-con-su-club\/#primaryimage"},"thumbnailUrl":"https:\/\/futbolhoy.co\/wp-content\/uploads\/2024\/01\/Borre.png","datePublished":"2024-01-03T14:13:46+00:00","dateModified":"2024-01-04T11:17:18+00:00","breadcrumb":{"@id":"https:\/\/futbolhoy.co\/index.php\/2024\/01\/03\/santos-borre-prende-alarmas-no-termino-el-entrenamiento-con-su-club\/#breadcrumb"},"inLanguage":"es","potentialAction":[{"@type":"ReadAction","target":["https:\/\/futbolhoy.co\/index.php\/2024\/01\/03\/santos-borre-prende-alarmas-no-termino-el-entrenamiento-con-su-club\/"]}]},{"@type":"ImageObject","inLanguage":"es","@id":"https:\/\/futbolhoy.co\/index.php\/2024\/01\/03\/santos-borre-prende-alarmas-no-termino-el-entrenamiento-con-su-club\/#primaryimage","url":"https:\/\/futbolhoy.co\/wp-content\/uploads\/2024\/01\/Borre.png","contentUrl":"https:\/\/futbolhoy.co\/wp-content\/uploads\/2024\/01\/Borre.png","width":577,"height":453},{"@type":"BreadcrumbList","@id":"https:\/\/futbolhoy.co\/index.php\/2024\/01\/03\/santos-borre-prende-alarmas-no-termino-el-entrenamiento-con-su-club\/#breadcrumb","itemListElement":[{"@type":"ListItem","position":1,"name":"Portada","item":"https:\/\/futbolhoy.co\/"},{"@type":"ListItem","position":2,"name":"\u00bfSantos Borr\u00e9 prende alarmas?, no termin\u00f3 el entrenamiento con su club"}]},{"@type":"WebSite","@id":"https:\/\/futbolhoy.co\/#website","url":"https:\/\/futbolhoy.co\/","name":"FutbolHoy","description":"","publisher":{"@id":"https:\/\/futbolhoy.co\/#organization"},"potentialAction":[{"@type":"SearchAction","target":{"@type":"EntryPoint","urlTemplate":"https:\/\/futbolhoy.co\/?s={search_term_string}"},"query-input":{"@type":"PropertyValueSpecification","valueRequired":true,"valueName":"search_term_string"}}],"inLanguage":"es"},{"@type":"Organization","@id":"https:\/\/futbolhoy.co\/#organization","name":"Futbolhoy.co","url":"https:\/\/futbolhoy.co\/","logo":{"@type":"ImageObject","inLanguage":"es","@id":"https:\/\/futbolhoy.co\/#\/schema\/logo\/image\/","url":"https:\/\/futbolhoy.co\/wp-content\/uploads\/2018\/08\/17426380_1906371736249227_6326180412931521141_n.jpg","contentUrl":"https:\/\/futbolhoy.co\/wp-content\/uploads\/2018\/08\/17426380_1906371736249227_6326180412931521141_n.jpg","width":960,"height":960,"caption":"Futbolhoy.co"},"image":{"@id":"https:\/\/futbolhoy.co\/#\/schema\/logo\/image\/"},"sameAs":["https:\/\/www.facebook.com\/FutbolHoyCol\/","https:\/\/x.com\/FutbolHoyCol","https:\/\/www.instagram.com\/futbolhoycol\/"]},{"@type":"Person","@id":"https:\/\/futbolhoy.co\/#\/schema\/person\/1721b69355b6623eaff15ac7b92d4cc3","name":"contenido","image":{"@type":"ImageObject","inLanguage":"es","@id":"https:\/\/futbolhoy.co\/#\/schema\/person\/image\/","url":"https:\/\/secure.gravatar.com\/avatar\/4f656d3256f5134f466206e7c3941518?s=96&d=mm&r=g","contentUrl":"https:\/\/secure.gravatar.com\/avatar\/4f656d3256f5134f466206e7c3941518?s=96&d=mm&r=g","caption":"contenido"}}]}},"publishpress_future_action":{"enabled":false,"date":"2026-05-02 03:43:15","action":"change-status","newStatus":"draft","terms":[],"taxonomy":"category","extraData":[]},"publishpress_future_workflow_manual_trigger":{"enabledWorkflows":[]},"_links":{"self":[{"href":"https:\/\/futbolhoy.co\/index.php\/wp-json\/wp\/v2\/posts\/102660","targetHints":{"allow":["GET"]}}],"collection":[{"href":"https:\/\/futbolhoy.co\/index.php\/wp-json\/wp\/v2\/posts"}],"about":[{"href":"https:\/\/futbolhoy.co\/index.php\/wp-json\/wp\/v2\/types\/post"}],"author":[{"embeddable":true,"href":"https:\/\/futbolhoy.co\/index.php\/wp-json\/wp\/v2\/users\/4"}],"replies":[{"embeddable":true,"href":"https:\/\/futbolhoy.co\/index.php\/wp-json\/wp\/v2\/comments?post=102660"}],"version-history":[{"count":1,"href":"https:\/\/futbolhoy.co\/index.php\/wp-json\/wp\/v2\/posts\/102660\/revisions"}],"predecessor-version":[{"id":102662,"href":"https:\/\/futbolhoy.co\/index.php\/wp-json\/wp\/v2\/posts\/102660\/revisions\/102662"}],"wp:featuredmedia":[{"embeddable":true,"href":"https:\/\/futbolhoy.co\/index.php\/wp-json\/wp\/v2\/media\/102661"}],"wp:attachment":[{"href":"https:\/\/futbolhoy.co\/index.php\/wp-json\/wp\/v2\/media?parent=102660"}],"wp:term":[{"taxonomy":"category","embeddable":true,"href":"https:\/\/futbolhoy.co\/index.php\/wp-json\/wp\/v2\/categories?post=102660"},{"taxonomy":"post_tag","embeddable":true,"href":"https:\/\/futbolhoy.co\/index.php\/wp-json\/wp\/v2\/tags?post=102660"}],"curies":[{"name":"wp","href":"https:\/\/api.w.org\/{rel}","templated":true}]}}