{"id":102720,"date":"2024-01-05T20:01:11","date_gmt":"2024-01-06T01:01:11","guid":{"rendered":"https:\/\/futbolhoy.co\/?p=102720"},"modified":"2024-01-06T20:48:28","modified_gmt":"2024-01-07T01:48:28","slug":"los-23-convocados-por-la-seleccion-colombia-para-el-preolimpico","status":"publish","type":"post","link":"https:\/\/futbolhoy.co\/index.php\/2024\/01\/05\/los-23-convocados-por-la-seleccion-colombia-para-el-preolimpico\/","title":{"rendered":"Los 23 convocados por la Selecci\u00f3n Colombia para el Preol\u00edmpico"},"content":{"rendered":"<p style=\"font-weight: 400; text-align: justify;\"><span style=\"font-family: helvetica, arial, sans-serif;\"><span style=\"font-weight: 400;\">En julio pr\u00f3ximo se vivir\u00e1n los <\/span><b>Juegos Ol\u00edmpicos de Par\u00eds,<\/b><span style=\"font-weight: 400;\"> en los que la <\/span><b>Selecci\u00f3n Colombia espera decir presente<\/b><span style=\"font-weight: 400;\"> en f\u00fatbol y para ello deber\u00e1 conseguir un cupo en el <\/span><b>Torneo Preol\u00edmpic<\/b><span style=\"font-weight: 400;\">o que se disputar\u00e1 en Venezuela.\u00a0<\/span><\/span><\/p>\n<p style=\"font-weight: 400; text-align: justify;\"><span style=\"font-family: helvetica, arial, sans-serif;\"><b>Del 20 de enero al 11 de febrero <\/b><span style=\"font-weight: 400;\">las selecciones sudamericanas luchar\u00e1n por el cupo a los Juegos Ol\u00edmpicos de Par\u00eds. La Selecci\u00f3n Colombia debutar\u00e1 ante Ecuador en el estadio Nacional de Caracas.\u00a0<\/span><\/span><\/p>\n<p style=\"font-weight: 400; text-align: justify;\"><span style=\"font-family: helvetica, arial, sans-serif;\"><span style=\"font-weight: 400;\">El t\u00e9cnico <\/span><b>H\u00e9ctor C\u00e1rdenas hizo oficial<\/b><span style=\"font-weight: 400;\"> este viernes la convocatoria de 23 jugadores que integrar\u00e1n la Selecci\u00f3n Colombia Sub 23 en el Torneo Preol\u00edmpico de Venezuela.\u00a0<\/span><\/span><\/p>\n<p style=\"font-weight: 400; text-align: justify;\"><span style=\"font-family: helvetica, arial, sans-serif;\"><b>La lista de Colombia:\u00a0<\/b><\/span><\/p>\n<p style=\"font-weight: 400; text-align: justify;\"><span style=\"font-weight: 400; font-family: helvetica, arial, sans-serif;\">Arqueros: Luis Miguel Marquinez (Nacional), Alejandro Rodr\u00edguez (Cali) y Sebasti\u00e1n Guerra (Atl\u00e9tico Huila).<\/span><\/p>\n<p style=\"font-weight: 400; text-align: justify;\"><span style=\"font-weight: 400; font-family: helvetica, arial, sans-serif;\">Defensas: Fernando \u00c1lvarez (CF Montreal), Cristian Castro Devenish (Nacional), Samuel Vel\u00e1squez (Nacional), Juan David Mosquera (Portland Timbers), Devan Tanton (Fulham) y Brayan Andr\u00e9s Ceballos (Junior).<\/span><\/p>\n<p style=\"font-weight: 400; text-align: justify;\"><span style=\"font-weight: 400; font-family: helvetica, arial, sans-serif;\">Volantes: Juan Andr\u00e9s Castilla (Cali), Jhojan Camilo Torres (Santa Fe), Nelson Palacio (Real Salt Lake), Daniel Ruiz (Millonarios), Jimer Fory (Pereira), Yani Quintero (Red Bull Bragantino) y Josen Escobar (Am\u00e9rica).<\/span><\/p>\n<p style=\"font-weight: 400; text-align: justify;\"><span style=\"font-weight: 400; font-family: helvetica, arial, sans-serif;\">Delanteros: Brahian Palacios (Nacional), Oscar Cort\u00e9s (RC Lens), Carlos Andr\u00e9s G\u00f3mez (Real Salt Lake), Oscar Andr\u00e9s Perea (Nacional), Kener Julian Valencia (Pereira), Edwin Mosquera (Atlanta United) y Carlos Cort\u00e9s (Cortulu\u00e1).<\/span><\/p>\n","protected":false},"excerpt":{"rendered":"<p>En julio pr\u00f3ximo se vivir\u00e1n los Juegos Ol\u00edmpicos de Par\u00eds, en los que la Selecci\u00f3n Colombia espera decir presente en f\u00fatbol y para ello deber\u00e1 conseguir un cupo en el Torneo Preol\u00edmpico que se disputar\u00e1 en Venezuela.\u00a0 Del 20 de enero al 11 de febrero las selecciones sudamericanas luchar\u00e1n por el cupo a los Juegos [&hellip;]<\/p>\n","protected":false},"author":4,"featured_media":102721,"comment_status":"open","ping_status":"closed","sticky":false,"template":"","format":"standard","meta":{"_acf_changed":false,"footnotes":""},"categories":[418],"tags":[],"class_list":{"0":"post-102720","1":"post","2":"type-post","3":"status-publish","4":"format-standard","5":"has-post-thumbnail","7":"category-colombia"},"acf":[],"_links":{"self":[{"href":"https:\/\/futbolhoy.co\/index.php\/wp-json\/wp\/v2\/posts\/102720","targetHints":{"allow":["GET"]}}],"collection":[{"href":"https:\/\/futbolhoy.co\/index.php\/wp-json\/wp\/v2\/posts"}],"about":[{"href":"https:\/\/futbolhoy.co\/index.php\/wp-json\/wp\/v2\/types\/post"}],"author":[{"embeddable":true,"href":"https:\/\/futbolhoy.co\/index.php\/wp-json\/wp\/v2\/users\/4"}],"replies":[{"embeddable":true,"href":"https:\/\/futbolhoy.co\/index.php\/wp-json\/wp\/v2\/comments?post=102720"}],"version-history":[{"count":1,"href":"https:\/\/futbolhoy.co\/index.php\/wp-json\/wp\/v2\/posts\/102720\/revisions"}],"predecessor-version":[{"id":102722,"href":"https:\/\/futbolhoy.co\/index.php\/wp-json\/wp\/v2\/posts\/102720\/revisions\/102722"}],"wp:featuredmedia":[{"embeddable":true,"href":"https:\/\/futbolhoy.co\/index.php\/wp-json\/wp\/v2\/media\/102721"}],"wp:attachment":[{"href":"https:\/\/futbolhoy.co\/index.php\/wp-json\/wp\/v2\/media?parent=102720"}],"wp:term":[{"taxonomy":"category","embeddable":true,"href":"https:\/\/futbolhoy.co\/index.php\/wp-json\/wp\/v2\/categories?post=102720"},{"taxonomy":"post_tag","embeddable":true,"href":"https:\/\/futbolhoy.co\/index.php\/wp-json\/wp\/v2\/tags?post=102720"}],"curies":[{"name":"wp","href":"https:\/\/api.w.org\/{rel}","templated":true}]}}