{"id":10288,"date":"2017-11-28T19:28:35","date_gmt":"2017-11-29T00:28:35","guid":{"rendered":"http:\/\/futbolhoy.co\/?p=10288"},"modified":"2017-11-28T19:33:31","modified_gmt":"2017-11-29T00:33:31","slug":"jeisson-murillo-operado-satisfactoriamente","status":"publish","type":"post","link":"https:\/\/futbolhoy.co\/index.php\/2017\/11\/28\/jeisson-murillo-operado-satisfactoriamente\/","title":{"rendered":"Jeisson Murillo operado satisfactoriamente"},"content":{"rendered":"<p style=\"text-align: justify;\"><span style=\"font-weight: 400;\">El defensa central colombiano del Valencia espa\u00f1ol, <\/span><b>Jeison Murillo<\/b><span style=\"font-weight: 400;\">, fue operado con \u00e9xito en <\/span><b>M\u00fanich<\/b><span style=\"font-weight: 400;\"> de una hernia inguinal y est\u00e1 previsto que ma\u00f1ana regrese a <\/span><b>Espa\u00f1a<\/b><span style=\"font-weight: 400;\">, seg\u00fan inform\u00f3 el club ib\u00e9rico.<\/span><span style=\"font-weight: 400;\"><br \/>\n<\/span><span style=\"font-weight: 400;\"><br \/>\n<\/span><span style=\"font-weight: 400;\">\u00abEst\u00e1 previsto Murillo reciba el alta m\u00e9dica y hospitalaria este mi\u00e9rcoles para regresar a <\/span><b>Valencia <\/b><span style=\"font-weight: 400;\">y realizar all\u00ed el seguimiento de su evoluci\u00f3n\u00bb, se\u00f1al\u00f3 el comunicado del conjunto \u2018che\u2019.<\/span><span style=\"font-weight: 400;\"><br \/>\n<\/span><span style=\"font-weight: 400;\"><br \/>\n<\/span><span style=\"font-weight: 400;\">El zaguero central colombiano se lesion\u00f3 en el encuentro de la jornada 13 ante el <\/span><b>Espanyol<\/b><span style=\"font-weight: 400;\">. Sinti\u00f3 molestias de pubis, una sintomatolog\u00eda que ha revelado que sufr\u00eda una hernia y, tras las pruebas que le hicieron el lunes en <\/span><b>Alemania<\/b><span style=\"font-weight: 400;\">, se le aconsej\u00f3 que fuera operado.<\/span><span style=\"font-weight: 400;\"><br \/>\n<\/span><span style=\"font-weight: 400;\"><br \/>\n<\/span><span style=\"font-weight: 400;\">El tiempo estipulado para que Murillo pueda volver a las canchas es de seis a ocho semanas.<\/span><\/p>\n<p><span style=\"font-weight: 400;\">\u00a0<\/span><\/p>\n","protected":false},"excerpt":{"rendered":"<p>El defensa central colombiano del Valencia espa\u00f1ol, Jeison Murillo, fue operado con \u00e9xito en M\u00fanich de una hernia inguinal y est\u00e1 previsto que ma\u00f1ana regrese a Espa\u00f1a, seg\u00fan inform\u00f3 el club ib\u00e9rico. \u00abEst\u00e1 previsto Murillo reciba el alta m\u00e9dica y hospitalaria este mi\u00e9rcoles para regresar a Valencia y realizar all\u00ed el seguimiento de su evoluci\u00f3n\u00bb, [&hellip;]<\/p>\n","protected":false},"author":5,"featured_media":10292,"comment_status":"open","ping_status":"closed","sticky":false,"template":"","format":"standard","meta":{"_acf_changed":false,"footnotes":""},"categories":[5,153],"tags":[475,483],"class_list":{"0":"post-10288","1":"post","2":"type-post","3":"status-publish","4":"format-standard","5":"has-post-thumbnail","7":"category-destacados","8":"category-selecion-colombia","9":"tag-jeison-murillo","10":"tag-valencia-fc"},"acf":[],"_links":{"self":[{"href":"https:\/\/futbolhoy.co\/index.php\/wp-json\/wp\/v2\/posts\/10288","targetHints":{"allow":["GET"]}}],"collection":[{"href":"https:\/\/futbolhoy.co\/index.php\/wp-json\/wp\/v2\/posts"}],"about":[{"href":"https:\/\/futbolhoy.co\/index.php\/wp-json\/wp\/v2\/types\/post"}],"author":[{"embeddable":true,"href":"https:\/\/futbolhoy.co\/index.php\/wp-json\/wp\/v2\/users\/5"}],"replies":[{"embeddable":true,"href":"https:\/\/futbolhoy.co\/index.php\/wp-json\/wp\/v2\/comments?post=10288"}],"version-history":[{"count":1,"href":"https:\/\/futbolhoy.co\/index.php\/wp-json\/wp\/v2\/posts\/10288\/revisions"}],"predecessor-version":[{"id":10295,"href":"https:\/\/futbolhoy.co\/index.php\/wp-json\/wp\/v2\/posts\/10288\/revisions\/10295"}],"wp:featuredmedia":[{"embeddable":true,"href":"https:\/\/futbolhoy.co\/index.php\/wp-json\/wp\/v2\/media\/10292"}],"wp:attachment":[{"href":"https:\/\/futbolhoy.co\/index.php\/wp-json\/wp\/v2\/media?parent=10288"}],"wp:term":[{"taxonomy":"category","embeddable":true,"href":"https:\/\/futbolhoy.co\/index.php\/wp-json\/wp\/v2\/categories?post=10288"},{"taxonomy":"post_tag","embeddable":true,"href":"https:\/\/futbolhoy.co\/index.php\/wp-json\/wp\/v2\/tags?post=10288"}],"curies":[{"name":"wp","href":"https:\/\/api.w.org\/{rel}","templated":true}]}}