{"id":10289,"date":"2017-11-28T19:32:05","date_gmt":"2017-11-29T00:32:05","guid":{"rendered":"http:\/\/futbolhoy.co\/?p=10289"},"modified":"2017-11-28T19:32:05","modified_gmt":"2017-11-29T00:32:05","slug":"historico-empate-del-fuenlabrada-en-el-bernabeu","status":"publish","type":"post","link":"https:\/\/futbolhoy.co\/index.php\/2017\/11\/28\/historico-empate-del-fuenlabrada-en-el-bernabeu\/","title":{"rendered":"Hist\u00f3rico empate del Fuenlabrada en el Bernab\u00e9u"},"content":{"rendered":"<p style=\"text-align: justify;\"><span style=\"font-weight: 400;\">El <\/span><b>Real Madrid<\/b><span style=\"font-weight: 400;\"> empat\u00f3 2-2 en condici\u00f3n de local con el Fuenlabrada, de la Segunda Divisi\u00f3n B, y se clasific\u00f3 a los octavos de final de la <\/span><b>Copa del Rey<\/b><span style=\"font-weight: 400;\">, gracias al triunfo 0-2 que hab\u00eda logrado en el partido de ida de la serie.<\/span><\/p>\n<p style=\"text-align: justify;\"><span style=\"font-weight: 400;\">El <\/span><b>Fuenlabrada <\/b><span style=\"font-weight: 400;\">se convirti\u00f3 en el primer equipo de una categor\u00eda inferior que empata en el m\u00edtico estadio de la capital espa\u00f1ola durante la Copa del Rey, gracias a un excelente planteamiento t\u00e1ctico, que lo llev\u00f3 a dominar los primeros 45 minutos e incluso irse arriba en el marcador por intermedio de <\/span><b>Milla<\/b><span style=\"font-weight: 400;\">.<\/span><\/p>\n<p style=\"text-align: justify;\"><span style=\"font-weight: 400;\">Para el segundo tiempo y con el ingreso del gal\u00e9s <\/span><b>Gareth Bale<\/b><span style=\"font-weight: 400;\">, el Madrid mejor\u00f3 sus incursiones ofensivas y convirti\u00f3 a trav\u00e9s de Borja Mayoral en dos oportunidades; para que <\/span><b>\u00c1lvaro Portilla<\/b><span style=\"font-weight: 400;\"> igualara el partido en el \u00faltimo minuto.<\/span><\/p>\n","protected":false},"excerpt":{"rendered":"<p>El Real Madrid empat\u00f3 2-2 en condici\u00f3n de local con el Fuenlabrada, de la Segunda Divisi\u00f3n B, y se clasific\u00f3 a los octavos de final de la Copa del Rey, gracias al triunfo 0-2 que hab\u00eda logrado en el partido de ida de la serie. El Fuenlabrada se convirti\u00f3 en el primer equipo de una [&hellip;]<\/p>\n","protected":false},"author":5,"featured_media":10290,"comment_status":"open","ping_status":"closed","sticky":false,"template":"","format":"standard","meta":{"_acf_changed":false,"footnotes":""},"categories":[5,152],"tags":[500,110],"class_list":{"0":"post-10289","1":"post","2":"type-post","3":"status-publish","4":"format-standard","5":"has-post-thumbnail","7":"category-destacados","8":"category-mundo-futbol","9":"tag-bernabeu","10":"tag-real-madrid"},"acf":[],"_links":{"self":[{"href":"https:\/\/futbolhoy.co\/index.php\/wp-json\/wp\/v2\/posts\/10289","targetHints":{"allow":["GET"]}}],"collection":[{"href":"https:\/\/futbolhoy.co\/index.php\/wp-json\/wp\/v2\/posts"}],"about":[{"href":"https:\/\/futbolhoy.co\/index.php\/wp-json\/wp\/v2\/types\/post"}],"author":[{"embeddable":true,"href":"https:\/\/futbolhoy.co\/index.php\/wp-json\/wp\/v2\/users\/5"}],"replies":[{"embeddable":true,"href":"https:\/\/futbolhoy.co\/index.php\/wp-json\/wp\/v2\/comments?post=10289"}],"version-history":[{"count":1,"href":"https:\/\/futbolhoy.co\/index.php\/wp-json\/wp\/v2\/posts\/10289\/revisions"}],"predecessor-version":[{"id":10297,"href":"https:\/\/futbolhoy.co\/index.php\/wp-json\/wp\/v2\/posts\/10289\/revisions\/10297"}],"wp:featuredmedia":[{"embeddable":true,"href":"https:\/\/futbolhoy.co\/index.php\/wp-json\/wp\/v2\/media\/10290"}],"wp:attachment":[{"href":"https:\/\/futbolhoy.co\/index.php\/wp-json\/wp\/v2\/media?parent=10289"}],"wp:term":[{"taxonomy":"category","embeddable":true,"href":"https:\/\/futbolhoy.co\/index.php\/wp-json\/wp\/v2\/categories?post=10289"},{"taxonomy":"post_tag","embeddable":true,"href":"https:\/\/futbolhoy.co\/index.php\/wp-json\/wp\/v2\/tags?post=10289"}],"curies":[{"name":"wp","href":"https:\/\/api.w.org\/{rel}","templated":true}]}}