{"id":102897,"date":"2024-01-11T08:12:56","date_gmt":"2024-01-11T13:12:56","guid":{"rendered":"https:\/\/futbolhoy.co\/?p=102897"},"modified":"2024-01-12T09:47:25","modified_gmt":"2024-01-12T14:47:25","slug":"giro-inesperado-teofilo-gutierrez-llegaria-a-nacional","status":"publish","type":"post","link":"https:\/\/futbolhoy.co\/index.php\/2024\/01\/11\/giro-inesperado-teofilo-gutierrez-llegaria-a-nacional\/","title":{"rendered":"Giro inesperado: Te\u00f3filo Guti\u00e9rrez llegar\u00eda a Nacional"},"content":{"rendered":"<p style=\"text-align: justify;\"><span style=\"font-family: helvetica, arial, sans-serif;\"><b>Te\u00f3filo Guti\u00e9rrez <\/b><span style=\"font-weight: 400;\">anunci\u00f3 en d\u00edas pasados que este 2024 ser\u00e1 su \u00faltimo a\u00f1o como jugador profesional y aunque todav\u00eda no tiene equipo para la temporada, s\u00ed tiene varias ofertas, una de ellas acaba de llegar de Uruguay, pues el delantero podr\u00eda fichar con <\/span><b>Nacional de Uruguay, <\/b><span style=\"font-weight: 400;\">tres veces <\/span><b>campe\u00f3n de la Copa Libertadores.<\/b><\/span><\/p>\n<p style=\"text-align: justify;\"><span style=\"font-family: helvetica, arial, sans-serif;\"><span style=\"font-weight: 400;\">Lo \u00faltimo que se conoci\u00f3 es que<\/span><b> Teo Guti\u00e9rrez ya estaba en conversaciones con Danubio <\/b><span style=\"font-weight: 400;\">de Uruguay, incluso se supo que ya ten\u00eda una oferta econ\u00f3mica que estaba analizando el entorno del futbolista colombiano.<\/span><\/span><\/p>\n<p style=\"text-align: justify;\"><span style=\"font-family: helvetica, arial, sans-serif;\"><span style=\"font-weight: 400;\">Su paso reciente po<\/span><b>r Deportivo Cali y Atl\u00e9tico Bucaramanga<\/b><span style=\"font-weight: 400;\"> no fue precisamente positivo. Teo Guti\u00e9rrez en 2023 apenas marc\u00f3 tres goles, todos en el cuadro azucarero y ninguno en el equipo leopardo.<\/span><\/span><\/p>\n<blockquote class=\"twitter-tweet\">\n<p dir=\"ltr\" lang=\"es\">AHORA| Uno se quiere ir de vacaciones y de repente, el desayuno lo sorprende con la bomba que <a href=\"https:\/\/twitter.com\/Nacional?ref_src=twsrc%5Etfw\">@Nacional<\/a> est\u00e1 por meter en el per\u00edodo de pases.<\/p>\n<p>El tricolor negocia con <a href=\"https:\/\/twitter.com\/TeoGutierrez_?ref_src=twsrc%5Etfw\">@TeoGutierrez_<\/a> hubo conversaciones hasta las 4.00 am de Uruguay, 2.00 am de Colombia.<\/p>\n<p>Pon\u00e9 <a href=\"https:\/\/twitter.com\/Sport890?ref_src=twsrc%5Etfw\">@Sport890<\/a> qu\u00e9 est\u00e1\u2026 <a href=\"https:\/\/t.co\/v4Tq8hpZVb\">pic.twitter.com\/v4Tq8hpZVb<\/a><\/p>\n<p>\u2014 Sebas Giovanelli (@SebasGiovanelli) <a href=\"https:\/\/twitter.com\/SebasGiovanelli\/status\/1745417994048606364?ref_src=twsrc%5Etfw\">January 11, 2024<\/a><\/p><\/blockquote>\n<p><script async src=\"https:\/\/platform.twitter.com\/widgets.js\" charset=\"utf-8\"><\/script><\/p>\n","protected":false},"excerpt":{"rendered":"<p>Te\u00f3filo Guti\u00e9rrez anunci\u00f3 en d\u00edas pasados que este 2024 ser\u00e1 su \u00faltimo a\u00f1o como jugador profesional y aunque todav\u00eda no tiene equipo para la temporada, s\u00ed tiene varias ofertas, una de ellas acaba de llegar de Uruguay, pues el delantero podr\u00eda fichar con Nacional de Uruguay, tres veces campe\u00f3n de la Copa Libertadores. Lo \u00faltimo [&hellip;]<\/p>\n","protected":false},"author":4,"featured_media":102898,"comment_status":"open","ping_status":"closed","sticky":false,"template":"","format":"standard","meta":{"_acf_changed":false,"footnotes":""},"categories":[7],"tags":[],"class_list":{"0":"post-102897","1":"post","2":"type-post","3":"status-publish","4":"format-standard","5":"has-post-thumbnail","7":"category-liga-betplay"},"acf":[],"_links":{"self":[{"href":"https:\/\/futbolhoy.co\/index.php\/wp-json\/wp\/v2\/posts\/102897","targetHints":{"allow":["GET"]}}],"collection":[{"href":"https:\/\/futbolhoy.co\/index.php\/wp-json\/wp\/v2\/posts"}],"about":[{"href":"https:\/\/futbolhoy.co\/index.php\/wp-json\/wp\/v2\/types\/post"}],"author":[{"embeddable":true,"href":"https:\/\/futbolhoy.co\/index.php\/wp-json\/wp\/v2\/users\/4"}],"replies":[{"embeddable":true,"href":"https:\/\/futbolhoy.co\/index.php\/wp-json\/wp\/v2\/comments?post=102897"}],"version-history":[{"count":2,"href":"https:\/\/futbolhoy.co\/index.php\/wp-json\/wp\/v2\/posts\/102897\/revisions"}],"predecessor-version":[{"id":102916,"href":"https:\/\/futbolhoy.co\/index.php\/wp-json\/wp\/v2\/posts\/102897\/revisions\/102916"}],"wp:featuredmedia":[{"embeddable":true,"href":"https:\/\/futbolhoy.co\/index.php\/wp-json\/wp\/v2\/media\/102898"}],"wp:attachment":[{"href":"https:\/\/futbolhoy.co\/index.php\/wp-json\/wp\/v2\/media?parent=102897"}],"wp:term":[{"taxonomy":"category","embeddable":true,"href":"https:\/\/futbolhoy.co\/index.php\/wp-json\/wp\/v2\/categories?post=102897"},{"taxonomy":"post_tag","embeddable":true,"href":"https:\/\/futbolhoy.co\/index.php\/wp-json\/wp\/v2\/tags?post=102897"}],"curies":[{"name":"wp","href":"https:\/\/api.w.org\/{rel}","templated":true}]}}