{"id":102900,"date":"2024-01-11T10:18:04","date_gmt":"2024-01-11T15:18:04","guid":{"rendered":"https:\/\/futbolhoy.co\/?p=102900"},"modified":"2024-01-12T13:29:21","modified_gmt":"2024-01-12T18:29:21","slug":"primera-baja-en-la-seleccion-colombia-para-el-preolimpico","status":"publish","type":"post","link":"https:\/\/futbolhoy.co\/index.php\/2024\/01\/11\/primera-baja-en-la-seleccion-colombia-para-el-preolimpico\/","title":{"rendered":"Primera baja en la Selecci\u00f3n Colombia para el Preol\u00edmpico"},"content":{"rendered":"<p style=\"font-weight: 400; text-align: justify;\"><span style=\"font-family: helvetica, arial, sans-serif;\"><b>La Selecci\u00f3n Colombia Sub 23 anunci\u00f3 este jueves su primera baja <\/b><span style=\"font-weight: 400;\">de cara al Preol\u00edmpico Sudamericano que se disputar\u00e1 en Venezuela a partir del pr\u00f3ximo 20 de enero. <\/span><b>Se trata del delantero de 22 a\u00f1os Kenner Valencia<\/b><span style=\"font-weight: 400;\">, quien no podr\u00e1 hacer parte de M\u00e1 convocatoria por una lesi\u00f3n muscular.\u00a0<\/span><\/span><\/p>\n<p style=\"font-weight: 400; text-align: justify;\"><span style=\"font-family: helvetica, arial, sans-serif;\"><span style=\"font-weight: 400;\">El jugador de Independiente Medell\u00edn sufri\u00f3 una lesi\u00f3n muscular \u201c<\/span><b>que le impide estar en plenitud de condiciones<\/b><span style=\"font-weight: 400;\">\u201d para disputar el Preol\u00edmpico en el que la Selecci\u00f3n Colombia buscar\u00e1 un cupo para los JJOO de Par\u00eds 2024.\u00a0<\/span><\/span><\/p>\n<p style=\"font-weight: 400; text-align: justify;\"><span style=\"font-family: helvetica, arial, sans-serif;\"><span style=\"font-weight: 400;\">La <\/span><b>FCF anunci\u00f3 de inmediato el reemplazo de Valencia<\/b><span style=\"font-weight: 400;\">, se trata del extremo izquierdo Nelson Qui\u00f1ones, actual jugador del <\/span><b>Houston Dynamo de la MLS de Estados Unidos<\/b><span style=\"font-weight: 400;\">, quien pr\u00f3ximamente se unir\u00e1 a la concentraci\u00f3n de la Tricolor.\u00a0<\/span><\/span><\/p>\n<p style=\"font-weight: 400; text-align: justify;\"><span style=\"font-family: helvetica, arial, sans-serif;\"><b>Colombia debutar\u00e1 en el Torneo Preol\u00edmpico <\/b><span style=\"font-weight: 400;\">Sudamericano el s\u00e1bado 20 de enero frente a Ecuador, en el Grupo A que integra tambi\u00e9n junto a <\/span><b>Brasil, Venezuela y Bolivia.\u00a0<\/b><\/span><\/p>\n","protected":false},"excerpt":{"rendered":"<p>La Selecci\u00f3n Colombia Sub 23 anunci\u00f3 este jueves su primera baja de cara al Preol\u00edmpico Sudamericano que se disputar\u00e1 en Venezuela a partir del pr\u00f3ximo 20 de enero. Se trata del delantero de 22 a\u00f1os Kenner Valencia, quien no podr\u00e1 hacer parte de M\u00e1 convocatoria por una lesi\u00f3n muscular.\u00a0 El jugador de Independiente Medell\u00edn sufri\u00f3 [&hellip;]<\/p>\n","protected":false},"author":4,"featured_media":102721,"comment_status":"open","ping_status":"closed","sticky":false,"template":"","format":"standard","meta":{"_acf_changed":false,"footnotes":""},"categories":[418],"tags":[],"class_list":{"0":"post-102900","1":"post","2":"type-post","3":"status-publish","4":"format-standard","5":"has-post-thumbnail","7":"category-colombia"},"acf":[],"_links":{"self":[{"href":"https:\/\/futbolhoy.co\/index.php\/wp-json\/wp\/v2\/posts\/102900","targetHints":{"allow":["GET"]}}],"collection":[{"href":"https:\/\/futbolhoy.co\/index.php\/wp-json\/wp\/v2\/posts"}],"about":[{"href":"https:\/\/futbolhoy.co\/index.php\/wp-json\/wp\/v2\/types\/post"}],"author":[{"embeddable":true,"href":"https:\/\/futbolhoy.co\/index.php\/wp-json\/wp\/v2\/users\/4"}],"replies":[{"embeddable":true,"href":"https:\/\/futbolhoy.co\/index.php\/wp-json\/wp\/v2\/comments?post=102900"}],"version-history":[{"count":1,"href":"https:\/\/futbolhoy.co\/index.php\/wp-json\/wp\/v2\/posts\/102900\/revisions"}],"predecessor-version":[{"id":102901,"href":"https:\/\/futbolhoy.co\/index.php\/wp-json\/wp\/v2\/posts\/102900\/revisions\/102901"}],"wp:featuredmedia":[{"embeddable":true,"href":"https:\/\/futbolhoy.co\/index.php\/wp-json\/wp\/v2\/media\/102721"}],"wp:attachment":[{"href":"https:\/\/futbolhoy.co\/index.php\/wp-json\/wp\/v2\/media?parent=102900"}],"wp:term":[{"taxonomy":"category","embeddable":true,"href":"https:\/\/futbolhoy.co\/index.php\/wp-json\/wp\/v2\/categories?post=102900"},{"taxonomy":"post_tag","embeddable":true,"href":"https:\/\/futbolhoy.co\/index.php\/wp-json\/wp\/v2\/tags?post=102900"}],"curies":[{"name":"wp","href":"https:\/\/api.w.org\/{rel}","templated":true}]}}