{"id":102902,"date":"2024-01-11T18:44:40","date_gmt":"2024-01-11T23:44:40","guid":{"rendered":"https:\/\/futbolhoy.co\/?p=102902"},"modified":"2024-01-13T08:11:21","modified_gmt":"2024-01-13T13:11:21","slug":"seleccion-colombia-sub-23-anuncian-nueva-baja-para-el-preolimpico","status":"publish","type":"post","link":"https:\/\/futbolhoy.co\/index.php\/2024\/01\/11\/seleccion-colombia-sub-23-anuncian-nueva-baja-para-el-preolimpico\/","title":{"rendered":"Selecci\u00f3n Colombia Sub-23: anuncian nueva baja para el Preol\u00edmpico"},"content":{"rendered":"<p style=\"text-align: justify;\"><span style=\"font-family: helvetica, arial, sans-serif;\">Dos bajas en la convocatoria ha sufrido la Selecci\u00f3n Colombia Sub-23 previo a la presentaci\u00f3n en el juego amistoso ante <strong>Rep\u00fablica Dominicana<\/strong> del pr\u00f3ximo viernes. Dicho duelo, servir\u00e1 de preparaci\u00f3n para el <strong>Torneo Preol\u00edmpico en Venezuela,<\/strong> que dar\u00e1 dos cupos a los Juegos Ol\u00edmpicos de Par\u00eds.<\/span><\/p>\n<p style=\"text-align: justify;\"><span style=\"font-family: helvetica, arial, sans-serif;\">A primera hora, la FCF inform\u00f3 que <strong>Kener Valencia<\/strong> abandon\u00f3 la concentraci\u00f3n debido a una lesi\u00f3n muscular que le imped\u00eda llegar a punto al certamen. En su reemplazo, fue citado <strong>Nelson Qui\u00f1ones,<\/strong> con paso en Once Caldas y actualmente en el <strong>Houston Dynamo.<\/strong><\/span><\/p>\n<p style=\"text-align: justify;\"><span style=\"font-family: helvetica, arial, sans-serif;\">Posteriormente, el equipo de H\u00e9ctor C\u00e1rdenas sufri\u00f3 la novedad con la baja de <strong>Edwin Stiven Mosquera<\/strong> tambi\u00e9n por problemas f\u00edsicos<strong>. Alejandro Garc\u00eda<\/strong>, de Once Caldas, fue citado en su lugar.<\/span><\/p>\n<p style=\"text-align: justify;\"><span style=\"font-family: helvetica, arial, sans-serif;\">Colombia iniciar\u00e1 su presentaci\u00f3n en el Preol\u00edmpico ante <strong>Ecuador<\/strong> el 20 de enero, luego se medir\u00e1 con Brasil, continuar\u00e1 con Venezuela y cerrar\u00e1 la fase de grupos contra Bolivia.<br \/>\n<\/span><\/p>\n","protected":false},"excerpt":{"rendered":"<p>Dos bajas en la convocatoria ha sufrido la Selecci\u00f3n Colombia Sub-23 previo a la presentaci\u00f3n en el juego amistoso ante Rep\u00fablica Dominicana del pr\u00f3ximo viernes. Dicho duelo, servir\u00e1 de preparaci\u00f3n para el Torneo Preol\u00edmpico en Venezuela, que dar\u00e1 dos cupos a los Juegos Ol\u00edmpicos de Par\u00eds. A primera hora, la FCF inform\u00f3 que Kener Valencia [&hellip;]<\/p>\n","protected":false},"author":4,"featured_media":102904,"comment_status":"open","ping_status":"closed","sticky":false,"template":"","format":"standard","meta":{"_acf_changed":false,"footnotes":""},"categories":[418],"tags":[],"class_list":{"0":"post-102902","1":"post","2":"type-post","3":"status-publish","4":"format-standard","5":"has-post-thumbnail","7":"category-colombia"},"acf":[],"_links":{"self":[{"href":"https:\/\/futbolhoy.co\/index.php\/wp-json\/wp\/v2\/posts\/102902","targetHints":{"allow":["GET"]}}],"collection":[{"href":"https:\/\/futbolhoy.co\/index.php\/wp-json\/wp\/v2\/posts"}],"about":[{"href":"https:\/\/futbolhoy.co\/index.php\/wp-json\/wp\/v2\/types\/post"}],"author":[{"embeddable":true,"href":"https:\/\/futbolhoy.co\/index.php\/wp-json\/wp\/v2\/users\/4"}],"replies":[{"embeddable":true,"href":"https:\/\/futbolhoy.co\/index.php\/wp-json\/wp\/v2\/comments?post=102902"}],"version-history":[{"count":2,"href":"https:\/\/futbolhoy.co\/index.php\/wp-json\/wp\/v2\/posts\/102902\/revisions"}],"predecessor-version":[{"id":102933,"href":"https:\/\/futbolhoy.co\/index.php\/wp-json\/wp\/v2\/posts\/102902\/revisions\/102933"}],"wp:featuredmedia":[{"embeddable":true,"href":"https:\/\/futbolhoy.co\/index.php\/wp-json\/wp\/v2\/media\/102904"}],"wp:attachment":[{"href":"https:\/\/futbolhoy.co\/index.php\/wp-json\/wp\/v2\/media?parent=102902"}],"wp:term":[{"taxonomy":"category","embeddable":true,"href":"https:\/\/futbolhoy.co\/index.php\/wp-json\/wp\/v2\/categories?post=102902"},{"taxonomy":"post_tag","embeddable":true,"href":"https:\/\/futbolhoy.co\/index.php\/wp-json\/wp\/v2\/tags?post=102902"}],"curies":[{"name":"wp","href":"https:\/\/api.w.org\/{rel}","templated":true}]}}