{"id":102923,"date":"2024-01-12T13:46:04","date_gmt":"2024-01-12T18:46:04","guid":{"rendered":"https:\/\/futbolhoy.co\/?p=102923"},"modified":"2024-01-13T17:31:39","modified_gmt":"2024-01-13T22:31:39","slug":"linda-caicedo-entre-las-mejores-15-del-mundo","status":"publish","type":"post","link":"https:\/\/futbolhoy.co\/index.php\/2024\/01\/12\/linda-caicedo-entre-las-mejores-15-del-mundo\/","title":{"rendered":"Linda Caicedo, entre las mejores 15 del mundo"},"content":{"rendered":"<p style=\"text-align: justify;\"><strong><span style=\"font-family: helvetica, arial, sans-serif;\"><span style=\"font-size: 16px;\">L<\/span><\/span>inda Caicedo<\/strong> no para de sumar reconocimientos a su corta carrera. La futbolista del Real Madrid fue elegida por el medio brit\u00e1nico <em><strong>The Guardian<\/strong><\/em> entre las mejores del mundo, m\u00e1s espec\u00edficamente en la casilla 13.<\/p>\n<p style=\"text-align: justify;\">Con su ubicaci\u00f3n, la vallecaucana supera a algunas campeonas del mundo con Espa\u00f1a como <strong>Olga Carmona o Jenni Hermoso<\/strong>. Esta \u00faltima, ser\u00e1 rival en los premios The Best, en los que Caicedo tambi\u00e9n es finalista.<\/p>\n<p style=\"text-align: justify;\">\u201cLa maravilla colombiana es la que <strong>m\u00e1s ha ascendido en la lista de este a\u00f1o,<\/strong> y entre su brillante debut en la Copa Mundial absoluta y su gran paso al Real Madrid, no es una sorpresa. Caicedo, con s\u00f3lo 18 a\u00f1os, tard\u00f3 poco en adaptarse a las grandes ligas despu\u00e9s de fichar por el Madrid en enero, terminando su primera mitad de temporada con dos goles y cuatro asistencias en la Liga F\u00bb, destaca The Guardian.<\/p>\n<p style=\"text-align: justify;\">Linda Caicedo produjo uno de los momentos del a\u00f1o con cierta brillantez individual para desbloquear a Alemania y poner a Colombia en el camino hacia una victoria trascendental en la <strong>Copa del Mundo<\/strong>. Lejos del producto terminado, la adolescente est\u00e1 en r\u00e1pido ascenso hasta la cima\u201d, a\u00f1ade el medio.<\/p>\n","protected":false},"excerpt":{"rendered":"<p>Linda Caicedo no para de sumar reconocimientos a su corta carrera. La futbolista del Real Madrid fue elegida por el medio brit\u00e1nico The Guardian entre las mejores del mundo, m\u00e1s espec\u00edficamente en la casilla 13. Con su ubicaci\u00f3n, la vallecaucana supera a algunas campeonas del mundo con Espa\u00f1a como Olga Carmona o Jenni Hermoso. Esta [&hellip;]<\/p>\n","protected":false},"author":4,"featured_media":102242,"comment_status":"open","ping_status":"closed","sticky":false,"template":"","format":"standard","meta":{"_acf_changed":false,"footnotes":""},"categories":[418],"tags":[],"class_list":{"0":"post-102923","1":"post","2":"type-post","3":"status-publish","4":"format-standard","5":"has-post-thumbnail","7":"category-colombia"},"acf":[],"_links":{"self":[{"href":"https:\/\/futbolhoy.co\/index.php\/wp-json\/wp\/v2\/posts\/102923","targetHints":{"allow":["GET"]}}],"collection":[{"href":"https:\/\/futbolhoy.co\/index.php\/wp-json\/wp\/v2\/posts"}],"about":[{"href":"https:\/\/futbolhoy.co\/index.php\/wp-json\/wp\/v2\/types\/post"}],"author":[{"embeddable":true,"href":"https:\/\/futbolhoy.co\/index.php\/wp-json\/wp\/v2\/users\/4"}],"replies":[{"embeddable":true,"href":"https:\/\/futbolhoy.co\/index.php\/wp-json\/wp\/v2\/comments?post=102923"}],"version-history":[{"count":1,"href":"https:\/\/futbolhoy.co\/index.php\/wp-json\/wp\/v2\/posts\/102923\/revisions"}],"predecessor-version":[{"id":102924,"href":"https:\/\/futbolhoy.co\/index.php\/wp-json\/wp\/v2\/posts\/102923\/revisions\/102924"}],"wp:featuredmedia":[{"embeddable":true,"href":"https:\/\/futbolhoy.co\/index.php\/wp-json\/wp\/v2\/media\/102242"}],"wp:attachment":[{"href":"https:\/\/futbolhoy.co\/index.php\/wp-json\/wp\/v2\/media?parent=102923"}],"wp:term":[{"taxonomy":"category","embeddable":true,"href":"https:\/\/futbolhoy.co\/index.php\/wp-json\/wp\/v2\/categories?post=102923"},{"taxonomy":"post_tag","embeddable":true,"href":"https:\/\/futbolhoy.co\/index.php\/wp-json\/wp\/v2\/tags?post=102923"}],"curies":[{"name":"wp","href":"https:\/\/api.w.org\/{rel}","templated":true}]}}