{"id":103135,"date":"2024-01-18T05:37:49","date_gmt":"2024-01-18T10:37:49","guid":{"rendered":"https:\/\/futbolhoy.co\/?p=103135"},"modified":"2024-01-18T19:37:11","modified_gmt":"2024-01-19T00:37:11","slug":"junior-presenta-su-nueva-camiseta","status":"publish","type":"post","link":"https:\/\/futbolhoy.co\/index.php\/2024\/01\/18\/junior-presenta-su-nueva-camiseta\/","title":{"rendered":"Junior presenta su nueva camiseta"},"content":{"rendered":"<p style=\"text-align: justify;\"><span style=\"font-family: helvetica, arial, sans-serif;\">La marca Adidas y <strong>Junior<\/strong> presentaron la camiseta titular con la cual el equipo barranquillero asumir\u00e1 las competiciones del <strong>2024<\/strong>. Destacaron la fusi\u00f3n entre la tradici\u00f3n y la innovaci\u00f3n, destacando la esencia definitiva que siempre ha caracterizado al club.<\/span><\/p>\n<p style=\"text-align: justify;\"><span style=\"font-family: helvetica, arial, sans-serif;\">\u201cEl uniforme conserva las ic\u00f3nicas rayas rojas y blancas del club, representando la pasi\u00f3n e intensidad del club y el Metropolitano, e incorporando la tecnolog\u00eda avanzada de Adidas. La camiseta es un homenaje a la trayectoria del club y su historia, unido al estilo contempor\u00e1neo. Como es tradici\u00f3n, se destacan <strong>las tres rayas ic\u00f3nicas de Adidas<\/strong> en un tono azul oscuro en los hombros y en su logo\u201d, anunciaron en el comunicado.<\/span><\/p>\n<p style=\"text-align: justify;\"><span style=\"font-family: helvetica, arial, sans-serif;\">Fabricada 100% con materiales reciclados, la prenda ser\u00e1 de <strong>299.950 mil pesos<\/strong> en la versi\u00f3n para hombre.<\/span><\/p>\n<p style=\"text-align: justify;\"><span style=\"font-family: helvetica, arial, sans-serif;\">La camiseta se estrenar\u00e1 en el estadio Metropolitano de Barranquilla en el duelo ante Millonarios por la ida de la <strong>Superliga BetPlay<\/strong> este jueves desde las 8:00 p.m. Junior afrontar\u00e1 las competencias locales y la Copa Libertadores.<\/span><\/p>\n<blockquote class=\"twitter-tweet\" data-width=\"550\" data-dnt=\"true\">\n<p lang=\"es\" dir=\"ltr\">La esencia de nuestra nueva camiseta capturada en cada detalle: Presentamos la nueva camiseta del Campe\u00f3n, del Junior de Barranquilla. <br \/>Encu\u00e9ntrala en <a href=\"https:\/\/t.co\/zV1WVqpexD\">https:\/\/t.co\/zV1WVqpexD<\/a> y en tiendas adidas a partir del 20 de Enero.<a href=\"https:\/\/twitter.com\/hashtag\/adidasfootball?src=hash&amp;ref_src=twsrc%5Etfw\">#adidasfootball<\/a> <a href=\"https:\/\/t.co\/SuhI1zHd90\">pic.twitter.com\/SuhI1zHd90<\/a><\/p>\n<p>&mdash; Junior FC (@JuniorClubSA) <a href=\"https:\/\/twitter.com\/JuniorClubSA\/status\/1747999420115763679?ref_src=twsrc%5Etfw\">January 18, 2024<\/a><\/p><\/blockquote>\n<p><script async src=\"https:\/\/platform.twitter.com\/widgets.js\" charset=\"utf-8\"><\/script><\/p>\n","protected":false},"excerpt":{"rendered":"<p>La marca Adidas y Junior presentaron la camiseta titular con la cual el equipo barranquillero asumir\u00e1 las competiciones del 2024. Destacaron la fusi\u00f3n entre la tradici\u00f3n y la innovaci\u00f3n, destacando la esencia definitiva que siempre ha caracterizado al club. \u201cEl uniforme conserva las ic\u00f3nicas rayas rojas y blancas del club, representando la pasi\u00f3n e intensidad [&hellip;]<\/p>\n","protected":false},"author":4,"featured_media":103136,"comment_status":"open","ping_status":"closed","sticky":false,"template":"","format":"standard","meta":{"_acf_changed":false,"footnotes":""},"categories":[7],"tags":[],"class_list":{"0":"post-103135","1":"post","2":"type-post","3":"status-publish","4":"format-standard","5":"has-post-thumbnail","7":"category-liga-betplay"},"acf":[],"_links":{"self":[{"href":"https:\/\/futbolhoy.co\/index.php\/wp-json\/wp\/v2\/posts\/103135","targetHints":{"allow":["GET"]}}],"collection":[{"href":"https:\/\/futbolhoy.co\/index.php\/wp-json\/wp\/v2\/posts"}],"about":[{"href":"https:\/\/futbolhoy.co\/index.php\/wp-json\/wp\/v2\/types\/post"}],"author":[{"embeddable":true,"href":"https:\/\/futbolhoy.co\/index.php\/wp-json\/wp\/v2\/users\/4"}],"replies":[{"embeddable":true,"href":"https:\/\/futbolhoy.co\/index.php\/wp-json\/wp\/v2\/comments?post=103135"}],"version-history":[{"count":1,"href":"https:\/\/futbolhoy.co\/index.php\/wp-json\/wp\/v2\/posts\/103135\/revisions"}],"predecessor-version":[{"id":103137,"href":"https:\/\/futbolhoy.co\/index.php\/wp-json\/wp\/v2\/posts\/103135\/revisions\/103137"}],"wp:featuredmedia":[{"embeddable":true,"href":"https:\/\/futbolhoy.co\/index.php\/wp-json\/wp\/v2\/media\/103136"}],"wp:attachment":[{"href":"https:\/\/futbolhoy.co\/index.php\/wp-json\/wp\/v2\/media?parent=103135"}],"wp:term":[{"taxonomy":"category","embeddable":true,"href":"https:\/\/futbolhoy.co\/index.php\/wp-json\/wp\/v2\/categories?post=103135"},{"taxonomy":"post_tag","embeddable":true,"href":"https:\/\/futbolhoy.co\/index.php\/wp-json\/wp\/v2\/tags?post=103135"}],"curies":[{"name":"wp","href":"https:\/\/api.w.org\/{rel}","templated":true}]}}