{"id":103138,"date":"2024-01-18T12:01:03","date_gmt":"2024-01-18T17:01:03","guid":{"rendered":"https:\/\/futbolhoy.co\/?p=103138"},"modified":"2024-01-19T12:28:48","modified_gmt":"2024-01-19T17:28:48","slug":"confirmados-los-dos-primeros-amistosos-de-la-seleccion-colombia","status":"publish","type":"post","link":"https:\/\/futbolhoy.co\/index.php\/2024\/01\/18\/confirmados-los-dos-primeros-amistosos-de-la-seleccion-colombia\/","title":{"rendered":"Confirmados los dos primeros amistosos de la Selecci\u00f3n Colombia"},"content":{"rendered":"<p style=\"text-align: justify;\"><span style=\"font-family: helvetica, arial, sans-serif;\">La <strong>Selecci\u00f3n Colombia<\/strong> no tendr\u00e1 competencia oficial durante el primer semestre del a\u00f1o, pues solo lo har\u00e1 hasta la <strong>Copa Am\u00e9rica<\/strong> de <strong>Estados Unidos<\/strong> entre el 20 de junio y el 14 de julio. Ante esto, deber\u00e1 recurrir a juegos de preparaci\u00f3n en la fecha <strong>FIFA<\/strong> de marzo.<\/span><\/p>\n<p style=\"text-align: justify;\"><span style=\"font-family: helvetica, arial, sans-serif;\">Luego de las especulaciones, el presidente de la <strong>Dimayor, Fernando Jaramillo,<\/strong> que oficia a su vez como vicepresidente de la <strong>Federaci\u00f3n Colombiana<\/strong> <strong>de F\u00fatbol,<\/strong> confirm\u00f3 en <strong>Caracol Radio<\/strong> que habr\u00e1 dos duelos ante <strong>Espa\u00f1a<\/strong> y <strong>Rumania.<\/strong><\/span><\/p>\n<p style=\"text-align: justify;\"><span style=\"font-family: helvetica, arial, sans-serif;\">\u201cSi, eso est\u00e1 confirmado y son dos partidos muy importantes con visibilidad grande y nos van a ayudar en la preparaci\u00f3n para la Copa Am\u00e9rica. Las sedes, s\u00ed, son uno en <strong>Madrid<\/strong> y otro en <strong>Londres\u201d,<\/strong> dijo Jaramillo.<\/span><\/p>\n<p style=\"text-align: justify;\"><span style=\"font-family: helvetica, arial, sans-serif;\">A falta de confirmar las fechas, ser\u00e1n dos rivales a nivel de <strong>Europa<\/strong> de pergaminos para preparar lo que ser\u00e1 el certamen continental. A nivel de <strong>Eliminatorias,<\/strong> el conjunto de <strong>N\u00e9stor Lorenzo<\/strong> deber\u00e1 esperar hasta septiembre para retomar ante <strong>Per\u00fa<\/strong> y <strong>Argentina.<\/strong><\/span><\/p>\n","protected":false},"excerpt":{"rendered":"<p>La Selecci\u00f3n Colombia no tendr\u00e1 competencia oficial durante el primer semestre del a\u00f1o, pues solo lo har\u00e1 hasta la Copa Am\u00e9rica de Estados Unidos entre el 20 de junio y el 14 de julio. Ante esto, deber\u00e1 recurrir a juegos de preparaci\u00f3n en la fecha FIFA de marzo. Luego de las especulaciones, el presidente de [&hellip;]<\/p>\n","protected":false},"author":4,"featured_media":92354,"comment_status":"open","ping_status":"closed","sticky":false,"template":"","format":"standard","meta":{"_acf_changed":false,"footnotes":""},"categories":[418],"tags":[],"class_list":{"0":"post-103138","1":"post","2":"type-post","3":"status-publish","4":"format-standard","5":"has-post-thumbnail","7":"category-colombia"},"acf":[],"_links":{"self":[{"href":"https:\/\/futbolhoy.co\/index.php\/wp-json\/wp\/v2\/posts\/103138","targetHints":{"allow":["GET"]}}],"collection":[{"href":"https:\/\/futbolhoy.co\/index.php\/wp-json\/wp\/v2\/posts"}],"about":[{"href":"https:\/\/futbolhoy.co\/index.php\/wp-json\/wp\/v2\/types\/post"}],"author":[{"embeddable":true,"href":"https:\/\/futbolhoy.co\/index.php\/wp-json\/wp\/v2\/users\/4"}],"replies":[{"embeddable":true,"href":"https:\/\/futbolhoy.co\/index.php\/wp-json\/wp\/v2\/comments?post=103138"}],"version-history":[{"count":1,"href":"https:\/\/futbolhoy.co\/index.php\/wp-json\/wp\/v2\/posts\/103138\/revisions"}],"predecessor-version":[{"id":103139,"href":"https:\/\/futbolhoy.co\/index.php\/wp-json\/wp\/v2\/posts\/103138\/revisions\/103139"}],"wp:featuredmedia":[{"embeddable":true,"href":"https:\/\/futbolhoy.co\/index.php\/wp-json\/wp\/v2\/media\/92354"}],"wp:attachment":[{"href":"https:\/\/futbolhoy.co\/index.php\/wp-json\/wp\/v2\/media?parent=103138"}],"wp:term":[{"taxonomy":"category","embeddable":true,"href":"https:\/\/futbolhoy.co\/index.php\/wp-json\/wp\/v2\/categories?post=103138"},{"taxonomy":"post_tag","embeddable":true,"href":"https:\/\/futbolhoy.co\/index.php\/wp-json\/wp\/v2\/tags?post=103138"}],"curies":[{"name":"wp","href":"https:\/\/api.w.org\/{rel}","templated":true}]}}