{"id":103479,"date":"2024-01-28T12:02:33","date_gmt":"2024-01-28T17:02:33","guid":{"rendered":"https:\/\/futbolhoy.co\/?p=103479"},"modified":"2024-01-28T20:24:35","modified_gmt":"2024-01-29T01:24:35","slug":"oscar-cortes-desconvocado-de-la-seleccion-colombia-sub-23","status":"publish","type":"post","link":"https:\/\/futbolhoy.co\/index.php\/2024\/01\/28\/oscar-cortes-desconvocado-de-la-seleccion-colombia-sub-23\/","title":{"rendered":"\u00d3scar Cort\u00e9s, desconvocado de la Selecci\u00f3n Colombia Sub-23"},"content":{"rendered":"<p style=\"text-align: justify;\"><span style=\"font-family: helvetica, arial, sans-serif;\">La <strong>Federaci\u00f3n Colombiana de F\u00fatbol<\/strong> anunci\u00f3 la desconvocatoria de la <strong>Selecci\u00f3n Colombia Sub-23<\/strong> del futbolista <strong>\u00d3scar Cort\u00e9s<\/strong>, quien deber\u00e1 regresar a su equipo, el <strong>Lens<\/strong> de <strong>Francia.<\/strong><\/span><\/p>\n<p style=\"text-align: justify;\"><span style=\"font-family: helvetica, arial, sans-serif;\">\u201cEl jugador \u00d3scar Cort\u00e9s es desconvocado de la concentraci\u00f3n del equipo nacional para trasladarse hasta Francia y cumplir por solicitud de su club, el <strong>RC Lens<\/strong>, compromisos de la Ligue 1\u201d, se lee en el comunicado.<\/span><\/p>\n<p style=\"text-align: justify;\"><span style=\"font-family: helvetica, arial, sans-serif;\">No obstante, la raz\u00f3n de fondo ser\u00eda la negociaci\u00f3n que est\u00e1 llevando a cabo el equipo franc\u00e9s con el <strong>Rangers<\/strong> de <strong>Escocia<\/strong>, para ceder al joven futbolista con opci\u00f3n de compra.<\/span><\/p>\n<p style=\"text-align: justify;\"><span style=\"font-family: helvetica, arial, sans-serif;\">Cort\u00e9s viajar\u00eda directamente a <strong>Glasgow<\/strong> para terminar la documentaci\u00f3n necesaria, antes de que termine el mercado de fichajes y el plazo para inscribir jugadores.<\/span><\/p>\n","protected":false},"excerpt":{"rendered":"<p>La Federaci\u00f3n Colombiana de F\u00fatbol anunci\u00f3 la desconvocatoria de la Selecci\u00f3n Colombia Sub-23 del futbolista \u00d3scar Cort\u00e9s, quien deber\u00e1 regresar a su equipo, el Lens de Francia. \u201cEl jugador \u00d3scar Cort\u00e9s es desconvocado de la concentraci\u00f3n del equipo nacional para trasladarse hasta Francia y cumplir por solicitud de su club, el RC Lens, compromisos de [&hellip;]<\/p>\n","protected":false},"author":4,"featured_media":103480,"comment_status":"open","ping_status":"closed","sticky":false,"template":"","format":"standard","meta":{"_acf_changed":false,"footnotes":""},"categories":[418],"tags":[],"class_list":{"0":"post-103479","1":"post","2":"type-post","3":"status-publish","4":"format-standard","5":"has-post-thumbnail","7":"category-colombia"},"acf":[],"_links":{"self":[{"href":"https:\/\/futbolhoy.co\/index.php\/wp-json\/wp\/v2\/posts\/103479","targetHints":{"allow":["GET"]}}],"collection":[{"href":"https:\/\/futbolhoy.co\/index.php\/wp-json\/wp\/v2\/posts"}],"about":[{"href":"https:\/\/futbolhoy.co\/index.php\/wp-json\/wp\/v2\/types\/post"}],"author":[{"embeddable":true,"href":"https:\/\/futbolhoy.co\/index.php\/wp-json\/wp\/v2\/users\/4"}],"replies":[{"embeddable":true,"href":"https:\/\/futbolhoy.co\/index.php\/wp-json\/wp\/v2\/comments?post=103479"}],"version-history":[{"count":1,"href":"https:\/\/futbolhoy.co\/index.php\/wp-json\/wp\/v2\/posts\/103479\/revisions"}],"predecessor-version":[{"id":103481,"href":"https:\/\/futbolhoy.co\/index.php\/wp-json\/wp\/v2\/posts\/103479\/revisions\/103481"}],"wp:featuredmedia":[{"embeddable":true,"href":"https:\/\/futbolhoy.co\/index.php\/wp-json\/wp\/v2\/media\/103480"}],"wp:attachment":[{"href":"https:\/\/futbolhoy.co\/index.php\/wp-json\/wp\/v2\/media?parent=103479"}],"wp:term":[{"taxonomy":"category","embeddable":true,"href":"https:\/\/futbolhoy.co\/index.php\/wp-json\/wp\/v2\/categories?post=103479"},{"taxonomy":"post_tag","embeddable":true,"href":"https:\/\/futbolhoy.co\/index.php\/wp-json\/wp\/v2\/tags?post=103479"}],"curies":[{"name":"wp","href":"https:\/\/api.w.org\/{rel}","templated":true}]}}