{"id":10441,"date":"2017-11-30T10:20:14","date_gmt":"2017-11-30T15:20:14","guid":{"rendered":"http:\/\/futbolhoy.co\/?p=10441"},"modified":"2017-11-30T19:14:42","modified_gmt":"2017-12-01T00:14:42","slug":"el-bayern-es-un-club-10-sobre-10-james","status":"publish","type":"post","link":"https:\/\/futbolhoy.co\/index.php\/2017\/11\/30\/el-bayern-es-un-club-10-sobre-10-james\/","title":{"rendered":"\u201cEl Bayern es un club 10 sobre 10\u201d, James"},"content":{"rendered":"<p style=\"text-align: left;\"><strong>James Rodr\u00edguez<\/strong> habl\u00f3 con el portal oficial de la <strong>Bundesliga<\/strong> alemana y asegur\u00f3 que \u00abAfortunadamente el golpe que sufri\u00f3 en el partido del <strong>Bayern M\u00fanich<\/strong> ante el <strong>Borussia M\u00f6nchengladbach<\/strong> no fue nada grave. Ahora estoy bien\u00bb.<\/p>\n<p style=\"text-align: justify;\">Respecto a su vida en el club &#8216;b\u00e1varo&#8217;, <strong>James<\/strong> dijo sentirse muy a gusto por el profesionalismo de cada uno de los\u00a0miembros del club, \u00abEl <strong>Bayern<\/strong> es un club muy grande. Aqu\u00ed est\u00e1n acostumbrados a pelear t\u00edtulos, como yo me acostumbr\u00e9 en mi equipo anterior. Esperaba que el Bayern fuera exactamente as\u00ed, por lo que nada me sorprendi\u00f3. Todos en el club se comportan a la altura de lo que es un gran club. No tengo m\u00e1s que decir. El Bayern es un 10 sobre 10&#8243;.<\/p>\n<p style=\"text-align: justify;\">El volante colombiano a\u00f1adi\u00f3 que los jugadores en la posici\u00f3n de n\u00famero 10 cl\u00e1sico ya no existen en el f\u00fatbol \u00ab\u00a1Absolutamente! Creo que ya no quedan n\u00fameros 10 en el mundo. Cuando llegu\u00e9 a Porto me lo dijeron claramente: &#8216;Sabemos que eres un 10 cl\u00e1sico, pero aqu\u00ed vas a jugar como extremo&#8217;.<\/p>\n<p style=\"text-align: justify;\">Desde aquel momento, empec\u00e9 a trabajar como un &#8216;falso extremo&#8217;, corri\u00e9ndome tambi\u00e9n hacia el centro. Hace ocho o diez a\u00f1os era diferente, porque el 10 era un puesto habitual. Hoy, los que usan la 10 son extremos o mediocampistas mixtos. El f\u00fatbol de hoy en d\u00eda es t\u00e1ctico y muy f\u00edsico, sin lugar para los 10&#8243;.<\/p>\n","protected":false},"excerpt":{"rendered":"<p>James Rodr\u00edguez habl\u00f3 con el portal oficial de la Bundesliga alemana y asegur\u00f3 que \u00abAfortunadamente el golpe que sufri\u00f3 en el partido del Bayern M\u00fanich ante el Borussia M\u00f6nchengladbach no fue nada grave. Ahora estoy bien\u00bb. Respecto a su vida en el club &#8216;b\u00e1varo&#8217;, James dijo sentirse muy a gusto por el profesionalismo de cada [&hellip;]<\/p>\n","protected":false},"author":5,"featured_media":10439,"comment_status":"open","ping_status":"closed","sticky":false,"template":"","format":"standard","meta":{"_acf_changed":false,"footnotes":""},"categories":[153],"tags":[88,87],"class_list":{"0":"post-10441","1":"post","2":"type-post","3":"status-publish","4":"format-standard","5":"has-post-thumbnail","7":"category-selecion-colombia","8":"tag-bayern-munich","9":"tag-james-rodriguez"},"acf":[],"_links":{"self":[{"href":"https:\/\/futbolhoy.co\/index.php\/wp-json\/wp\/v2\/posts\/10441","targetHints":{"allow":["GET"]}}],"collection":[{"href":"https:\/\/futbolhoy.co\/index.php\/wp-json\/wp\/v2\/posts"}],"about":[{"href":"https:\/\/futbolhoy.co\/index.php\/wp-json\/wp\/v2\/types\/post"}],"author":[{"embeddable":true,"href":"https:\/\/futbolhoy.co\/index.php\/wp-json\/wp\/v2\/users\/5"}],"replies":[{"embeddable":true,"href":"https:\/\/futbolhoy.co\/index.php\/wp-json\/wp\/v2\/comments?post=10441"}],"version-history":[{"count":2,"href":"https:\/\/futbolhoy.co\/index.php\/wp-json\/wp\/v2\/posts\/10441\/revisions"}],"predecessor-version":[{"id":10466,"href":"https:\/\/futbolhoy.co\/index.php\/wp-json\/wp\/v2\/posts\/10441\/revisions\/10466"}],"wp:featuredmedia":[{"embeddable":true,"href":"https:\/\/futbolhoy.co\/index.php\/wp-json\/wp\/v2\/media\/10439"}],"wp:attachment":[{"href":"https:\/\/futbolhoy.co\/index.php\/wp-json\/wp\/v2\/media?parent=10441"}],"wp:term":[{"taxonomy":"category","embeddable":true,"href":"https:\/\/futbolhoy.co\/index.php\/wp-json\/wp\/v2\/categories?post=10441"},{"taxonomy":"post_tag","embeddable":true,"href":"https:\/\/futbolhoy.co\/index.php\/wp-json\/wp\/v2\/tags?post=10441"}],"curies":[{"name":"wp","href":"https:\/\/api.w.org\/{rel}","templated":true}]}}