{"id":10467,"date":"2017-11-30T10:15:20","date_gmt":"2017-11-30T15:15:20","guid":{"rendered":"http:\/\/futbolhoy.co\/?p=10467"},"modified":"2017-11-30T19:19:17","modified_gmt":"2017-12-01T00:19:17","slug":"bacca-marco-y-el-villarreal-avanzo-en-la-copa-del-rey","status":"publish","type":"post","link":"https:\/\/futbolhoy.co\/index.php\/2017\/11\/30\/bacca-marco-y-el-villarreal-avanzo-en-la-copa-del-rey\/","title":{"rendered":"Bacca marc\u00f3 y el Villarreal avanz\u00f3 en la Copa del Rey"},"content":{"rendered":"<p style=\"text-align: justify;\">El delantero colombiano <strong>Carlos Bacca<\/strong> convirti\u00f3 el \u00faltimo gol en la victoria del <strong>Villarreal<\/strong> 3-0 sobre el <strong>Ponferradina<\/strong>, lo que ubic\u00f3 al \u2018submarino amarillo\u2019 en los octavos de final de la <strong>Copa del Rey<\/strong> en el f\u00fatbol espa\u00f1ol.<\/p>\n<p style=\"text-align: justify;\">Bacca, quien actu\u00f3 55 minutos, cerr\u00f3 el paso del <strong>Villarreal<\/strong> a la siguiente fase, luego de las dos anotaciones del congole\u00f1o <strong>Bakamb\u00fa<\/strong>.<\/p>\n<p style=\"text-align: justify;\">En el partido se destac\u00f3 el regreso a los terrenos de juego del arquero <strong>Sergio Asenjo<\/strong>, tras superar una grave lesi\u00f3n de rodilla que lo alej\u00f3 de las canchas desde la temporada anterior.<\/p>\n<p style=\"text-align: justify;\">Villarreal se sum\u00f3 al <strong>Barcelona, Real Madrid,<\/strong> Sevilla, Atl\u00e9tico de Madrid, Valencia, Numancia, Alav\u00e9s, C\u00e1diz, Formentera, Legan\u00e9s, Celta, Lleida, Levante, Las Palmas y Espanyol en la fase de octavos de final.<\/p>\n","protected":false},"excerpt":{"rendered":"<p>El delantero colombiano Carlos Bacca convirti\u00f3 el \u00faltimo gol en la victoria del Villarreal 3-0 sobre el Ponferradina, lo que ubic\u00f3 al \u2018submarino amarillo\u2019 en los octavos de final de la Copa del Rey en el f\u00fatbol espa\u00f1ol. Bacca, quien actu\u00f3 55 minutos, cerr\u00f3 el paso del Villarreal a la siguiente fase, luego de las [&hellip;]<\/p>\n","protected":false},"author":5,"featured_media":10469,"comment_status":"open","ping_status":"closed","sticky":false,"template":"","format":"standard","meta":{"_acf_changed":false,"footnotes":""},"categories":[5,152],"tags":[160,161],"class_list":{"0":"post-10467","1":"post","2":"type-post","3":"status-publish","4":"format-standard","5":"has-post-thumbnail","7":"category-destacados","8":"category-mundo-futbol","9":"tag-carlos-bacca","10":"tag-villarreal"},"acf":[],"_links":{"self":[{"href":"https:\/\/futbolhoy.co\/index.php\/wp-json\/wp\/v2\/posts\/10467","targetHints":{"allow":["GET"]}}],"collection":[{"href":"https:\/\/futbolhoy.co\/index.php\/wp-json\/wp\/v2\/posts"}],"about":[{"href":"https:\/\/futbolhoy.co\/index.php\/wp-json\/wp\/v2\/types\/post"}],"author":[{"embeddable":true,"href":"https:\/\/futbolhoy.co\/index.php\/wp-json\/wp\/v2\/users\/5"}],"replies":[{"embeddable":true,"href":"https:\/\/futbolhoy.co\/index.php\/wp-json\/wp\/v2\/comments?post=10467"}],"version-history":[{"count":1,"href":"https:\/\/futbolhoy.co\/index.php\/wp-json\/wp\/v2\/posts\/10467\/revisions"}],"predecessor-version":[{"id":10470,"href":"https:\/\/futbolhoy.co\/index.php\/wp-json\/wp\/v2\/posts\/10467\/revisions\/10470"}],"wp:featuredmedia":[{"embeddable":true,"href":"https:\/\/futbolhoy.co\/index.php\/wp-json\/wp\/v2\/media\/10469"}],"wp:attachment":[{"href":"https:\/\/futbolhoy.co\/index.php\/wp-json\/wp\/v2\/media?parent=10467"}],"wp:term":[{"taxonomy":"category","embeddable":true,"href":"https:\/\/futbolhoy.co\/index.php\/wp-json\/wp\/v2\/categories?post=10467"},{"taxonomy":"post_tag","embeddable":true,"href":"https:\/\/futbolhoy.co\/index.php\/wp-json\/wp\/v2\/tags?post=10467"}],"curies":[{"name":"wp","href":"https:\/\/api.w.org\/{rel}","templated":true}]}}