{"id":10471,"date":"2017-11-30T10:05:24","date_gmt":"2017-11-30T15:05:24","guid":{"rendered":"http:\/\/futbolhoy.co\/?p=10471"},"modified":"2017-11-30T19:21:46","modified_gmt":"2017-12-01T00:21:46","slug":"guerrero-aseguro-que-la-fifa-descarto-su-consumo-de-drogas","status":"publish","type":"post","link":"https:\/\/futbolhoy.co\/index.php\/2017\/11\/30\/guerrero-aseguro-que-la-fifa-descarto-su-consumo-de-drogas\/","title":{"rendered":"Guerrero asegur\u00f3 que la FIFA descart\u00f3 su consumo de drogas"},"content":{"rendered":"<p style=\"text-align: justify;\">El delantero peruano <strong>Paolo Guerrero<\/strong> asegur\u00f3 que la FIFA descart\u00f3 que haya consumido drogas tras el resultado anal\u00edtico adverso en una prueba antidopaje en las eliminatorias suramericanas al <strong>Mundial de Rusia,<\/strong> aunque la decisi\u00f3n oficial se conocer\u00e1 la pr\u00f3xima semana.<\/p>\n<p style=\"text-align: justify;\">\u00abFelizmente la FIFA ya descart\u00f3 alg\u00fan consumo de droga por parte m\u00eda. Me siento muy confiado, s\u00e9 que todo va salir bien, ahora esperar la respuesta de la FIFA\u00bb, dijo el goleador peruano al <strong>canal N<\/strong> de televisi\u00f3n desde <strong>Z\u00farich<\/strong>, tras asistir a una audiencia del Comit\u00e9 Disciplinario de la FIFA que revis\u00f3 su caso por cuatro 4 horas.<\/p>\n<p style=\"text-align: justify;\">Guerrero, capit\u00e1n y goleador de la selecci\u00f3n de su pa\u00eds, fue suspendido 30 d\u00edas por la FIFA luego de que el examen antidopaje al que fue sometido tras el duelo con <strong>Argentina<\/strong> arrojara un \u2018resultado anal\u00edtico adverso\u2019.<\/p>\n<p style=\"text-align: justify;\">\u00abEstoy tranquilo porque soy inocente. Yo vine a <strong>Suiza<\/strong> para demostrar mi inocencia con pruebas contundentes\u00bb, coment\u00f3 Guerrero de 33 a\u00f1os.<\/p>\n<p style=\"text-align: justify;\">De acuerdo con la FIFA, el veredicto final ser\u00eda m\u00e1ximo la pr\u00f3xima semana. Podr\u00eda ser el lunes 4 o el martes 5.<\/p>\n","protected":false},"excerpt":{"rendered":"<p>El delantero peruano Paolo Guerrero asegur\u00f3 que la FIFA descart\u00f3 que haya consumido drogas tras el resultado anal\u00edtico adverso en una prueba antidopaje en las eliminatorias suramericanas al Mundial de Rusia, aunque la decisi\u00f3n oficial se conocer\u00e1 la pr\u00f3xima semana. \u00abFelizmente la FIFA ya descart\u00f3 alg\u00fan consumo de droga por parte m\u00eda. Me siento muy [&hellip;]<\/p>\n","protected":false},"author":5,"featured_media":10468,"comment_status":"open","ping_status":"closed","sticky":false,"template":"","format":"standard","meta":{"_acf_changed":false,"footnotes":""},"categories":[5,6],"tags":[393],"class_list":{"0":"post-10471","1":"post","2":"type-post","3":"status-publish","4":"format-standard","5":"has-post-thumbnail","7":"category-destacados","8":"category-mundial","9":"tag-paolo-guerrero"},"acf":[],"_links":{"self":[{"href":"https:\/\/futbolhoy.co\/index.php\/wp-json\/wp\/v2\/posts\/10471","targetHints":{"allow":["GET"]}}],"collection":[{"href":"https:\/\/futbolhoy.co\/index.php\/wp-json\/wp\/v2\/posts"}],"about":[{"href":"https:\/\/futbolhoy.co\/index.php\/wp-json\/wp\/v2\/types\/post"}],"author":[{"embeddable":true,"href":"https:\/\/futbolhoy.co\/index.php\/wp-json\/wp\/v2\/users\/5"}],"replies":[{"embeddable":true,"href":"https:\/\/futbolhoy.co\/index.php\/wp-json\/wp\/v2\/comments?post=10471"}],"version-history":[{"count":1,"href":"https:\/\/futbolhoy.co\/index.php\/wp-json\/wp\/v2\/posts\/10471\/revisions"}],"predecessor-version":[{"id":10472,"href":"https:\/\/futbolhoy.co\/index.php\/wp-json\/wp\/v2\/posts\/10471\/revisions\/10472"}],"wp:featuredmedia":[{"embeddable":true,"href":"https:\/\/futbolhoy.co\/index.php\/wp-json\/wp\/v2\/media\/10468"}],"wp:attachment":[{"href":"https:\/\/futbolhoy.co\/index.php\/wp-json\/wp\/v2\/media?parent=10471"}],"wp:term":[{"taxonomy":"category","embeddable":true,"href":"https:\/\/futbolhoy.co\/index.php\/wp-json\/wp\/v2\/categories?post=10471"},{"taxonomy":"post_tag","embeddable":true,"href":"https:\/\/futbolhoy.co\/index.php\/wp-json\/wp\/v2\/tags?post=10471"}],"curies":[{"name":"wp","href":"https:\/\/api.w.org\/{rel}","templated":true}]}}