{"id":10566,"date":"2017-12-02T08:53:25","date_gmt":"2017-12-02T13:53:25","guid":{"rendered":"http:\/\/futbolhoy.co\/?p=10566"},"modified":"2017-12-02T08:53:25","modified_gmt":"2017-12-02T13:53:25","slug":"yuber-asprilla-jugara-con-pumas-en-mexico","status":"publish","type":"post","link":"https:\/\/futbolhoy.co\/index.php\/2017\/12\/02\/yuber-asprilla-jugara-con-pumas-en-mexico\/","title":{"rendered":"Yuber Asprilla jugar\u00e1 con Pumas en M\u00e9xico"},"content":{"rendered":"<p style=\"text-align: justify;\">El delantero colombiano <strong>Yuber Asprilla<\/strong>, quien ven\u00eda actuando en <strong>Alianza Petrolera<\/strong>, super\u00f3 los ex\u00e1menes m\u00e9dicos y se convirti\u00f3 en el primer refuerzo de los <strong>Pumas<\/strong> <strong>de la<\/strong> <strong>UNAM<\/strong> para la temporada 2018 del f\u00fatbol mexicano.<\/p>\n<p style=\"text-align: justify;\">Asprilla, de 25 a\u00f1os, jug\u00f3 31 partidos este a\u00f1o entre <strong>Envigado<\/strong> y Petrolera y marc\u00f3 2 goles.<\/p>\n<p style=\"text-align: justify;\">\u201cYuber jugar\u00e1 en nuestro equipo a partir del siguiente torneo. \u00a1A dejarlo todo, Yuber!\u201d, fue el mensaje del club en las redes sociales d\u00e1ndole la bienvenida al chocoano.<\/p>\n<p style=\"text-align: justify;\">En los Pumas, por Colombia ya han pasado, <strong>Francisco Meza y Juli\u00e1n Qui\u00f1ones.<\/strong><\/p>\n","protected":false},"excerpt":{"rendered":"<p>El delantero colombiano Yuber Asprilla, quien ven\u00eda actuando en Alianza Petrolera, super\u00f3 los ex\u00e1menes m\u00e9dicos y se convirti\u00f3 en el primer refuerzo de los Pumas de la UNAM para la temporada 2018 del f\u00fatbol mexicano. Asprilla, de 25 a\u00f1os, jug\u00f3 31 partidos este a\u00f1o entre Envigado y Petrolera y marc\u00f3 2 goles. \u201cYuber jugar\u00e1 en [&hellip;]<\/p>\n","protected":false},"author":5,"featured_media":10567,"comment_status":"open","ping_status":"closed","sticky":false,"template":"","format":"standard","meta":{"_acf_changed":false,"footnotes":""},"categories":[5,152],"tags":[514,515],"class_list":{"0":"post-10566","1":"post","2":"type-post","3":"status-publish","4":"format-standard","5":"has-post-thumbnail","7":"category-destacados","8":"category-mundo-futbol","9":"tag-pumas-unam","10":"tag-yuber-asprilla"},"acf":[],"_links":{"self":[{"href":"https:\/\/futbolhoy.co\/index.php\/wp-json\/wp\/v2\/posts\/10566","targetHints":{"allow":["GET"]}}],"collection":[{"href":"https:\/\/futbolhoy.co\/index.php\/wp-json\/wp\/v2\/posts"}],"about":[{"href":"https:\/\/futbolhoy.co\/index.php\/wp-json\/wp\/v2\/types\/post"}],"author":[{"embeddable":true,"href":"https:\/\/futbolhoy.co\/index.php\/wp-json\/wp\/v2\/users\/5"}],"replies":[{"embeddable":true,"href":"https:\/\/futbolhoy.co\/index.php\/wp-json\/wp\/v2\/comments?post=10566"}],"version-history":[{"count":1,"href":"https:\/\/futbolhoy.co\/index.php\/wp-json\/wp\/v2\/posts\/10566\/revisions"}],"predecessor-version":[{"id":10571,"href":"https:\/\/futbolhoy.co\/index.php\/wp-json\/wp\/v2\/posts\/10566\/revisions\/10571"}],"wp:featuredmedia":[{"embeddable":true,"href":"https:\/\/futbolhoy.co\/index.php\/wp-json\/wp\/v2\/media\/10567"}],"wp:attachment":[{"href":"https:\/\/futbolhoy.co\/index.php\/wp-json\/wp\/v2\/media?parent=10566"}],"wp:term":[{"taxonomy":"category","embeddable":true,"href":"https:\/\/futbolhoy.co\/index.php\/wp-json\/wp\/v2\/categories?post=10566"},{"taxonomy":"post_tag","embeddable":true,"href":"https:\/\/futbolhoy.co\/index.php\/wp-json\/wp\/v2\/tags?post=10566"}],"curies":[{"name":"wp","href":"https:\/\/api.w.org\/{rel}","templated":true}]}}