{"id":10574,"date":"2017-12-02T09:03:05","date_gmt":"2017-12-02T14:03:05","guid":{"rendered":"http:\/\/futbolhoy.co\/?p=10574"},"modified":"2017-12-02T09:03:05","modified_gmt":"2017-12-02T14:03:05","slug":"la-fifa-modifico-horario-de-6-partidos-en-el-mundial","status":"publish","type":"post","link":"https:\/\/futbolhoy.co\/index.php\/2017\/12\/02\/la-fifa-modifico-horario-de-6-partidos-en-el-mundial\/","title":{"rendered":"La FIFA modific\u00f3 horario de 6 partidos en el Mundial"},"content":{"rendered":"<p style=\"text-align: justify;\">El partido ante Jap\u00f3n, que marcar\u00e1 el debut de <strong>Colombia<\/strong> en el <strong>Mundial de Rusia, <\/strong>previsto para el martes 19 de junio en el estadio <strong>Mordovia Arena de Saransk<\/strong>, se disputar\u00e1 a las 7 de la ma\u00f1ana y no a las 10 como estaba previsto inicialmente, seg\u00fan determin\u00f3 la FIFA.<\/p>\n<p style=\"text-align: justify;\">La rectora del f\u00fatbol mundial, adem\u00e1s movi\u00f3 los horarios de otros 5 partidos de la <strong>Copa Mundo<\/strong>, con el fin de facilitar a los aficionados de los pa\u00edses implicados en los juegos poder observar en horarios un poco m\u00e1s habituales a sus selecciones nacionales.<\/p>\n<p style=\"text-align: justify;\">Los nuevos horarios de los partidos afectados son:<\/p>\n<p style=\"text-align: justify;\"><strong>Junio 19<\/strong><br \/>\n7am: Colombia-Jap\u00f3n<br \/>\n10am: Polonia-Senegal<\/p>\n<p style=\"text-align: justify;\"><strong>Junio 21<\/strong><br \/>\n7am: Dinamarca-Australia<br \/>\n10am: Francia-Per\u00fa<\/p>\n<p style=\"text-align: justify;\"><strong>Junio 23<\/strong><br \/>\n10am: Corea del Sur-M\u00e9xico<br \/>\n1pm: Alemania-Suecia<\/p>\n","protected":false},"excerpt":{"rendered":"<p>El partido ante Jap\u00f3n, que marcar\u00e1 el debut de Colombia en el Mundial de Rusia, previsto para el martes 19 de junio en el estadio Mordovia Arena de Saransk, se disputar\u00e1 a las 7 de la ma\u00f1ana y no a las 10 como estaba previsto inicialmente, seg\u00fan determin\u00f3 la FIFA. La rectora del f\u00fatbol mundial, [&hellip;]<\/p>\n","protected":false},"author":5,"featured_media":10568,"comment_status":"open","ping_status":"closed","sticky":false,"template":"","format":"standard","meta":{"_acf_changed":false,"footnotes":""},"categories":[5,6],"tags":[],"class_list":{"0":"post-10574","1":"post","2":"type-post","3":"status-publish","4":"format-standard","5":"has-post-thumbnail","7":"category-destacados","8":"category-mundial"},"acf":[],"_links":{"self":[{"href":"https:\/\/futbolhoy.co\/index.php\/wp-json\/wp\/v2\/posts\/10574","targetHints":{"allow":["GET"]}}],"collection":[{"href":"https:\/\/futbolhoy.co\/index.php\/wp-json\/wp\/v2\/posts"}],"about":[{"href":"https:\/\/futbolhoy.co\/index.php\/wp-json\/wp\/v2\/types\/post"}],"author":[{"embeddable":true,"href":"https:\/\/futbolhoy.co\/index.php\/wp-json\/wp\/v2\/users\/5"}],"replies":[{"embeddable":true,"href":"https:\/\/futbolhoy.co\/index.php\/wp-json\/wp\/v2\/comments?post=10574"}],"version-history":[{"count":2,"href":"https:\/\/futbolhoy.co\/index.php\/wp-json\/wp\/v2\/posts\/10574\/revisions"}],"predecessor-version":[{"id":10576,"href":"https:\/\/futbolhoy.co\/index.php\/wp-json\/wp\/v2\/posts\/10574\/revisions\/10576"}],"wp:featuredmedia":[{"embeddable":true,"href":"https:\/\/futbolhoy.co\/index.php\/wp-json\/wp\/v2\/media\/10568"}],"wp:attachment":[{"href":"https:\/\/futbolhoy.co\/index.php\/wp-json\/wp\/v2\/media?parent=10574"}],"wp:term":[{"taxonomy":"category","embeddable":true,"href":"https:\/\/futbolhoy.co\/index.php\/wp-json\/wp\/v2\/categories?post=10574"},{"taxonomy":"post_tag","embeddable":true,"href":"https:\/\/futbolhoy.co\/index.php\/wp-json\/wp\/v2\/tags?post=10574"}],"curies":[{"name":"wp","href":"https:\/\/api.w.org\/{rel}","templated":true}]}}