{"id":106521,"date":"2024-03-29T20:08:36","date_gmt":"2024-03-30T01:08:36","guid":{"rendered":"https:\/\/futbolhoy.co\/?p=106521"},"modified":"2024-03-30T18:31:08","modified_gmt":"2024-03-30T23:31:08","slug":"alarma-en-seleccion-colombia-linda-caicedo-lesionada-con-real-madrid","status":"publish","type":"post","link":"https:\/\/futbolhoy.co\/index.php\/2024\/03\/29\/alarma-en-seleccion-colombia-linda-caicedo-lesionada-con-real-madrid\/","title":{"rendered":"Alarma en Selecci\u00f3n Colombia: Linda Caicedo, lesionada con Real Madrid"},"content":{"rendered":"<p style=\"text-align: justify;\"><span style=\"font-family: helvetica, arial, sans-serif;\"><span style=\"font-weight: 400;\">Gran alarma se gener\u00f3 este viernes luego de conocerse la convocatoria del <\/span><b>Real Madrid <\/b><span style=\"font-weight: 400;\">para enfrentar al<\/span><b> Villarreal por la jornada 22 de la Liga de Espa\u00f1a,<\/b><span style=\"font-weight: 400;\"> pues la colombiana Linda Caicedo no hace parte de la lista de llamadas y es baja por lesi\u00f3n.<\/span><\/span><\/p>\n<p style=\"text-align: justify;\"><span style=\"font-family: helvetica, arial, sans-serif;\"><span style=\"font-weight: 400;\">A falta de conocer detalles, la colombiana es una de las bajas del <\/span><b>Real Madrid, junto a Oihane Hern\u00e1ndez, Caroline Weir y Carla Camacho.<\/b><span style=\"font-weight: 400;\"> La colombiana habr\u00eda presentado una sobrecarga en los isquiotibiales de su pierna izquierda, por lo que el club merengue opt\u00f3 por darle descanso de recuperaci\u00f3n a la delantera.<\/span><\/span><\/p>\n<p style=\"text-align: justify;\"><span style=\"font-family: helvetica, arial, sans-serif;\"><span style=\"font-weight: 400;\">La jugadora fue recientemente convocada a la Selecci\u00f3n Colombia para la gira que tendr\u00e1 el equipo femenino por <\/span><b>Estados Unidos en la fecha FIFA de abril,<\/b><span style=\"font-weight: 400;\"> en la que se medir\u00e1 a M\u00e9xico en Orlando y Guatemala en New York.<\/span><\/span><\/p>\n<p style=\"text-align: justify;\"><span style=\"font-family: helvetica, arial, sans-serif;\"><span style=\"font-weight: 400;\">Desde Espa\u00f1a apuntan a que la colombiana estar\u00eda una semana fuera, por lo que no tendr\u00eda problema en unirse a la Selecci\u00f3n Colombia para los juegos preparatorios de cara a los <\/span><b>Juegos Ol\u00edmpicos de Par\u00eds 2024.<\/b><\/span><\/p>\n","protected":false},"excerpt":{"rendered":"<p>Gran alarma se gener\u00f3 este viernes luego de conocerse la convocatoria del Real Madrid para enfrentar al Villarreal por la jornada 22 de la Liga de Espa\u00f1a, pues la colombiana Linda Caicedo no hace parte de la lista de llamadas y es baja por lesi\u00f3n. A falta de conocer detalles, la colombiana es una de [&hellip;]<\/p>\n","protected":false},"author":4,"featured_media":106522,"comment_status":"open","ping_status":"closed","sticky":false,"template":"","format":"standard","meta":{"_acf_changed":false,"footnotes":""},"categories":[418],"tags":[],"class_list":{"0":"post-106521","1":"post","2":"type-post","3":"status-publish","4":"format-standard","5":"has-post-thumbnail","7":"category-colombia"},"acf":[],"_links":{"self":[{"href":"https:\/\/futbolhoy.co\/index.php\/wp-json\/wp\/v2\/posts\/106521","targetHints":{"allow":["GET"]}}],"collection":[{"href":"https:\/\/futbolhoy.co\/index.php\/wp-json\/wp\/v2\/posts"}],"about":[{"href":"https:\/\/futbolhoy.co\/index.php\/wp-json\/wp\/v2\/types\/post"}],"author":[{"embeddable":true,"href":"https:\/\/futbolhoy.co\/index.php\/wp-json\/wp\/v2\/users\/4"}],"replies":[{"embeddable":true,"href":"https:\/\/futbolhoy.co\/index.php\/wp-json\/wp\/v2\/comments?post=106521"}],"version-history":[{"count":1,"href":"https:\/\/futbolhoy.co\/index.php\/wp-json\/wp\/v2\/posts\/106521\/revisions"}],"predecessor-version":[{"id":106523,"href":"https:\/\/futbolhoy.co\/index.php\/wp-json\/wp\/v2\/posts\/106521\/revisions\/106523"}],"wp:featuredmedia":[{"embeddable":true,"href":"https:\/\/futbolhoy.co\/index.php\/wp-json\/wp\/v2\/media\/106522"}],"wp:attachment":[{"href":"https:\/\/futbolhoy.co\/index.php\/wp-json\/wp\/v2\/media?parent=106521"}],"wp:term":[{"taxonomy":"category","embeddable":true,"href":"https:\/\/futbolhoy.co\/index.php\/wp-json\/wp\/v2\/categories?post=106521"},{"taxonomy":"post_tag","embeddable":true,"href":"https:\/\/futbolhoy.co\/index.php\/wp-json\/wp\/v2\/tags?post=106521"}],"curies":[{"name":"wp","href":"https:\/\/api.w.org\/{rel}","templated":true}]}}