{"id":106667,"date":"2024-04-01T15:57:06","date_gmt":"2024-04-01T20:57:06","guid":{"rendered":"https:\/\/futbolhoy.co\/?p=106667"},"modified":"2024-04-02T21:04:54","modified_gmt":"2024-04-03T02:04:54","slug":"seleccion-colombia-femenina-bajas-sensibles-en-la-convocatoria-por-lesion","status":"publish","type":"post","link":"https:\/\/futbolhoy.co\/index.php\/2024\/04\/01\/seleccion-colombia-femenina-bajas-sensibles-en-la-convocatoria-por-lesion\/","title":{"rendered":"Selecci\u00f3n Colombia femenina: bajas sensibles en la convocatoria por lesi\u00f3n"},"content":{"rendered":"<p style=\"text-align: justify;\"><span style=\"font-family: helvetica, arial, sans-serif;\">El entrenador de la<strong> Selecci\u00f3n Colombia femenina<\/strong>, <strong>\u00c1ngelo Marsiglia,<\/strong> dio a conocer en d\u00edas pasados el nombre de las futbolistas convocadas para los amistosos ante <strong>M\u00e9xico<\/strong> y <strong>Guatemala<\/strong> el 6 y 9 de abril. Dichos encuentros son v\u00e1lidos por la fecha FIFA, que servir\u00e1n de preparaci\u00f3n para los <strong>Juegos Ol\u00edmpicos de Par\u00eds 2024.<\/strong><\/span><\/p>\n<p style=\"text-align: justify;\"><span style=\"font-family: helvetica, arial, sans-serif;\">\u00abEl cuerpo t\u00e9cnico de la Selecci\u00f3n Colombia Femenina de Mayores se permite comunicar que las jugadoras <strong>Leicy Santos del Atl\u00e9tico de Madrid (ESP), Linda Caicedo del Real Madrid (ESP) y Stefany Casta\u00f1o del Atl\u00e9tico Mineiro (BRA)<\/strong> no podr\u00e1n unirse a la convocatoria de los partidos ante M\u00e9xico y Guatemala, debido a molestias f\u00edsicas que les impiden estar en plenitud de condiciones\u00bb, inform\u00f3 la FCF sobre las futbolistas, que sufrieron problemas en los \u00faltimos d\u00edas.<\/span><\/p>\n<p style=\"text-align: justify;\"><span style=\"font-family: helvetica, arial, sans-serif;\">En reemplazo de las jugadoras ya mencionadas, ingresan al grupo tres citadas futbolistas de la liga colombiana: <strong>Yisela Cuesta de Atl\u00e9tico Nacional, Wendy Bonilla de Am\u00e9rica de Cali y Michelle Lugo de Millonarios FC.<\/strong><\/span><\/p>\n<p style=\"text-align: justify;\"><span style=\"font-family: helvetica, arial, sans-serif;\">El combinado nacional ya se encuentra en <strong>Estados Unidos<\/strong> para encarar los duelos de preparaci\u00f3n. Debutar\u00e1 en las olimpiadas ante <strong>Francia<\/strong> el 25 de julio, luego se medir\u00e1 con <strong>Nueva Zelanda (28 de julio)<\/strong> y cerrar\u00e1 el Grupo A ante <strong>Canad\u00e1,<\/strong> vigente selecci\u00f3n campeona.<\/span><\/p>\n","protected":false},"excerpt":{"rendered":"<p>El entrenador de la Selecci\u00f3n Colombia femenina, \u00c1ngelo Marsiglia, dio a conocer en d\u00edas pasados el nombre de las futbolistas convocadas para los amistosos ante M\u00e9xico y Guatemala el 6 y 9 de abril. Dichos encuentros son v\u00e1lidos por la fecha FIFA, que servir\u00e1n de preparaci\u00f3n para los Juegos Ol\u00edmpicos de Par\u00eds 2024. \u00abEl cuerpo [&hellip;]<\/p>\n","protected":false},"author":4,"featured_media":97405,"comment_status":"open","ping_status":"closed","sticky":false,"template":"","format":"standard","meta":{"_acf_changed":false,"footnotes":""},"categories":[418],"tags":[],"class_list":{"0":"post-106667","1":"post","2":"type-post","3":"status-publish","4":"format-standard","5":"has-post-thumbnail","7":"category-colombia"},"acf":[],"_links":{"self":[{"href":"https:\/\/futbolhoy.co\/index.php\/wp-json\/wp\/v2\/posts\/106667","targetHints":{"allow":["GET"]}}],"collection":[{"href":"https:\/\/futbolhoy.co\/index.php\/wp-json\/wp\/v2\/posts"}],"about":[{"href":"https:\/\/futbolhoy.co\/index.php\/wp-json\/wp\/v2\/types\/post"}],"author":[{"embeddable":true,"href":"https:\/\/futbolhoy.co\/index.php\/wp-json\/wp\/v2\/users\/4"}],"replies":[{"embeddable":true,"href":"https:\/\/futbolhoy.co\/index.php\/wp-json\/wp\/v2\/comments?post=106667"}],"version-history":[{"count":1,"href":"https:\/\/futbolhoy.co\/index.php\/wp-json\/wp\/v2\/posts\/106667\/revisions"}],"predecessor-version":[{"id":106668,"href":"https:\/\/futbolhoy.co\/index.php\/wp-json\/wp\/v2\/posts\/106667\/revisions\/106668"}],"wp:featuredmedia":[{"embeddable":true,"href":"https:\/\/futbolhoy.co\/index.php\/wp-json\/wp\/v2\/media\/97405"}],"wp:attachment":[{"href":"https:\/\/futbolhoy.co\/index.php\/wp-json\/wp\/v2\/media?parent=106667"}],"wp:term":[{"taxonomy":"category","embeddable":true,"href":"https:\/\/futbolhoy.co\/index.php\/wp-json\/wp\/v2\/categories?post=106667"},{"taxonomy":"post_tag","embeddable":true,"href":"https:\/\/futbolhoy.co\/index.php\/wp-json\/wp\/v2\/tags?post=106667"}],"curies":[{"name":"wp","href":"https:\/\/api.w.org\/{rel}","templated":true}]}}