{"id":10712,"date":"2017-12-05T09:27:11","date_gmt":"2017-12-05T14:27:11","guid":{"rendered":"http:\/\/futbolhoy.co\/?p=10712"},"modified":"2017-12-05T10:03:23","modified_gmt":"2017-12-05T15:03:23","slug":"definidos-octavos-de-final-de-la-copa-del-rey","status":"publish","type":"post","link":"https:\/\/futbolhoy.co\/index.php\/2017\/12\/05\/definidos-octavos-de-final-de-la-copa-del-rey\/","title":{"rendered":"Definidos octavos de final de la Copa del Rey"},"content":{"rendered":"<p style=\"text-align: justify;\">La Real Federaci\u00f3n Espa\u00f1ola de F\u00fatbol realiz\u00f3 el sorteo para los octavos de final de la <strong>Copa del Rey,<\/strong> partidos que se disputar\u00e1n entre el 2 y el 4 de enero los de ida y entre 9 y 10 del mismo mes los de vuelta.<\/p>\n<p style=\"text-align: justify;\">Los duelos de los tres principales equipos espa\u00f1oles quedaron establecidos as\u00ed: <strong>Celta-Barcelona, Numancia-Real Madrid<\/strong> y Lleida-Atl\u00e9tico de Madrid.<\/p>\n<p style=\"text-align: justify;\">Adem\u00e1s, el Formentera de tercera divisi\u00f3n enfrentar\u00e1 al <strong>Alav\u00e9s<\/strong>, donde act\u00faa <strong>Daniel Torres<\/strong>; C\u00e1diz contra el Sevilla donde milita <strong>Luis Fernando Muriel<\/strong>; Legan\u00e9s ante el Villarreal donde juega <strong>Carlos Bacca;<\/strong> Las Palmas se medir\u00e1 con el Valencia de <strong>Jeisson Murillo<\/strong> y Espanyol-Levante de <strong>Jefferson Lerma.<\/strong><br \/>\n.<\/p>\n","protected":false},"excerpt":{"rendered":"<p>La Real Federaci\u00f3n Espa\u00f1ola de F\u00fatbol realiz\u00f3 el sorteo para los octavos de final de la Copa del Rey, partidos que se disputar\u00e1n entre el 2 y el 4 de enero los de ida y entre 9 y 10 del mismo mes los de vuelta. Los duelos de los tres principales equipos espa\u00f1oles quedaron establecidos [&hellip;]<\/p>\n","protected":false},"author":5,"featured_media":10714,"comment_status":"open","ping_status":"closed","sticky":false,"template":"","format":"standard","meta":{"_acf_changed":false,"footnotes":""},"categories":[5,152],"tags":[257,165],"class_list":{"0":"post-10712","1":"post","2":"type-post","3":"status-publish","4":"format-standard","5":"has-post-thumbnail","7":"category-destacados","8":"category-mundo-futbol","9":"tag-copa-del-rey","10":"tag-jugadores-colombianos"},"acf":[],"_links":{"self":[{"href":"https:\/\/futbolhoy.co\/index.php\/wp-json\/wp\/v2\/posts\/10712","targetHints":{"allow":["GET"]}}],"collection":[{"href":"https:\/\/futbolhoy.co\/index.php\/wp-json\/wp\/v2\/posts"}],"about":[{"href":"https:\/\/futbolhoy.co\/index.php\/wp-json\/wp\/v2\/types\/post"}],"author":[{"embeddable":true,"href":"https:\/\/futbolhoy.co\/index.php\/wp-json\/wp\/v2\/users\/5"}],"replies":[{"embeddable":true,"href":"https:\/\/futbolhoy.co\/index.php\/wp-json\/wp\/v2\/comments?post=10712"}],"version-history":[{"count":1,"href":"https:\/\/futbolhoy.co\/index.php\/wp-json\/wp\/v2\/posts\/10712\/revisions"}],"predecessor-version":[{"id":10716,"href":"https:\/\/futbolhoy.co\/index.php\/wp-json\/wp\/v2\/posts\/10712\/revisions\/10716"}],"wp:featuredmedia":[{"embeddable":true,"href":"https:\/\/futbolhoy.co\/index.php\/wp-json\/wp\/v2\/media\/10714"}],"wp:attachment":[{"href":"https:\/\/futbolhoy.co\/index.php\/wp-json\/wp\/v2\/media?parent=10712"}],"wp:term":[{"taxonomy":"category","embeddable":true,"href":"https:\/\/futbolhoy.co\/index.php\/wp-json\/wp\/v2\/categories?post=10712"},{"taxonomy":"post_tag","embeddable":true,"href":"https:\/\/futbolhoy.co\/index.php\/wp-json\/wp\/v2\/tags?post=10712"}],"curies":[{"name":"wp","href":"https:\/\/api.w.org\/{rel}","templated":true}]}}