{"id":108415,"date":"2024-05-15T17:05:18","date_gmt":"2024-05-15T22:05:18","guid":{"rendered":"https:\/\/futbolhoy.co\/?p=108415"},"modified":"2024-05-16T15:09:33","modified_gmt":"2024-05-16T20:09:33","slug":"la-premier-league-votara-si-abolir-el-var","status":"publish","type":"post","link":"https:\/\/futbolhoy.co\/index.php\/2024\/05\/15\/la-premier-league-votara-si-abolir-el-var\/","title":{"rendered":"La Premier League votar\u00e1 si abolir el VAR"},"content":{"rendered":"<p style=\"text-align: justify;\"><span style=\"font-family: helvetica, arial, sans-serif;\">La herramienta tecnol\u00f3gica <strong>VAR<\/strong> lleg\u00f3 al f\u00fatbol con el objetivo de mejorar las decisiones arbitrales y para quedarse instaurado casi que de manera indefinida. Sin embargo, en la <strong>Premier League<\/strong> parecen estar a una votaci\u00f3n de quitar el sistema, a ra\u00edz de todas las pol\u00e9micas que ha tra\u00eddo consigo la implementaci\u00f3n del mismo.<\/span><\/p>\n<p style=\"text-align: justify;\"><span style=\"font-family: helvetica, arial, sans-serif;\">El <strong>Wolverhampton<\/strong> fue el club que propuso realizar una votaci\u00f3n entre los 20 equipos para que se apruebe quitar el uso del VAR en la liga. Dicha iniciativa ser\u00e1 puesta en ejecuci\u00f3n el pr\u00f3ximo 6 de junio y se necesitar\u00e1n 14 votos de 20 posibles para que sea aceptada.<\/span><\/p>\n<p style=\"text-align: justify;\"><span style=\"font-family: helvetica, arial, sans-serif;\">\u201cNo hay que culpar a nadie, todos simplemente buscamos el mejor resultado posible para el f\u00fatbol, y todas las partes interesadas han estado trabajando duro para intentar que la introducci\u00f3n de tecnolog\u00eda adicional sea un \u00e9xito. Sin embargo, despu\u00e9s de cinco temporadas con el VAR en la Premier League, es hora de un debate constructivo y cr\u00edtico sobre su futuro. Nuestra posici\u00f3n es que el precio que estamos pagando por un peque\u00f1o aumento en la precisi\u00f3n va en contra del esp\u00edritu de nuestro juego y, como resultado, deber\u00edamos eliminarlo a partir de la temporada 2024-25\u2033, se lee en la iniciativa de los Wolves.<\/span><\/p>\n<p style=\"text-align: justify;\"><span style=\"font-family: helvetica, arial, sans-serif;\">El <strong>VAR,<\/strong> que se utiliza en la liga inglesa desde 2019, ha generado mucha controversia en el f\u00fatbol de este pa\u00eds. Ahora ser\u00e1 sometido a votaci\u00f3n y en caso de ser aceptada, marcar\u00e1 un hito en el balompi\u00e9 mundial, pues hasta el momento no hab\u00eda sido analizada la propuesta de quitarlo.<\/span><\/p>\n","protected":false},"excerpt":{"rendered":"<p>La herramienta tecnol\u00f3gica VAR lleg\u00f3 al f\u00fatbol con el objetivo de mejorar las decisiones arbitrales y para quedarse instaurado casi que de manera indefinida. Sin embargo, en la Premier League parecen estar a una votaci\u00f3n de quitar el sistema, a ra\u00edz de todas las pol\u00e9micas que ha tra\u00eddo consigo la implementaci\u00f3n del mismo. El Wolverhampton [&hellip;]<\/p>\n","protected":false},"author":4,"featured_media":20118,"comment_status":"open","ping_status":"open","sticky":false,"template":"","format":"standard","meta":{"_acf_changed":false,"footnotes":""},"categories":[152],"tags":[],"class_list":{"0":"post-108415","1":"post","2":"type-post","3":"status-publish","4":"format-standard","5":"has-post-thumbnail","7":"category-mundo-futbol"},"acf":[],"yoast_head":"<!-- This site is optimized with the Yoast SEO plugin v26.8 - https:\/\/yoast.com\/product\/yoast-seo-wordpress\/ -->\n<title>La Premier League votar\u00e1 si abolir el VAR -<\/title>\n<meta name=\"robots\" content=\"index, follow, max-snippet:-1, max-image-preview:large, max-video-preview:-1\" \/>\n<link rel=\"canonical\" href=\"https:\/\/futbolhoy.co\/index.php\/2024\/05\/15\/la-premier-league-votara-si-abolir-el-var\/\" \/>\n<meta property=\"og:locale\" content=\"es_ES\" \/>\n<meta property=\"og:type\" content=\"article\" \/>\n<meta property=\"og:title\" content=\"La Premier League votar\u00e1 si abolir el VAR -\" \/>\n<meta property=\"og:description\" content=\"La herramienta tecnol\u00f3gica VAR lleg\u00f3 al f\u00fatbol con el objetivo de mejorar las decisiones arbitrales y para quedarse instaurado casi que de manera indefinida. Sin embargo, en la Premier League parecen estar a una votaci\u00f3n de quitar el sistema, a ra\u00edz de todas las pol\u00e9micas que ha tra\u00eddo consigo la implementaci\u00f3n del mismo. El Wolverhampton [&hellip;]\" \/>\n<meta property=\"og:url\" content=\"https:\/\/futbolhoy.co\/index.php\/2024\/05\/15\/la-premier-league-votara-si-abolir-el-var\/\" \/>\n<meta property=\"article:publisher\" content=\"https:\/\/www.facebook.com\/FutbolHoyCol\/\" \/>\n<meta property=\"article:published_time\" content=\"2024-05-15T22:05:18+00:00\" \/>\n<meta property=\"article:modified_time\" content=\"2024-05-16T20:09:33+00:00\" \/>\n<meta property=\"og:image\" content=\"https:\/\/futbolhoy.co\/wp-content\/uploads\/2018\/06\/Var.jpg\" \/>\n\t<meta property=\"og:image:width\" content=\"1200\" \/>\n\t<meta property=\"og:image:height\" content=\"900\" \/>\n\t<meta property=\"og:image:type\" content=\"image\/jpeg\" \/>\n<meta name=\"author\" content=\"contenido\" \/>\n<meta name=\"twitter:card\" content=\"summary_large_image\" \/>\n<meta name=\"twitter:creator\" content=\"@FutbolHoyCol\" \/>\n<meta name=\"twitter:site\" content=\"@FutbolHoyCol\" \/>\n<meta name=\"twitter:label1\" content=\"Escrito por\" \/>\n\t<meta name=\"twitter:data1\" content=\"contenido\" \/>\n\t<meta name=\"twitter:label2\" content=\"Tiempo de lectura\" \/>\n\t<meta name=\"twitter:data2\" content=\"1 minuto\" \/>\n<script type=\"application\/ld+json\" class=\"yoast-schema-graph\">{\"@context\":\"https:\/\/schema.org\",\"@graph\":[{\"@type\":\"Article\",\"@id\":\"https:\/\/futbolhoy.co\/index.php\/2024\/05\/15\/la-premier-league-votara-si-abolir-el-var\/#article\",\"isPartOf\":{\"@id\":\"https:\/\/futbolhoy.co\/index.php\/2024\/05\/15\/la-premier-league-votara-si-abolir-el-var\/\"},\"author\":{\"name\":\"contenido\",\"@id\":\"https:\/\/futbolhoy.co\/#\/schema\/person\/1721b69355b6623eaff15ac7b92d4cc3\"},\"headline\":\"La Premier League votar\u00e1 si abolir el VAR\",\"datePublished\":\"2024-05-15T22:05:18+00:00\",\"dateModified\":\"2024-05-16T20:09:33+00:00\",\"mainEntityOfPage\":{\"@id\":\"https:\/\/futbolhoy.co\/index.php\/2024\/05\/15\/la-premier-league-votara-si-abolir-el-var\/\"},\"wordCount\":284,\"commentCount\":0,\"publisher\":{\"@id\":\"https:\/\/futbolhoy.co\/#organization\"},\"image\":{\"@id\":\"https:\/\/futbolhoy.co\/index.php\/2024\/05\/15\/la-premier-league-votara-si-abolir-el-var\/#primaryimage\"},\"thumbnailUrl\":\"https:\/\/futbolhoy.co\/wp-content\/uploads\/2018\/06\/Var.jpg\",\"articleSection\":[\"Mundo Futbol\"],\"inLanguage\":\"es\",\"potentialAction\":[{\"@type\":\"CommentAction\",\"name\":\"Comment\",\"target\":[\"https:\/\/futbolhoy.co\/index.php\/2024\/05\/15\/la-premier-league-votara-si-abolir-el-var\/#respond\"]}]},{\"@type\":\"WebPage\",\"@id\":\"https:\/\/futbolhoy.co\/index.php\/2024\/05\/15\/la-premier-league-votara-si-abolir-el-var\/\",\"url\":\"https:\/\/futbolhoy.co\/index.php\/2024\/05\/15\/la-premier-league-votara-si-abolir-el-var\/\",\"name\":\"La Premier League votar\u00e1 si abolir el VAR -\",\"isPartOf\":{\"@id\":\"https:\/\/futbolhoy.co\/#website\"},\"primaryImageOfPage\":{\"@id\":\"https:\/\/futbolhoy.co\/index.php\/2024\/05\/15\/la-premier-league-votara-si-abolir-el-var\/#primaryimage\"},\"image\":{\"@id\":\"https:\/\/futbolhoy.co\/index.php\/2024\/05\/15\/la-premier-league-votara-si-abolir-el-var\/#primaryimage\"},\"thumbnailUrl\":\"https:\/\/futbolhoy.co\/wp-content\/uploads\/2018\/06\/Var.jpg\",\"datePublished\":\"2024-05-15T22:05:18+00:00\",\"dateModified\":\"2024-05-16T20:09:33+00:00\",\"breadcrumb\":{\"@id\":\"https:\/\/futbolhoy.co\/index.php\/2024\/05\/15\/la-premier-league-votara-si-abolir-el-var\/#breadcrumb\"},\"inLanguage\":\"es\",\"potentialAction\":[{\"@type\":\"ReadAction\",\"target\":[\"https:\/\/futbolhoy.co\/index.php\/2024\/05\/15\/la-premier-league-votara-si-abolir-el-var\/\"]}]},{\"@type\":\"ImageObject\",\"inLanguage\":\"es\",\"@id\":\"https:\/\/futbolhoy.co\/index.php\/2024\/05\/15\/la-premier-league-votara-si-abolir-el-var\/#primaryimage\",\"url\":\"https:\/\/futbolhoy.co\/wp-content\/uploads\/2018\/06\/Var.jpg\",\"contentUrl\":\"https:\/\/futbolhoy.co\/wp-content\/uploads\/2018\/06\/Var.jpg\",\"width\":1200,\"height\":900,\"caption\":\"@alarguecaracol\"},{\"@type\":\"BreadcrumbList\",\"@id\":\"https:\/\/futbolhoy.co\/index.php\/2024\/05\/15\/la-premier-league-votara-si-abolir-el-var\/#breadcrumb\",\"itemListElement\":[{\"@type\":\"ListItem\",\"position\":1,\"name\":\"Portada\",\"item\":\"https:\/\/futbolhoy.co\/\"},{\"@type\":\"ListItem\",\"position\":2,\"name\":\"La Premier League votar\u00e1 si abolir el VAR\"}]},{\"@type\":\"WebSite\",\"@id\":\"https:\/\/futbolhoy.co\/#website\",\"url\":\"https:\/\/futbolhoy.co\/\",\"name\":\"FutbolHoy\",\"description\":\"\",\"publisher\":{\"@id\":\"https:\/\/futbolhoy.co\/#organization\"},\"potentialAction\":[{\"@type\":\"SearchAction\",\"target\":{\"@type\":\"EntryPoint\",\"urlTemplate\":\"https:\/\/futbolhoy.co\/?s={search_term_string}\"},\"query-input\":{\"@type\":\"PropertyValueSpecification\",\"valueRequired\":true,\"valueName\":\"search_term_string\"}}],\"inLanguage\":\"es\"},{\"@type\":\"Organization\",\"@id\":\"https:\/\/futbolhoy.co\/#organization\",\"name\":\"Futbolhoy.co\",\"url\":\"https:\/\/futbolhoy.co\/\",\"logo\":{\"@type\":\"ImageObject\",\"inLanguage\":\"es\",\"@id\":\"https:\/\/futbolhoy.co\/#\/schema\/logo\/image\/\",\"url\":\"https:\/\/futbolhoy.co\/wp-content\/uploads\/2018\/08\/17426380_1906371736249227_6326180412931521141_n.jpg\",\"contentUrl\":\"https:\/\/futbolhoy.co\/wp-content\/uploads\/2018\/08\/17426380_1906371736249227_6326180412931521141_n.jpg\",\"width\":960,\"height\":960,\"caption\":\"Futbolhoy.co\"},\"image\":{\"@id\":\"https:\/\/futbolhoy.co\/#\/schema\/logo\/image\/\"},\"sameAs\":[\"https:\/\/www.facebook.com\/FutbolHoyCol\/\",\"https:\/\/x.com\/FutbolHoyCol\",\"https:\/\/www.instagram.com\/futbolhoycol\/\"]},{\"@type\":\"Person\",\"@id\":\"https:\/\/futbolhoy.co\/#\/schema\/person\/1721b69355b6623eaff15ac7b92d4cc3\",\"name\":\"contenido\",\"image\":{\"@type\":\"ImageObject\",\"inLanguage\":\"es\",\"@id\":\"https:\/\/futbolhoy.co\/#\/schema\/person\/image\/\",\"url\":\"https:\/\/secure.gravatar.com\/avatar\/4f656d3256f5134f466206e7c3941518?s=96&d=mm&r=g\",\"contentUrl\":\"https:\/\/secure.gravatar.com\/avatar\/4f656d3256f5134f466206e7c3941518?s=96&d=mm&r=g\",\"caption\":\"contenido\"}}]}<\/script>\n<!-- \/ Yoast SEO plugin. -->","yoast_head_json":{"title":"La Premier League votar\u00e1 si abolir el VAR -","robots":{"index":"index","follow":"follow","max-snippet":"max-snippet:-1","max-image-preview":"max-image-preview:large","max-video-preview":"max-video-preview:-1"},"canonical":"https:\/\/futbolhoy.co\/index.php\/2024\/05\/15\/la-premier-league-votara-si-abolir-el-var\/","og_locale":"es_ES","og_type":"article","og_title":"La Premier League votar\u00e1 si abolir el VAR -","og_description":"La herramienta tecnol\u00f3gica VAR lleg\u00f3 al f\u00fatbol con el objetivo de mejorar las decisiones arbitrales y para quedarse instaurado casi que de manera indefinida. Sin embargo, en la Premier League parecen estar a una votaci\u00f3n de quitar el sistema, a ra\u00edz de todas las pol\u00e9micas que ha tra\u00eddo consigo la implementaci\u00f3n del mismo. El Wolverhampton [&hellip;]","og_url":"https:\/\/futbolhoy.co\/index.php\/2024\/05\/15\/la-premier-league-votara-si-abolir-el-var\/","article_publisher":"https:\/\/www.facebook.com\/FutbolHoyCol\/","article_published_time":"2024-05-15T22:05:18+00:00","article_modified_time":"2024-05-16T20:09:33+00:00","og_image":[{"width":1200,"height":900,"url":"https:\/\/futbolhoy.co\/wp-content\/uploads\/2018\/06\/Var.jpg","type":"image\/jpeg"}],"author":"contenido","twitter_card":"summary_large_image","twitter_creator":"@FutbolHoyCol","twitter_site":"@FutbolHoyCol","twitter_misc":{"Escrito por":"contenido","Tiempo de lectura":"1 minuto"},"schema":{"@context":"https:\/\/schema.org","@graph":[{"@type":"Article","@id":"https:\/\/futbolhoy.co\/index.php\/2024\/05\/15\/la-premier-league-votara-si-abolir-el-var\/#article","isPartOf":{"@id":"https:\/\/futbolhoy.co\/index.php\/2024\/05\/15\/la-premier-league-votara-si-abolir-el-var\/"},"author":{"name":"contenido","@id":"https:\/\/futbolhoy.co\/#\/schema\/person\/1721b69355b6623eaff15ac7b92d4cc3"},"headline":"La Premier League votar\u00e1 si abolir el VAR","datePublished":"2024-05-15T22:05:18+00:00","dateModified":"2024-05-16T20:09:33+00:00","mainEntityOfPage":{"@id":"https:\/\/futbolhoy.co\/index.php\/2024\/05\/15\/la-premier-league-votara-si-abolir-el-var\/"},"wordCount":284,"commentCount":0,"publisher":{"@id":"https:\/\/futbolhoy.co\/#organization"},"image":{"@id":"https:\/\/futbolhoy.co\/index.php\/2024\/05\/15\/la-premier-league-votara-si-abolir-el-var\/#primaryimage"},"thumbnailUrl":"https:\/\/futbolhoy.co\/wp-content\/uploads\/2018\/06\/Var.jpg","articleSection":["Mundo Futbol"],"inLanguage":"es","potentialAction":[{"@type":"CommentAction","name":"Comment","target":["https:\/\/futbolhoy.co\/index.php\/2024\/05\/15\/la-premier-league-votara-si-abolir-el-var\/#respond"]}]},{"@type":"WebPage","@id":"https:\/\/futbolhoy.co\/index.php\/2024\/05\/15\/la-premier-league-votara-si-abolir-el-var\/","url":"https:\/\/futbolhoy.co\/index.php\/2024\/05\/15\/la-premier-league-votara-si-abolir-el-var\/","name":"La Premier League votar\u00e1 si abolir el VAR -","isPartOf":{"@id":"https:\/\/futbolhoy.co\/#website"},"primaryImageOfPage":{"@id":"https:\/\/futbolhoy.co\/index.php\/2024\/05\/15\/la-premier-league-votara-si-abolir-el-var\/#primaryimage"},"image":{"@id":"https:\/\/futbolhoy.co\/index.php\/2024\/05\/15\/la-premier-league-votara-si-abolir-el-var\/#primaryimage"},"thumbnailUrl":"https:\/\/futbolhoy.co\/wp-content\/uploads\/2018\/06\/Var.jpg","datePublished":"2024-05-15T22:05:18+00:00","dateModified":"2024-05-16T20:09:33+00:00","breadcrumb":{"@id":"https:\/\/futbolhoy.co\/index.php\/2024\/05\/15\/la-premier-league-votara-si-abolir-el-var\/#breadcrumb"},"inLanguage":"es","potentialAction":[{"@type":"ReadAction","target":["https:\/\/futbolhoy.co\/index.php\/2024\/05\/15\/la-premier-league-votara-si-abolir-el-var\/"]}]},{"@type":"ImageObject","inLanguage":"es","@id":"https:\/\/futbolhoy.co\/index.php\/2024\/05\/15\/la-premier-league-votara-si-abolir-el-var\/#primaryimage","url":"https:\/\/futbolhoy.co\/wp-content\/uploads\/2018\/06\/Var.jpg","contentUrl":"https:\/\/futbolhoy.co\/wp-content\/uploads\/2018\/06\/Var.jpg","width":1200,"height":900,"caption":"@alarguecaracol"},{"@type":"BreadcrumbList","@id":"https:\/\/futbolhoy.co\/index.php\/2024\/05\/15\/la-premier-league-votara-si-abolir-el-var\/#breadcrumb","itemListElement":[{"@type":"ListItem","position":1,"name":"Portada","item":"https:\/\/futbolhoy.co\/"},{"@type":"ListItem","position":2,"name":"La Premier League votar\u00e1 si abolir el VAR"}]},{"@type":"WebSite","@id":"https:\/\/futbolhoy.co\/#website","url":"https:\/\/futbolhoy.co\/","name":"FutbolHoy","description":"","publisher":{"@id":"https:\/\/futbolhoy.co\/#organization"},"potentialAction":[{"@type":"SearchAction","target":{"@type":"EntryPoint","urlTemplate":"https:\/\/futbolhoy.co\/?s={search_term_string}"},"query-input":{"@type":"PropertyValueSpecification","valueRequired":true,"valueName":"search_term_string"}}],"inLanguage":"es"},{"@type":"Organization","@id":"https:\/\/futbolhoy.co\/#organization","name":"Futbolhoy.co","url":"https:\/\/futbolhoy.co\/","logo":{"@type":"ImageObject","inLanguage":"es","@id":"https:\/\/futbolhoy.co\/#\/schema\/logo\/image\/","url":"https:\/\/futbolhoy.co\/wp-content\/uploads\/2018\/08\/17426380_1906371736249227_6326180412931521141_n.jpg","contentUrl":"https:\/\/futbolhoy.co\/wp-content\/uploads\/2018\/08\/17426380_1906371736249227_6326180412931521141_n.jpg","width":960,"height":960,"caption":"Futbolhoy.co"},"image":{"@id":"https:\/\/futbolhoy.co\/#\/schema\/logo\/image\/"},"sameAs":["https:\/\/www.facebook.com\/FutbolHoyCol\/","https:\/\/x.com\/FutbolHoyCol","https:\/\/www.instagram.com\/futbolhoycol\/"]},{"@type":"Person","@id":"https:\/\/futbolhoy.co\/#\/schema\/person\/1721b69355b6623eaff15ac7b92d4cc3","name":"contenido","image":{"@type":"ImageObject","inLanguage":"es","@id":"https:\/\/futbolhoy.co\/#\/schema\/person\/image\/","url":"https:\/\/secure.gravatar.com\/avatar\/4f656d3256f5134f466206e7c3941518?s=96&d=mm&r=g","contentUrl":"https:\/\/secure.gravatar.com\/avatar\/4f656d3256f5134f466206e7c3941518?s=96&d=mm&r=g","caption":"contenido"}}]}},"publishpress_future_action":{"enabled":false,"date":"2026-05-03 05:22:12","action":"change-status","newStatus":"draft","terms":[],"taxonomy":"category","extraData":[]},"publishpress_future_workflow_manual_trigger":{"enabledWorkflows":[]},"_links":{"self":[{"href":"https:\/\/futbolhoy.co\/index.php\/wp-json\/wp\/v2\/posts\/108415","targetHints":{"allow":["GET"]}}],"collection":[{"href":"https:\/\/futbolhoy.co\/index.php\/wp-json\/wp\/v2\/posts"}],"about":[{"href":"https:\/\/futbolhoy.co\/index.php\/wp-json\/wp\/v2\/types\/post"}],"author":[{"embeddable":true,"href":"https:\/\/futbolhoy.co\/index.php\/wp-json\/wp\/v2\/users\/4"}],"replies":[{"embeddable":true,"href":"https:\/\/futbolhoy.co\/index.php\/wp-json\/wp\/v2\/comments?post=108415"}],"version-history":[{"count":1,"href":"https:\/\/futbolhoy.co\/index.php\/wp-json\/wp\/v2\/posts\/108415\/revisions"}],"predecessor-version":[{"id":108416,"href":"https:\/\/futbolhoy.co\/index.php\/wp-json\/wp\/v2\/posts\/108415\/revisions\/108416"}],"wp:featuredmedia":[{"embeddable":true,"href":"https:\/\/futbolhoy.co\/index.php\/wp-json\/wp\/v2\/media\/20118"}],"wp:attachment":[{"href":"https:\/\/futbolhoy.co\/index.php\/wp-json\/wp\/v2\/media?parent=108415"}],"wp:term":[{"taxonomy":"category","embeddable":true,"href":"https:\/\/futbolhoy.co\/index.php\/wp-json\/wp\/v2\/categories?post=108415"},{"taxonomy":"post_tag","embeddable":true,"href":"https:\/\/futbolhoy.co\/index.php\/wp-json\/wp\/v2\/tags?post=108415"}],"curies":[{"name":"wp","href":"https:\/\/api.w.org\/{rel}","templated":true}]}}