{"id":108427,"date":"2024-05-16T08:11:11","date_gmt":"2024-05-16T13:11:11","guid":{"rendered":"https:\/\/futbolhoy.co\/?p=108427"},"modified":"2024-05-16T21:41:23","modified_gmt":"2024-05-17T02:41:23","slug":"alemania-anuncio-la-pre-convocatoria-para-la-eurocopa-2024","status":"publish","type":"post","link":"https:\/\/futbolhoy.co\/index.php\/2024\/05\/16\/alemania-anuncio-la-pre-convocatoria-para-la-eurocopa-2024\/","title":{"rendered":"Alemania anunci\u00f3 la pre convocatoria para la Eurocopa 2024"},"content":{"rendered":"<p style=\"text-align: justify;\"><span style=\"font-family: helvetica, arial, sans-serif;\"><span style=\"font-weight: 400;\">Con Toni Kroos a la cabeza, el t\u00e9cnico Julian Nagelsmann anunci\u00f3 la pre lista de 27 jugadores convocados para disputar la pr\u00f3xima<\/span><b> Europa 2024, en la que Alemania ser\u00e1 sede.<\/b><\/span><\/p>\n<p style=\"text-align: justify;\"><span style=\"font-family: helvetica, arial, sans-serif;\"><span style=\"font-weight: 400;\">En total son 27 jugadores, de los que el t\u00e9cnico alem\u00e1n tendr\u00e1 que descartar a uno antes del comienzo del torneo. <\/span><b>En la lista se destacan cuatro porteros,<\/b><span style=\"font-weight: 400;\"> algo que llam\u00f3 la atenci\u00f3n y ser\u00eda en esta posici\u00f3n donde se descarte a un futbolista.<\/span><\/span><\/p>\n<p style=\"text-align: justify;\"><span style=\"font-family: helvetica, arial, sans-serif;\"><span style=\"font-weight: 400;\">Nagelsmann justific\u00f3 la convocatoria de los cuatro porteros diciendo que hay ejercicios en los que siempre necesitar\u00e1 al menos a uno de ellos y que no tienen que ser necesariamente <\/span><b>asumidos por Manuel Neuer o Marc Andr\u00e9 ter Stegen.<\/b><\/span><\/p>\n<p style=\"text-align: justify;\"><span style=\"font-family: helvetica, arial, sans-serif;\"><span style=\"font-weight: 400;\">Adem\u00e1s de Toni Kroos, <\/span><b>tambi\u00e9n figuran en el listado su compa\u00f1ero en el Real Madrid Antonio R\u00fcdiger <\/b><span style=\"font-weight: 400;\">y los jugadores del Barcelona Marc Andr\u00e9 Ter Stegen e Ilkay G\u00fcndogan.<\/span><\/span><\/p>\n<p style=\"text-align: justify;\"><span style=\"font-family: helvetica, arial, sans-serif;\"><b>Convocatoria completa:<\/b><\/span><\/p>\n<p style=\"text-align: justify;\"><span style=\"font-weight: 400; font-family: helvetica, arial, sans-serif;\">Porteros: Manuel Neuer (Bayern M\u00fanich), Marc Andr\u00e9 Ter Stegen (Barcelona), Oliver Baumann (Hoffenheim), Alexander N\u00fcbel (Stuttgart)<\/span><\/p>\n<p style=\"text-align: justify;\"><span style=\"font-weight: 400; font-family: helvetica, arial, sans-serif;\">Defensas: Nico Schlotterbeck (Boussia Dortmund), Jonathan Tah (Bayer Leverkusen), Robin Koch (Eintracht Frankfurt), Maximilian Mittelst\u00e4dt (Stuttgart), Joshua Kimmich (Bayern M\u00fanich), Antonio R\u00fcdiger (Real Madrid), David Raum (RB Leipzig), Benjamin Henrichs (RB Leipzig), Waldemar Anton (Stuttgart)<\/span><\/p>\n<p style=\"text-align: justify;\"><span style=\"font-weight: 400; font-family: helvetica, arial, sans-serif;\">Centrocampistas: Toni Kroos (Real Madrid), Chris F\u00fchrich (Stuttgart), Aleksandar Pavlovic (Bayern M\u00fanich), Leroy San\u00e9 (Bayern M\u00fanich), Robert Andrich (Bayer Leverkusen), Pascal Gro\u00df (Brighton), Ilkay G\u00fcndogan (Barcelona), Florian Wirtz (Bayer Leverkusen), Jamal Musiala (Bayern M\u00fanich)<\/span><\/p>\n<p style=\"text-align: justify;\"><span style=\"font-weight: 400; font-family: helvetica, arial, sans-serif;\">Delanteros: Niclas F\u00fcllkrug (Borussia Dortmund), Kai Havertz (Arsenal), Deniz Undav (Stuttgart), Thomas M\u00fcller (Bayern M\u00fanich), Maxilimian Beier (Hoffenheim).<\/span><\/p>\n","protected":false},"excerpt":{"rendered":"<p>Con Toni Kroos a la cabeza, el t\u00e9cnico Julian Nagelsmann anunci\u00f3 la pre lista de 27 jugadores convocados para disputar la pr\u00f3xima Europa 2024, en la que Alemania ser\u00e1 sede. En total son 27 jugadores, de los que el t\u00e9cnico alem\u00e1n tendr\u00e1 que descartar a uno antes del comienzo del torneo. En la lista se [&hellip;]<\/p>\n","protected":false},"author":4,"featured_media":106444,"comment_status":"open","ping_status":"open","sticky":false,"template":"","format":"standard","meta":{"_acf_changed":false,"footnotes":""},"categories":[152],"tags":[],"class_list":{"0":"post-108427","1":"post","2":"type-post","3":"status-publish","4":"format-standard","5":"has-post-thumbnail","7":"category-mundo-futbol"},"acf":[],"yoast_head":"<!-- This site is optimized with the Yoast SEO plugin v26.8 - https:\/\/yoast.com\/product\/yoast-seo-wordpress\/ -->\n<title>Alemania anunci\u00f3 la pre convocatoria para la Eurocopa 2024 -<\/title>\n<meta name=\"robots\" content=\"index, follow, max-snippet:-1, max-image-preview:large, max-video-preview:-1\" \/>\n<link rel=\"canonical\" href=\"https:\/\/futbolhoy.co\/index.php\/2024\/05\/16\/alemania-anuncio-la-pre-convocatoria-para-la-eurocopa-2024\/\" \/>\n<meta property=\"og:locale\" content=\"es_ES\" \/>\n<meta property=\"og:type\" content=\"article\" \/>\n<meta property=\"og:title\" content=\"Alemania anunci\u00f3 la pre convocatoria para la Eurocopa 2024 -\" \/>\n<meta property=\"og:description\" content=\"Con Toni Kroos a la cabeza, el t\u00e9cnico Julian Nagelsmann anunci\u00f3 la pre lista de 27 jugadores convocados para disputar la pr\u00f3xima Europa 2024, en la que Alemania ser\u00e1 sede. En total son 27 jugadores, de los que el t\u00e9cnico alem\u00e1n tendr\u00e1 que descartar a uno antes del comienzo del torneo. En la lista se [&hellip;]\" \/>\n<meta property=\"og:url\" content=\"https:\/\/futbolhoy.co\/index.php\/2024\/05\/16\/alemania-anuncio-la-pre-convocatoria-para-la-eurocopa-2024\/\" \/>\n<meta property=\"article:publisher\" content=\"https:\/\/www.facebook.com\/FutbolHoyCol\/\" \/>\n<meta property=\"article:published_time\" content=\"2024-05-16T13:11:11+00:00\" \/>\n<meta property=\"article:modified_time\" content=\"2024-05-17T02:41:23+00:00\" \/>\n<meta property=\"og:image\" content=\"https:\/\/futbolhoy.co\/wp-content\/uploads\/2024\/03\/WhatsApp-Image-2024-03-27-at-10.47.19-AM.jpeg\" \/>\n\t<meta property=\"og:image:width\" content=\"1179\" \/>\n\t<meta property=\"og:image:height\" content=\"830\" \/>\n\t<meta property=\"og:image:type\" content=\"image\/jpeg\" \/>\n<meta name=\"author\" content=\"contenido\" \/>\n<meta name=\"twitter:card\" content=\"summary_large_image\" \/>\n<meta name=\"twitter:creator\" content=\"@FutbolHoyCol\" \/>\n<meta name=\"twitter:site\" content=\"@FutbolHoyCol\" \/>\n<meta name=\"twitter:label1\" content=\"Escrito por\" \/>\n\t<meta name=\"twitter:data1\" content=\"contenido\" \/>\n\t<meta name=\"twitter:label2\" content=\"Tiempo de lectura\" \/>\n\t<meta name=\"twitter:data2\" content=\"1 minuto\" \/>\n<script type=\"application\/ld+json\" class=\"yoast-schema-graph\">{\"@context\":\"https:\/\/schema.org\",\"@graph\":[{\"@type\":\"Article\",\"@id\":\"https:\/\/futbolhoy.co\/index.php\/2024\/05\/16\/alemania-anuncio-la-pre-convocatoria-para-la-eurocopa-2024\/#article\",\"isPartOf\":{\"@id\":\"https:\/\/futbolhoy.co\/index.php\/2024\/05\/16\/alemania-anuncio-la-pre-convocatoria-para-la-eurocopa-2024\/\"},\"author\":{\"name\":\"contenido\",\"@id\":\"https:\/\/futbolhoy.co\/#\/schema\/person\/1721b69355b6623eaff15ac7b92d4cc3\"},\"headline\":\"Alemania anunci\u00f3 la pre convocatoria para la Eurocopa 2024\",\"datePublished\":\"2024-05-16T13:11:11+00:00\",\"dateModified\":\"2024-05-17T02:41:23+00:00\",\"mainEntityOfPage\":{\"@id\":\"https:\/\/futbolhoy.co\/index.php\/2024\/05\/16\/alemania-anuncio-la-pre-convocatoria-para-la-eurocopa-2024\/\"},\"wordCount\":277,\"commentCount\":0,\"publisher\":{\"@id\":\"https:\/\/futbolhoy.co\/#organization\"},\"image\":{\"@id\":\"https:\/\/futbolhoy.co\/index.php\/2024\/05\/16\/alemania-anuncio-la-pre-convocatoria-para-la-eurocopa-2024\/#primaryimage\"},\"thumbnailUrl\":\"https:\/\/futbolhoy.co\/wp-content\/uploads\/2024\/03\/WhatsApp-Image-2024-03-27-at-10.47.19-AM.jpeg\",\"articleSection\":[\"Mundo Futbol\"],\"inLanguage\":\"es\",\"potentialAction\":[{\"@type\":\"CommentAction\",\"name\":\"Comment\",\"target\":[\"https:\/\/futbolhoy.co\/index.php\/2024\/05\/16\/alemania-anuncio-la-pre-convocatoria-para-la-eurocopa-2024\/#respond\"]}]},{\"@type\":\"WebPage\",\"@id\":\"https:\/\/futbolhoy.co\/index.php\/2024\/05\/16\/alemania-anuncio-la-pre-convocatoria-para-la-eurocopa-2024\/\",\"url\":\"https:\/\/futbolhoy.co\/index.php\/2024\/05\/16\/alemania-anuncio-la-pre-convocatoria-para-la-eurocopa-2024\/\",\"name\":\"Alemania anunci\u00f3 la pre convocatoria para la Eurocopa 2024 -\",\"isPartOf\":{\"@id\":\"https:\/\/futbolhoy.co\/#website\"},\"primaryImageOfPage\":{\"@id\":\"https:\/\/futbolhoy.co\/index.php\/2024\/05\/16\/alemania-anuncio-la-pre-convocatoria-para-la-eurocopa-2024\/#primaryimage\"},\"image\":{\"@id\":\"https:\/\/futbolhoy.co\/index.php\/2024\/05\/16\/alemania-anuncio-la-pre-convocatoria-para-la-eurocopa-2024\/#primaryimage\"},\"thumbnailUrl\":\"https:\/\/futbolhoy.co\/wp-content\/uploads\/2024\/03\/WhatsApp-Image-2024-03-27-at-10.47.19-AM.jpeg\",\"datePublished\":\"2024-05-16T13:11:11+00:00\",\"dateModified\":\"2024-05-17T02:41:23+00:00\",\"breadcrumb\":{\"@id\":\"https:\/\/futbolhoy.co\/index.php\/2024\/05\/16\/alemania-anuncio-la-pre-convocatoria-para-la-eurocopa-2024\/#breadcrumb\"},\"inLanguage\":\"es\",\"potentialAction\":[{\"@type\":\"ReadAction\",\"target\":[\"https:\/\/futbolhoy.co\/index.php\/2024\/05\/16\/alemania-anuncio-la-pre-convocatoria-para-la-eurocopa-2024\/\"]}]},{\"@type\":\"ImageObject\",\"inLanguage\":\"es\",\"@id\":\"https:\/\/futbolhoy.co\/index.php\/2024\/05\/16\/alemania-anuncio-la-pre-convocatoria-para-la-eurocopa-2024\/#primaryimage\",\"url\":\"https:\/\/futbolhoy.co\/wp-content\/uploads\/2024\/03\/WhatsApp-Image-2024-03-27-at-10.47.19-AM.jpeg\",\"contentUrl\":\"https:\/\/futbolhoy.co\/wp-content\/uploads\/2024\/03\/WhatsApp-Image-2024-03-27-at-10.47.19-AM.jpeg\",\"width\":1179,\"height\":830},{\"@type\":\"BreadcrumbList\",\"@id\":\"https:\/\/futbolhoy.co\/index.php\/2024\/05\/16\/alemania-anuncio-la-pre-convocatoria-para-la-eurocopa-2024\/#breadcrumb\",\"itemListElement\":[{\"@type\":\"ListItem\",\"position\":1,\"name\":\"Portada\",\"item\":\"https:\/\/futbolhoy.co\/\"},{\"@type\":\"ListItem\",\"position\":2,\"name\":\"Alemania anunci\u00f3 la pre convocatoria para la Eurocopa 2024\"}]},{\"@type\":\"WebSite\",\"@id\":\"https:\/\/futbolhoy.co\/#website\",\"url\":\"https:\/\/futbolhoy.co\/\",\"name\":\"FutbolHoy\",\"description\":\"\",\"publisher\":{\"@id\":\"https:\/\/futbolhoy.co\/#organization\"},\"potentialAction\":[{\"@type\":\"SearchAction\",\"target\":{\"@type\":\"EntryPoint\",\"urlTemplate\":\"https:\/\/futbolhoy.co\/?s={search_term_string}\"},\"query-input\":{\"@type\":\"PropertyValueSpecification\",\"valueRequired\":true,\"valueName\":\"search_term_string\"}}],\"inLanguage\":\"es\"},{\"@type\":\"Organization\",\"@id\":\"https:\/\/futbolhoy.co\/#organization\",\"name\":\"Futbolhoy.co\",\"url\":\"https:\/\/futbolhoy.co\/\",\"logo\":{\"@type\":\"ImageObject\",\"inLanguage\":\"es\",\"@id\":\"https:\/\/futbolhoy.co\/#\/schema\/logo\/image\/\",\"url\":\"https:\/\/futbolhoy.co\/wp-content\/uploads\/2018\/08\/17426380_1906371736249227_6326180412931521141_n.jpg\",\"contentUrl\":\"https:\/\/futbolhoy.co\/wp-content\/uploads\/2018\/08\/17426380_1906371736249227_6326180412931521141_n.jpg\",\"width\":960,\"height\":960,\"caption\":\"Futbolhoy.co\"},\"image\":{\"@id\":\"https:\/\/futbolhoy.co\/#\/schema\/logo\/image\/\"},\"sameAs\":[\"https:\/\/www.facebook.com\/FutbolHoyCol\/\",\"https:\/\/x.com\/FutbolHoyCol\",\"https:\/\/www.instagram.com\/futbolhoycol\/\"]},{\"@type\":\"Person\",\"@id\":\"https:\/\/futbolhoy.co\/#\/schema\/person\/1721b69355b6623eaff15ac7b92d4cc3\",\"name\":\"contenido\",\"image\":{\"@type\":\"ImageObject\",\"inLanguage\":\"es\",\"@id\":\"https:\/\/futbolhoy.co\/#\/schema\/person\/image\/\",\"url\":\"https:\/\/secure.gravatar.com\/avatar\/4f656d3256f5134f466206e7c3941518?s=96&d=mm&r=g\",\"contentUrl\":\"https:\/\/secure.gravatar.com\/avatar\/4f656d3256f5134f466206e7c3941518?s=96&d=mm&r=g\",\"caption\":\"contenido\"}}]}<\/script>\n<!-- \/ Yoast SEO plugin. -->","yoast_head_json":{"title":"Alemania anunci\u00f3 la pre convocatoria para la Eurocopa 2024 -","robots":{"index":"index","follow":"follow","max-snippet":"max-snippet:-1","max-image-preview":"max-image-preview:large","max-video-preview":"max-video-preview:-1"},"canonical":"https:\/\/futbolhoy.co\/index.php\/2024\/05\/16\/alemania-anuncio-la-pre-convocatoria-para-la-eurocopa-2024\/","og_locale":"es_ES","og_type":"article","og_title":"Alemania anunci\u00f3 la pre convocatoria para la Eurocopa 2024 -","og_description":"Con Toni Kroos a la cabeza, el t\u00e9cnico Julian Nagelsmann anunci\u00f3 la pre lista de 27 jugadores convocados para disputar la pr\u00f3xima Europa 2024, en la que Alemania ser\u00e1 sede. En total son 27 jugadores, de los que el t\u00e9cnico alem\u00e1n tendr\u00e1 que descartar a uno antes del comienzo del torneo. En la lista se [&hellip;]","og_url":"https:\/\/futbolhoy.co\/index.php\/2024\/05\/16\/alemania-anuncio-la-pre-convocatoria-para-la-eurocopa-2024\/","article_publisher":"https:\/\/www.facebook.com\/FutbolHoyCol\/","article_published_time":"2024-05-16T13:11:11+00:00","article_modified_time":"2024-05-17T02:41:23+00:00","og_image":[{"width":1179,"height":830,"url":"https:\/\/futbolhoy.co\/wp-content\/uploads\/2024\/03\/WhatsApp-Image-2024-03-27-at-10.47.19-AM.jpeg","type":"image\/jpeg"}],"author":"contenido","twitter_card":"summary_large_image","twitter_creator":"@FutbolHoyCol","twitter_site":"@FutbolHoyCol","twitter_misc":{"Escrito por":"contenido","Tiempo de lectura":"1 minuto"},"schema":{"@context":"https:\/\/schema.org","@graph":[{"@type":"Article","@id":"https:\/\/futbolhoy.co\/index.php\/2024\/05\/16\/alemania-anuncio-la-pre-convocatoria-para-la-eurocopa-2024\/#article","isPartOf":{"@id":"https:\/\/futbolhoy.co\/index.php\/2024\/05\/16\/alemania-anuncio-la-pre-convocatoria-para-la-eurocopa-2024\/"},"author":{"name":"contenido","@id":"https:\/\/futbolhoy.co\/#\/schema\/person\/1721b69355b6623eaff15ac7b92d4cc3"},"headline":"Alemania anunci\u00f3 la pre convocatoria para la Eurocopa 2024","datePublished":"2024-05-16T13:11:11+00:00","dateModified":"2024-05-17T02:41:23+00:00","mainEntityOfPage":{"@id":"https:\/\/futbolhoy.co\/index.php\/2024\/05\/16\/alemania-anuncio-la-pre-convocatoria-para-la-eurocopa-2024\/"},"wordCount":277,"commentCount":0,"publisher":{"@id":"https:\/\/futbolhoy.co\/#organization"},"image":{"@id":"https:\/\/futbolhoy.co\/index.php\/2024\/05\/16\/alemania-anuncio-la-pre-convocatoria-para-la-eurocopa-2024\/#primaryimage"},"thumbnailUrl":"https:\/\/futbolhoy.co\/wp-content\/uploads\/2024\/03\/WhatsApp-Image-2024-03-27-at-10.47.19-AM.jpeg","articleSection":["Mundo Futbol"],"inLanguage":"es","potentialAction":[{"@type":"CommentAction","name":"Comment","target":["https:\/\/futbolhoy.co\/index.php\/2024\/05\/16\/alemania-anuncio-la-pre-convocatoria-para-la-eurocopa-2024\/#respond"]}]},{"@type":"WebPage","@id":"https:\/\/futbolhoy.co\/index.php\/2024\/05\/16\/alemania-anuncio-la-pre-convocatoria-para-la-eurocopa-2024\/","url":"https:\/\/futbolhoy.co\/index.php\/2024\/05\/16\/alemania-anuncio-la-pre-convocatoria-para-la-eurocopa-2024\/","name":"Alemania anunci\u00f3 la pre convocatoria para la Eurocopa 2024 -","isPartOf":{"@id":"https:\/\/futbolhoy.co\/#website"},"primaryImageOfPage":{"@id":"https:\/\/futbolhoy.co\/index.php\/2024\/05\/16\/alemania-anuncio-la-pre-convocatoria-para-la-eurocopa-2024\/#primaryimage"},"image":{"@id":"https:\/\/futbolhoy.co\/index.php\/2024\/05\/16\/alemania-anuncio-la-pre-convocatoria-para-la-eurocopa-2024\/#primaryimage"},"thumbnailUrl":"https:\/\/futbolhoy.co\/wp-content\/uploads\/2024\/03\/WhatsApp-Image-2024-03-27-at-10.47.19-AM.jpeg","datePublished":"2024-05-16T13:11:11+00:00","dateModified":"2024-05-17T02:41:23+00:00","breadcrumb":{"@id":"https:\/\/futbolhoy.co\/index.php\/2024\/05\/16\/alemania-anuncio-la-pre-convocatoria-para-la-eurocopa-2024\/#breadcrumb"},"inLanguage":"es","potentialAction":[{"@type":"ReadAction","target":["https:\/\/futbolhoy.co\/index.php\/2024\/05\/16\/alemania-anuncio-la-pre-convocatoria-para-la-eurocopa-2024\/"]}]},{"@type":"ImageObject","inLanguage":"es","@id":"https:\/\/futbolhoy.co\/index.php\/2024\/05\/16\/alemania-anuncio-la-pre-convocatoria-para-la-eurocopa-2024\/#primaryimage","url":"https:\/\/futbolhoy.co\/wp-content\/uploads\/2024\/03\/WhatsApp-Image-2024-03-27-at-10.47.19-AM.jpeg","contentUrl":"https:\/\/futbolhoy.co\/wp-content\/uploads\/2024\/03\/WhatsApp-Image-2024-03-27-at-10.47.19-AM.jpeg","width":1179,"height":830},{"@type":"BreadcrumbList","@id":"https:\/\/futbolhoy.co\/index.php\/2024\/05\/16\/alemania-anuncio-la-pre-convocatoria-para-la-eurocopa-2024\/#breadcrumb","itemListElement":[{"@type":"ListItem","position":1,"name":"Portada","item":"https:\/\/futbolhoy.co\/"},{"@type":"ListItem","position":2,"name":"Alemania anunci\u00f3 la pre convocatoria para la Eurocopa 2024"}]},{"@type":"WebSite","@id":"https:\/\/futbolhoy.co\/#website","url":"https:\/\/futbolhoy.co\/","name":"FutbolHoy","description":"","publisher":{"@id":"https:\/\/futbolhoy.co\/#organization"},"potentialAction":[{"@type":"SearchAction","target":{"@type":"EntryPoint","urlTemplate":"https:\/\/futbolhoy.co\/?s={search_term_string}"},"query-input":{"@type":"PropertyValueSpecification","valueRequired":true,"valueName":"search_term_string"}}],"inLanguage":"es"},{"@type":"Organization","@id":"https:\/\/futbolhoy.co\/#organization","name":"Futbolhoy.co","url":"https:\/\/futbolhoy.co\/","logo":{"@type":"ImageObject","inLanguage":"es","@id":"https:\/\/futbolhoy.co\/#\/schema\/logo\/image\/","url":"https:\/\/futbolhoy.co\/wp-content\/uploads\/2018\/08\/17426380_1906371736249227_6326180412931521141_n.jpg","contentUrl":"https:\/\/futbolhoy.co\/wp-content\/uploads\/2018\/08\/17426380_1906371736249227_6326180412931521141_n.jpg","width":960,"height":960,"caption":"Futbolhoy.co"},"image":{"@id":"https:\/\/futbolhoy.co\/#\/schema\/logo\/image\/"},"sameAs":["https:\/\/www.facebook.com\/FutbolHoyCol\/","https:\/\/x.com\/FutbolHoyCol","https:\/\/www.instagram.com\/futbolhoycol\/"]},{"@type":"Person","@id":"https:\/\/futbolhoy.co\/#\/schema\/person\/1721b69355b6623eaff15ac7b92d4cc3","name":"contenido","image":{"@type":"ImageObject","inLanguage":"es","@id":"https:\/\/futbolhoy.co\/#\/schema\/person\/image\/","url":"https:\/\/secure.gravatar.com\/avatar\/4f656d3256f5134f466206e7c3941518?s=96&d=mm&r=g","contentUrl":"https:\/\/secure.gravatar.com\/avatar\/4f656d3256f5134f466206e7c3941518?s=96&d=mm&r=g","caption":"contenido"}}]}},"publishpress_future_action":{"enabled":false,"date":"2026-05-03 08:04:26","action":"change-status","newStatus":"draft","terms":[],"taxonomy":"category","extraData":[]},"publishpress_future_workflow_manual_trigger":{"enabledWorkflows":[]},"_links":{"self":[{"href":"https:\/\/futbolhoy.co\/index.php\/wp-json\/wp\/v2\/posts\/108427","targetHints":{"allow":["GET"]}}],"collection":[{"href":"https:\/\/futbolhoy.co\/index.php\/wp-json\/wp\/v2\/posts"}],"about":[{"href":"https:\/\/futbolhoy.co\/index.php\/wp-json\/wp\/v2\/types\/post"}],"author":[{"embeddable":true,"href":"https:\/\/futbolhoy.co\/index.php\/wp-json\/wp\/v2\/users\/4"}],"replies":[{"embeddable":true,"href":"https:\/\/futbolhoy.co\/index.php\/wp-json\/wp\/v2\/comments?post=108427"}],"version-history":[{"count":1,"href":"https:\/\/futbolhoy.co\/index.php\/wp-json\/wp\/v2\/posts\/108427\/revisions"}],"predecessor-version":[{"id":108428,"href":"https:\/\/futbolhoy.co\/index.php\/wp-json\/wp\/v2\/posts\/108427\/revisions\/108428"}],"wp:featuredmedia":[{"embeddable":true,"href":"https:\/\/futbolhoy.co\/index.php\/wp-json\/wp\/v2\/media\/106444"}],"wp:attachment":[{"href":"https:\/\/futbolhoy.co\/index.php\/wp-json\/wp\/v2\/media?parent=108427"}],"wp:term":[{"taxonomy":"category","embeddable":true,"href":"https:\/\/futbolhoy.co\/index.php\/wp-json\/wp\/v2\/categories?post=108427"},{"taxonomy":"post_tag","embeddable":true,"href":"https:\/\/futbolhoy.co\/index.php\/wp-json\/wp\/v2\/tags?post=108427"}],"curies":[{"name":"wp","href":"https:\/\/api.w.org\/{rel}","templated":true}]}}