{"id":108445,"date":"2024-05-16T21:51:50","date_gmt":"2024-05-17T02:51:50","guid":{"rendered":"https:\/\/futbolhoy.co\/?p=108445"},"modified":"2024-05-18T09:38:57","modified_gmt":"2024-05-18T14:38:57","slug":"barrida-en-nacional-los-jugadores-que-saldrian","status":"publish","type":"post","link":"https:\/\/futbolhoy.co\/index.php\/2024\/05\/16\/barrida-en-nacional-los-jugadores-que-saldrian\/","title":{"rendered":"\u00bfBarrida en Nacional?: los jugadores que saldr\u00edan"},"content":{"rendered":"<p style=\"text-align: justify;\"><span style=\"font-family: helvetica, arial, sans-serif;\"><strong>Atl\u00e9tico Nacional<\/strong> ha vivido varios cambios en los \u00faltimos d\u00edas, como la llegada del director deportivo <strong>Gustavo Fermani<\/strong> o el nombramiento de <strong>Sebasti\u00e1n Botero<\/strong> como el nuevo presidente. Ahora, las decisiones pasar\u00edan por cambios en el plantel, empezando por la salida de varios futbolistas.<\/span><\/p>\n<p style=\"text-align: justify;\"><span style=\"font-family: helvetica, arial, sans-serif;\">Seg\u00fan dio a conocer <strong>Aldo Leao Ram\u00edrez<\/strong> en <strong>Caracol Radio,<\/strong> el cuadro Verdolaga tendr\u00eda en rampa de salida a diez jugadores, entre los que hay varios referentes. El primero, ya lo confirm\u00f3 propiamente en sus redes sociales: el venezolano <strong>Eric Ram\u00edrez,<\/strong> quien se despidi\u00f3 de la afici\u00f3n.<\/span><\/p>\n<p style=\"text-align: justify;\"><span style=\"font-family: helvetica, arial, sans-serif;\">El portero <strong>Santiago Rojas<\/strong>; los defensas<strong> Sergio Mosquera y Bernardo Espinosa<\/strong>; los volantes <strong>Agust\u00edn \u00c1lvarez Wallace, Carlos Sierra, Daniel Mantilla y Edwin Torres<\/strong>; y los delanteros <strong>Eric Ram\u00edrez y Jefferson Duque<\/strong> ser\u00edan los primeros en salir del plantel. <\/span><\/p>\n<p style=\"text-align: justify;\"><span style=\"font-family: helvetica, arial, sans-serif;\">Habr\u00e1 un cambio en el cuadro antioque\u00f1o, que vivi\u00f3 un semestre de fracaso tanto a nivel local como en la <strong>Copa Libertadores<\/strong>, pues no pudo clasificar a la fase de grupos. Refuerzos llegar\u00e1n y ser\u00e1n bajo la supervisi\u00f3n del entrenador <strong>Pablo<\/strong> <strong>Repetto<\/strong>, siendo <strong>Edwin<\/strong> <strong>Cardona<\/strong> uno de los que ya comienza a sonar.<\/span><\/p>\n","protected":false},"excerpt":{"rendered":"<p>Atl\u00e9tico Nacional ha vivido varios cambios en los \u00faltimos d\u00edas, como la llegada del director deportivo Gustavo Fermani o el nombramiento de Sebasti\u00e1n Botero como el nuevo presidente. Ahora, las decisiones pasar\u00edan por cambios en el plantel, empezando por la salida de varios futbolistas. Seg\u00fan dio a conocer Aldo Leao Ram\u00edrez en Caracol Radio, el [&hellip;]<\/p>\n","protected":false},"author":4,"featured_media":97462,"comment_status":"open","ping_status":"open","sticky":false,"template":"","format":"standard","meta":{"_acf_changed":false,"footnotes":""},"categories":[7],"tags":[],"class_list":{"0":"post-108445","1":"post","2":"type-post","3":"status-publish","4":"format-standard","5":"has-post-thumbnail","7":"category-liga-betplay"},"acf":[],"yoast_head":"<!-- This site is optimized with the Yoast SEO plugin v26.8 - https:\/\/yoast.com\/product\/yoast-seo-wordpress\/ -->\n<title>\u00bfBarrida en Nacional?: los jugadores que saldr\u00edan -<\/title>\n<meta name=\"robots\" content=\"index, follow, max-snippet:-1, max-image-preview:large, max-video-preview:-1\" \/>\n<link rel=\"canonical\" href=\"https:\/\/futbolhoy.co\/index.php\/2024\/05\/16\/barrida-en-nacional-los-jugadores-que-saldrian\/\" \/>\n<meta property=\"og:locale\" content=\"es_ES\" \/>\n<meta property=\"og:type\" content=\"article\" \/>\n<meta property=\"og:title\" content=\"\u00bfBarrida en Nacional?: los jugadores que saldr\u00edan -\" \/>\n<meta property=\"og:description\" content=\"Atl\u00e9tico Nacional ha vivido varios cambios en los \u00faltimos d\u00edas, como la llegada del director deportivo Gustavo Fermani o el nombramiento de Sebasti\u00e1n Botero como el nuevo presidente. Ahora, las decisiones pasar\u00edan por cambios en el plantel, empezando por la salida de varios futbolistas. Seg\u00fan dio a conocer Aldo Leao Ram\u00edrez en Caracol Radio, el [&hellip;]\" \/>\n<meta property=\"og:url\" content=\"https:\/\/futbolhoy.co\/index.php\/2024\/05\/16\/barrida-en-nacional-los-jugadores-que-saldrian\/\" \/>\n<meta property=\"article:publisher\" content=\"https:\/\/www.facebook.com\/FutbolHoyCol\/\" \/>\n<meta property=\"article:published_time\" content=\"2024-05-17T02:51:50+00:00\" \/>\n<meta property=\"article:modified_time\" content=\"2024-05-18T14:38:57+00:00\" \/>\n<meta property=\"og:image\" content=\"https:\/\/futbolhoy.co\/wp-content\/uploads\/2023\/07\/Nacional-America-1024x860.png\" \/>\n\t<meta property=\"og:image:width\" content=\"1024\" \/>\n\t<meta property=\"og:image:height\" content=\"860\" \/>\n\t<meta property=\"og:image:type\" content=\"image\/png\" \/>\n<meta name=\"author\" content=\"contenido\" \/>\n<meta name=\"twitter:card\" content=\"summary_large_image\" \/>\n<meta name=\"twitter:creator\" content=\"@FutbolHoyCol\" \/>\n<meta name=\"twitter:site\" content=\"@FutbolHoyCol\" \/>\n<meta name=\"twitter:label1\" content=\"Escrito por\" \/>\n\t<meta name=\"twitter:data1\" content=\"contenido\" \/>\n\t<meta name=\"twitter:label2\" content=\"Tiempo de lectura\" \/>\n\t<meta name=\"twitter:data2\" content=\"1 minuto\" \/>\n<script type=\"application\/ld+json\" class=\"yoast-schema-graph\">{\"@context\":\"https:\/\/schema.org\",\"@graph\":[{\"@type\":\"Article\",\"@id\":\"https:\/\/futbolhoy.co\/index.php\/2024\/05\/16\/barrida-en-nacional-los-jugadores-que-saldrian\/#article\",\"isPartOf\":{\"@id\":\"https:\/\/futbolhoy.co\/index.php\/2024\/05\/16\/barrida-en-nacional-los-jugadores-que-saldrian\/\"},\"author\":{\"name\":\"contenido\",\"@id\":\"https:\/\/futbolhoy.co\/#\/schema\/person\/1721b69355b6623eaff15ac7b92d4cc3\"},\"headline\":\"\u00bfBarrida en Nacional?: los jugadores que saldr\u00edan\",\"datePublished\":\"2024-05-17T02:51:50+00:00\",\"dateModified\":\"2024-05-18T14:38:57+00:00\",\"mainEntityOfPage\":{\"@id\":\"https:\/\/futbolhoy.co\/index.php\/2024\/05\/16\/barrida-en-nacional-los-jugadores-que-saldrian\/\"},\"wordCount\":206,\"commentCount\":0,\"publisher\":{\"@id\":\"https:\/\/futbolhoy.co\/#organization\"},\"image\":{\"@id\":\"https:\/\/futbolhoy.co\/index.php\/2024\/05\/16\/barrida-en-nacional-los-jugadores-que-saldrian\/#primaryimage\"},\"thumbnailUrl\":\"https:\/\/futbolhoy.co\/wp-content\/uploads\/2023\/07\/Nacional-America.png\",\"articleSection\":[\"Liga BetPlay\"],\"inLanguage\":\"es\",\"potentialAction\":[{\"@type\":\"CommentAction\",\"name\":\"Comment\",\"target\":[\"https:\/\/futbolhoy.co\/index.php\/2024\/05\/16\/barrida-en-nacional-los-jugadores-que-saldrian\/#respond\"]}]},{\"@type\":\"WebPage\",\"@id\":\"https:\/\/futbolhoy.co\/index.php\/2024\/05\/16\/barrida-en-nacional-los-jugadores-que-saldrian\/\",\"url\":\"https:\/\/futbolhoy.co\/index.php\/2024\/05\/16\/barrida-en-nacional-los-jugadores-que-saldrian\/\",\"name\":\"\u00bfBarrida en Nacional?: los jugadores que saldr\u00edan -\",\"isPartOf\":{\"@id\":\"https:\/\/futbolhoy.co\/#website\"},\"primaryImageOfPage\":{\"@id\":\"https:\/\/futbolhoy.co\/index.php\/2024\/05\/16\/barrida-en-nacional-los-jugadores-que-saldrian\/#primaryimage\"},\"image\":{\"@id\":\"https:\/\/futbolhoy.co\/index.php\/2024\/05\/16\/barrida-en-nacional-los-jugadores-que-saldrian\/#primaryimage\"},\"thumbnailUrl\":\"https:\/\/futbolhoy.co\/wp-content\/uploads\/2023\/07\/Nacional-America.png\",\"datePublished\":\"2024-05-17T02:51:50+00:00\",\"dateModified\":\"2024-05-18T14:38:57+00:00\",\"breadcrumb\":{\"@id\":\"https:\/\/futbolhoy.co\/index.php\/2024\/05\/16\/barrida-en-nacional-los-jugadores-que-saldrian\/#breadcrumb\"},\"inLanguage\":\"es\",\"potentialAction\":[{\"@type\":\"ReadAction\",\"target\":[\"https:\/\/futbolhoy.co\/index.php\/2024\/05\/16\/barrida-en-nacional-los-jugadores-que-saldrian\/\"]}]},{\"@type\":\"ImageObject\",\"inLanguage\":\"es\",\"@id\":\"https:\/\/futbolhoy.co\/index.php\/2024\/05\/16\/barrida-en-nacional-los-jugadores-que-saldrian\/#primaryimage\",\"url\":\"https:\/\/futbolhoy.co\/wp-content\/uploads\/2023\/07\/Nacional-America.png\",\"contentUrl\":\"https:\/\/futbolhoy.co\/wp-content\/uploads\/2023\/07\/Nacional-America.png\",\"width\":1097,\"height\":921},{\"@type\":\"BreadcrumbList\",\"@id\":\"https:\/\/futbolhoy.co\/index.php\/2024\/05\/16\/barrida-en-nacional-los-jugadores-que-saldrian\/#breadcrumb\",\"itemListElement\":[{\"@type\":\"ListItem\",\"position\":1,\"name\":\"Portada\",\"item\":\"https:\/\/futbolhoy.co\/\"},{\"@type\":\"ListItem\",\"position\":2,\"name\":\"\u00bfBarrida en Nacional?: los jugadores que saldr\u00edan\"}]},{\"@type\":\"WebSite\",\"@id\":\"https:\/\/futbolhoy.co\/#website\",\"url\":\"https:\/\/futbolhoy.co\/\",\"name\":\"FutbolHoy\",\"description\":\"\",\"publisher\":{\"@id\":\"https:\/\/futbolhoy.co\/#organization\"},\"potentialAction\":[{\"@type\":\"SearchAction\",\"target\":{\"@type\":\"EntryPoint\",\"urlTemplate\":\"https:\/\/futbolhoy.co\/?s={search_term_string}\"},\"query-input\":{\"@type\":\"PropertyValueSpecification\",\"valueRequired\":true,\"valueName\":\"search_term_string\"}}],\"inLanguage\":\"es\"},{\"@type\":\"Organization\",\"@id\":\"https:\/\/futbolhoy.co\/#organization\",\"name\":\"Futbolhoy.co\",\"url\":\"https:\/\/futbolhoy.co\/\",\"logo\":{\"@type\":\"ImageObject\",\"inLanguage\":\"es\",\"@id\":\"https:\/\/futbolhoy.co\/#\/schema\/logo\/image\/\",\"url\":\"https:\/\/futbolhoy.co\/wp-content\/uploads\/2018\/08\/17426380_1906371736249227_6326180412931521141_n.jpg\",\"contentUrl\":\"https:\/\/futbolhoy.co\/wp-content\/uploads\/2018\/08\/17426380_1906371736249227_6326180412931521141_n.jpg\",\"width\":960,\"height\":960,\"caption\":\"Futbolhoy.co\"},\"image\":{\"@id\":\"https:\/\/futbolhoy.co\/#\/schema\/logo\/image\/\"},\"sameAs\":[\"https:\/\/www.facebook.com\/FutbolHoyCol\/\",\"https:\/\/x.com\/FutbolHoyCol\",\"https:\/\/www.instagram.com\/futbolhoycol\/\"]},{\"@type\":\"Person\",\"@id\":\"https:\/\/futbolhoy.co\/#\/schema\/person\/1721b69355b6623eaff15ac7b92d4cc3\",\"name\":\"contenido\",\"image\":{\"@type\":\"ImageObject\",\"inLanguage\":\"es\",\"@id\":\"https:\/\/futbolhoy.co\/#\/schema\/person\/image\/\",\"url\":\"https:\/\/secure.gravatar.com\/avatar\/4f656d3256f5134f466206e7c3941518?s=96&d=mm&r=g\",\"contentUrl\":\"https:\/\/secure.gravatar.com\/avatar\/4f656d3256f5134f466206e7c3941518?s=96&d=mm&r=g\",\"caption\":\"contenido\"}}]}<\/script>\n<!-- \/ Yoast SEO plugin. -->","yoast_head_json":{"title":"\u00bfBarrida en Nacional?: los jugadores que saldr\u00edan -","robots":{"index":"index","follow":"follow","max-snippet":"max-snippet:-1","max-image-preview":"max-image-preview:large","max-video-preview":"max-video-preview:-1"},"canonical":"https:\/\/futbolhoy.co\/index.php\/2024\/05\/16\/barrida-en-nacional-los-jugadores-que-saldrian\/","og_locale":"es_ES","og_type":"article","og_title":"\u00bfBarrida en Nacional?: los jugadores que saldr\u00edan -","og_description":"Atl\u00e9tico Nacional ha vivido varios cambios en los \u00faltimos d\u00edas, como la llegada del director deportivo Gustavo Fermani o el nombramiento de Sebasti\u00e1n Botero como el nuevo presidente. Ahora, las decisiones pasar\u00edan por cambios en el plantel, empezando por la salida de varios futbolistas. Seg\u00fan dio a conocer Aldo Leao Ram\u00edrez en Caracol Radio, el [&hellip;]","og_url":"https:\/\/futbolhoy.co\/index.php\/2024\/05\/16\/barrida-en-nacional-los-jugadores-que-saldrian\/","article_publisher":"https:\/\/www.facebook.com\/FutbolHoyCol\/","article_published_time":"2024-05-17T02:51:50+00:00","article_modified_time":"2024-05-18T14:38:57+00:00","og_image":[{"width":1024,"height":860,"url":"https:\/\/futbolhoy.co\/wp-content\/uploads\/2023\/07\/Nacional-America-1024x860.png","type":"image\/png"}],"author":"contenido","twitter_card":"summary_large_image","twitter_creator":"@FutbolHoyCol","twitter_site":"@FutbolHoyCol","twitter_misc":{"Escrito por":"contenido","Tiempo de lectura":"1 minuto"},"schema":{"@context":"https:\/\/schema.org","@graph":[{"@type":"Article","@id":"https:\/\/futbolhoy.co\/index.php\/2024\/05\/16\/barrida-en-nacional-los-jugadores-que-saldrian\/#article","isPartOf":{"@id":"https:\/\/futbolhoy.co\/index.php\/2024\/05\/16\/barrida-en-nacional-los-jugadores-que-saldrian\/"},"author":{"name":"contenido","@id":"https:\/\/futbolhoy.co\/#\/schema\/person\/1721b69355b6623eaff15ac7b92d4cc3"},"headline":"\u00bfBarrida en Nacional?: los jugadores que saldr\u00edan","datePublished":"2024-05-17T02:51:50+00:00","dateModified":"2024-05-18T14:38:57+00:00","mainEntityOfPage":{"@id":"https:\/\/futbolhoy.co\/index.php\/2024\/05\/16\/barrida-en-nacional-los-jugadores-que-saldrian\/"},"wordCount":206,"commentCount":0,"publisher":{"@id":"https:\/\/futbolhoy.co\/#organization"},"image":{"@id":"https:\/\/futbolhoy.co\/index.php\/2024\/05\/16\/barrida-en-nacional-los-jugadores-que-saldrian\/#primaryimage"},"thumbnailUrl":"https:\/\/futbolhoy.co\/wp-content\/uploads\/2023\/07\/Nacional-America.png","articleSection":["Liga BetPlay"],"inLanguage":"es","potentialAction":[{"@type":"CommentAction","name":"Comment","target":["https:\/\/futbolhoy.co\/index.php\/2024\/05\/16\/barrida-en-nacional-los-jugadores-que-saldrian\/#respond"]}]},{"@type":"WebPage","@id":"https:\/\/futbolhoy.co\/index.php\/2024\/05\/16\/barrida-en-nacional-los-jugadores-que-saldrian\/","url":"https:\/\/futbolhoy.co\/index.php\/2024\/05\/16\/barrida-en-nacional-los-jugadores-que-saldrian\/","name":"\u00bfBarrida en Nacional?: los jugadores que saldr\u00edan -","isPartOf":{"@id":"https:\/\/futbolhoy.co\/#website"},"primaryImageOfPage":{"@id":"https:\/\/futbolhoy.co\/index.php\/2024\/05\/16\/barrida-en-nacional-los-jugadores-que-saldrian\/#primaryimage"},"image":{"@id":"https:\/\/futbolhoy.co\/index.php\/2024\/05\/16\/barrida-en-nacional-los-jugadores-que-saldrian\/#primaryimage"},"thumbnailUrl":"https:\/\/futbolhoy.co\/wp-content\/uploads\/2023\/07\/Nacional-America.png","datePublished":"2024-05-17T02:51:50+00:00","dateModified":"2024-05-18T14:38:57+00:00","breadcrumb":{"@id":"https:\/\/futbolhoy.co\/index.php\/2024\/05\/16\/barrida-en-nacional-los-jugadores-que-saldrian\/#breadcrumb"},"inLanguage":"es","potentialAction":[{"@type":"ReadAction","target":["https:\/\/futbolhoy.co\/index.php\/2024\/05\/16\/barrida-en-nacional-los-jugadores-que-saldrian\/"]}]},{"@type":"ImageObject","inLanguage":"es","@id":"https:\/\/futbolhoy.co\/index.php\/2024\/05\/16\/barrida-en-nacional-los-jugadores-que-saldrian\/#primaryimage","url":"https:\/\/futbolhoy.co\/wp-content\/uploads\/2023\/07\/Nacional-America.png","contentUrl":"https:\/\/futbolhoy.co\/wp-content\/uploads\/2023\/07\/Nacional-America.png","width":1097,"height":921},{"@type":"BreadcrumbList","@id":"https:\/\/futbolhoy.co\/index.php\/2024\/05\/16\/barrida-en-nacional-los-jugadores-que-saldrian\/#breadcrumb","itemListElement":[{"@type":"ListItem","position":1,"name":"Portada","item":"https:\/\/futbolhoy.co\/"},{"@type":"ListItem","position":2,"name":"\u00bfBarrida en Nacional?: los jugadores que saldr\u00edan"}]},{"@type":"WebSite","@id":"https:\/\/futbolhoy.co\/#website","url":"https:\/\/futbolhoy.co\/","name":"FutbolHoy","description":"","publisher":{"@id":"https:\/\/futbolhoy.co\/#organization"},"potentialAction":[{"@type":"SearchAction","target":{"@type":"EntryPoint","urlTemplate":"https:\/\/futbolhoy.co\/?s={search_term_string}"},"query-input":{"@type":"PropertyValueSpecification","valueRequired":true,"valueName":"search_term_string"}}],"inLanguage":"es"},{"@type":"Organization","@id":"https:\/\/futbolhoy.co\/#organization","name":"Futbolhoy.co","url":"https:\/\/futbolhoy.co\/","logo":{"@type":"ImageObject","inLanguage":"es","@id":"https:\/\/futbolhoy.co\/#\/schema\/logo\/image\/","url":"https:\/\/futbolhoy.co\/wp-content\/uploads\/2018\/08\/17426380_1906371736249227_6326180412931521141_n.jpg","contentUrl":"https:\/\/futbolhoy.co\/wp-content\/uploads\/2018\/08\/17426380_1906371736249227_6326180412931521141_n.jpg","width":960,"height":960,"caption":"Futbolhoy.co"},"image":{"@id":"https:\/\/futbolhoy.co\/#\/schema\/logo\/image\/"},"sameAs":["https:\/\/www.facebook.com\/FutbolHoyCol\/","https:\/\/x.com\/FutbolHoyCol","https:\/\/www.instagram.com\/futbolhoycol\/"]},{"@type":"Person","@id":"https:\/\/futbolhoy.co\/#\/schema\/person\/1721b69355b6623eaff15ac7b92d4cc3","name":"contenido","image":{"@type":"ImageObject","inLanguage":"es","@id":"https:\/\/futbolhoy.co\/#\/schema\/person\/image\/","url":"https:\/\/secure.gravatar.com\/avatar\/4f656d3256f5134f466206e7c3941518?s=96&d=mm&r=g","contentUrl":"https:\/\/secure.gravatar.com\/avatar\/4f656d3256f5134f466206e7c3941518?s=96&d=mm&r=g","caption":"contenido"}}]}},"publishpress_future_action":{"enabled":false,"date":"2026-05-03 19:16:19","action":"change-status","newStatus":"draft","terms":[],"taxonomy":"category","extraData":[]},"publishpress_future_workflow_manual_trigger":{"enabledWorkflows":[]},"_links":{"self":[{"href":"https:\/\/futbolhoy.co\/index.php\/wp-json\/wp\/v2\/posts\/108445","targetHints":{"allow":["GET"]}}],"collection":[{"href":"https:\/\/futbolhoy.co\/index.php\/wp-json\/wp\/v2\/posts"}],"about":[{"href":"https:\/\/futbolhoy.co\/index.php\/wp-json\/wp\/v2\/types\/post"}],"author":[{"embeddable":true,"href":"https:\/\/futbolhoy.co\/index.php\/wp-json\/wp\/v2\/users\/4"}],"replies":[{"embeddable":true,"href":"https:\/\/futbolhoy.co\/index.php\/wp-json\/wp\/v2\/comments?post=108445"}],"version-history":[{"count":1,"href":"https:\/\/futbolhoy.co\/index.php\/wp-json\/wp\/v2\/posts\/108445\/revisions"}],"predecessor-version":[{"id":108446,"href":"https:\/\/futbolhoy.co\/index.php\/wp-json\/wp\/v2\/posts\/108445\/revisions\/108446"}],"wp:featuredmedia":[{"embeddable":true,"href":"https:\/\/futbolhoy.co\/index.php\/wp-json\/wp\/v2\/media\/97462"}],"wp:attachment":[{"href":"https:\/\/futbolhoy.co\/index.php\/wp-json\/wp\/v2\/media?parent=108445"}],"wp:term":[{"taxonomy":"category","embeddable":true,"href":"https:\/\/futbolhoy.co\/index.php\/wp-json\/wp\/v2\/categories?post=108445"},{"taxonomy":"post_tag","embeddable":true,"href":"https:\/\/futbolhoy.co\/index.php\/wp-json\/wp\/v2\/tags?post=108445"}],"curies":[{"name":"wp","href":"https:\/\/api.w.org\/{rel}","templated":true}]}}