{"id":108450,"date":"2024-05-17T08:52:45","date_gmt":"2024-05-17T13:52:45","guid":{"rendered":"https:\/\/futbolhoy.co\/?p=108450"},"modified":"2024-05-18T13:01:04","modified_gmt":"2024-05-18T18:01:04","slug":"barcelona-estaria-considerando-despedir-a-xavi-hernandez","status":"publish","type":"post","link":"https:\/\/futbolhoy.co\/index.php\/2024\/05\/17\/barcelona-estaria-considerando-despedir-a-xavi-hernandez\/","title":{"rendered":"Barcelona estar\u00eda considerando despedir a Xavi Hern\u00e1ndez"},"content":{"rendered":"<p style=\"text-align: justify;\"><span style=\"font-family: helvetica, arial, sans-serif;\"><strong>Xavi Hern\u00e1ndez y Barcelona<\/strong> hab\u00edan anunciado recientemente la continuidad de la relaci\u00f3n contractual. Sin embargo, en la \u00faltima semana, una frase del entrenador sobre la competitividad del club, no habr\u00eda ca\u00eddo bien en en presidente <strong>Joan Laporta<\/strong>.<\/span><\/p>\n<p style=\"text-align: justify;\"><span style=\"font-family: helvetica, arial, sans-serif;\">Las declaraciones del exfutbolista se produjeron en el marco de una rueda de prensa previo al juego contra <strong>Almer\u00eda<\/strong>. All\u00ed, se mostr\u00f3 preocupado por las dificultades econ\u00f3micas que atraviesa la instituci\u00f3n y las complicaciones para hacer fichajes.<\/span><\/p>\n<p style=\"text-align: justify;\"><span style=\"font-family: helvetica, arial, sans-serif;\">Esto no gust\u00f3 en el presidente y, seg\u00fan medios catalanes, habr\u00eda tomado la decisi\u00f3n de despedir a Xavi. La b\u00fasqueda del reemplazante ya habr\u00eda iniciado.<\/span><\/p>\n<p style=\"text-align: justify;\"><span style=\"font-family: helvetica, arial, sans-serif;\">Algunos de los nombres que se vinculan al equipo, y que ser\u00edan del inter\u00e9s del director deportivo, <strong>Deco<\/strong>, son los de <strong>Rafa M\u00e1rquez,<\/strong> entrenador del <strong>Bar\u00e7a Athletic, y Hansi Flick<\/strong>, que est\u00e1 sin club desde que sali\u00f3 de la <strong>Selecci\u00f3n de Alemania<\/strong> en septiembre<\/span><\/p>\n","protected":false},"excerpt":{"rendered":"<p>Xavi Hern\u00e1ndez y Barcelona hab\u00edan anunciado recientemente la continuidad de la relaci\u00f3n contractual. Sin embargo, en la \u00faltima semana, una frase del entrenador sobre la competitividad del club, no habr\u00eda ca\u00eddo bien en en presidente Joan Laporta. Las declaraciones del exfutbolista se produjeron en el marco de una rueda de prensa previo al juego contra [&hellip;]<\/p>\n","protected":false},"author":4,"featured_media":97647,"comment_status":"open","ping_status":"open","sticky":false,"template":"","format":"standard","meta":{"_acf_changed":false,"footnotes":""},"categories":[152],"tags":[],"class_list":{"0":"post-108450","1":"post","2":"type-post","3":"status-publish","4":"format-standard","5":"has-post-thumbnail","7":"category-mundo-futbol"},"acf":[],"yoast_head":"<!-- This site is optimized with the Yoast SEO plugin v26.8 - https:\/\/yoast.com\/product\/yoast-seo-wordpress\/ -->\n<title>Barcelona estar\u00eda considerando despedir a Xavi Hern\u00e1ndez -<\/title>\n<meta name=\"robots\" content=\"index, follow, max-snippet:-1, max-image-preview:large, max-video-preview:-1\" \/>\n<link rel=\"canonical\" href=\"https:\/\/futbolhoy.co\/index.php\/2024\/05\/17\/barcelona-estaria-considerando-despedir-a-xavi-hernandez\/\" \/>\n<meta property=\"og:locale\" content=\"es_ES\" \/>\n<meta property=\"og:type\" content=\"article\" \/>\n<meta property=\"og:title\" content=\"Barcelona estar\u00eda considerando despedir a Xavi Hern\u00e1ndez -\" \/>\n<meta property=\"og:description\" content=\"Xavi Hern\u00e1ndez y Barcelona hab\u00edan anunciado recientemente la continuidad de la relaci\u00f3n contractual. Sin embargo, en la \u00faltima semana, una frase del entrenador sobre la competitividad del club, no habr\u00eda ca\u00eddo bien en en presidente Joan Laporta. Las declaraciones del exfutbolista se produjeron en el marco de una rueda de prensa previo al juego contra [&hellip;]\" \/>\n<meta property=\"og:url\" content=\"https:\/\/futbolhoy.co\/index.php\/2024\/05\/17\/barcelona-estaria-considerando-despedir-a-xavi-hernandez\/\" \/>\n<meta property=\"article:publisher\" content=\"https:\/\/www.facebook.com\/FutbolHoyCol\/\" \/>\n<meta property=\"article:published_time\" content=\"2024-05-17T13:52:45+00:00\" \/>\n<meta property=\"article:modified_time\" content=\"2024-05-18T18:01:04+00:00\" \/>\n<meta property=\"og:image\" content=\"https:\/\/futbolhoy.co\/wp-content\/uploads\/2023\/08\/Xavi-1024x886.png\" \/>\n\t<meta property=\"og:image:width\" content=\"1024\" \/>\n\t<meta property=\"og:image:height\" content=\"886\" \/>\n\t<meta property=\"og:image:type\" content=\"image\/png\" \/>\n<meta name=\"author\" content=\"contenido\" \/>\n<meta name=\"twitter:card\" content=\"summary_large_image\" \/>\n<meta name=\"twitter:creator\" content=\"@FutbolHoyCol\" \/>\n<meta name=\"twitter:site\" content=\"@FutbolHoyCol\" \/>\n<meta name=\"twitter:label1\" content=\"Escrito por\" \/>\n\t<meta name=\"twitter:data1\" content=\"contenido\" \/>\n\t<meta name=\"twitter:label2\" content=\"Tiempo de lectura\" \/>\n\t<meta name=\"twitter:data2\" content=\"1 minuto\" \/>\n<script type=\"application\/ld+json\" class=\"yoast-schema-graph\">{\"@context\":\"https:\/\/schema.org\",\"@graph\":[{\"@type\":\"Article\",\"@id\":\"https:\/\/futbolhoy.co\/index.php\/2024\/05\/17\/barcelona-estaria-considerando-despedir-a-xavi-hernandez\/#article\",\"isPartOf\":{\"@id\":\"https:\/\/futbolhoy.co\/index.php\/2024\/05\/17\/barcelona-estaria-considerando-despedir-a-xavi-hernandez\/\"},\"author\":{\"name\":\"contenido\",\"@id\":\"https:\/\/futbolhoy.co\/#\/schema\/person\/1721b69355b6623eaff15ac7b92d4cc3\"},\"headline\":\"Barcelona estar\u00eda considerando despedir a Xavi Hern\u00e1ndez\",\"datePublished\":\"2024-05-17T13:52:45+00:00\",\"dateModified\":\"2024-05-18T18:01:04+00:00\",\"mainEntityOfPage\":{\"@id\":\"https:\/\/futbolhoy.co\/index.php\/2024\/05\/17\/barcelona-estaria-considerando-despedir-a-xavi-hernandez\/\"},\"wordCount\":170,\"commentCount\":0,\"publisher\":{\"@id\":\"https:\/\/futbolhoy.co\/#organization\"},\"image\":{\"@id\":\"https:\/\/futbolhoy.co\/index.php\/2024\/05\/17\/barcelona-estaria-considerando-despedir-a-xavi-hernandez\/#primaryimage\"},\"thumbnailUrl\":\"https:\/\/futbolhoy.co\/wp-content\/uploads\/2023\/08\/Xavi.png\",\"articleSection\":[\"Mundo Futbol\"],\"inLanguage\":\"es\",\"potentialAction\":[{\"@type\":\"CommentAction\",\"name\":\"Comment\",\"target\":[\"https:\/\/futbolhoy.co\/index.php\/2024\/05\/17\/barcelona-estaria-considerando-despedir-a-xavi-hernandez\/#respond\"]}]},{\"@type\":\"WebPage\",\"@id\":\"https:\/\/futbolhoy.co\/index.php\/2024\/05\/17\/barcelona-estaria-considerando-despedir-a-xavi-hernandez\/\",\"url\":\"https:\/\/futbolhoy.co\/index.php\/2024\/05\/17\/barcelona-estaria-considerando-despedir-a-xavi-hernandez\/\",\"name\":\"Barcelona estar\u00eda considerando despedir a Xavi Hern\u00e1ndez -\",\"isPartOf\":{\"@id\":\"https:\/\/futbolhoy.co\/#website\"},\"primaryImageOfPage\":{\"@id\":\"https:\/\/futbolhoy.co\/index.php\/2024\/05\/17\/barcelona-estaria-considerando-despedir-a-xavi-hernandez\/#primaryimage\"},\"image\":{\"@id\":\"https:\/\/futbolhoy.co\/index.php\/2024\/05\/17\/barcelona-estaria-considerando-despedir-a-xavi-hernandez\/#primaryimage\"},\"thumbnailUrl\":\"https:\/\/futbolhoy.co\/wp-content\/uploads\/2023\/08\/Xavi.png\",\"datePublished\":\"2024-05-17T13:52:45+00:00\",\"dateModified\":\"2024-05-18T18:01:04+00:00\",\"breadcrumb\":{\"@id\":\"https:\/\/futbolhoy.co\/index.php\/2024\/05\/17\/barcelona-estaria-considerando-despedir-a-xavi-hernandez\/#breadcrumb\"},\"inLanguage\":\"es\",\"potentialAction\":[{\"@type\":\"ReadAction\",\"target\":[\"https:\/\/futbolhoy.co\/index.php\/2024\/05\/17\/barcelona-estaria-considerando-despedir-a-xavi-hernandez\/\"]}]},{\"@type\":\"ImageObject\",\"inLanguage\":\"es\",\"@id\":\"https:\/\/futbolhoy.co\/index.php\/2024\/05\/17\/barcelona-estaria-considerando-despedir-a-xavi-hernandez\/#primaryimage\",\"url\":\"https:\/\/futbolhoy.co\/wp-content\/uploads\/2023\/08\/Xavi.png\",\"contentUrl\":\"https:\/\/futbolhoy.co\/wp-content\/uploads\/2023\/08\/Xavi.png\",\"width\":1087,\"height\":940},{\"@type\":\"BreadcrumbList\",\"@id\":\"https:\/\/futbolhoy.co\/index.php\/2024\/05\/17\/barcelona-estaria-considerando-despedir-a-xavi-hernandez\/#breadcrumb\",\"itemListElement\":[{\"@type\":\"ListItem\",\"position\":1,\"name\":\"Portada\",\"item\":\"https:\/\/futbolhoy.co\/\"},{\"@type\":\"ListItem\",\"position\":2,\"name\":\"Barcelona estar\u00eda considerando despedir a Xavi Hern\u00e1ndez\"}]},{\"@type\":\"WebSite\",\"@id\":\"https:\/\/futbolhoy.co\/#website\",\"url\":\"https:\/\/futbolhoy.co\/\",\"name\":\"FutbolHoy\",\"description\":\"\",\"publisher\":{\"@id\":\"https:\/\/futbolhoy.co\/#organization\"},\"potentialAction\":[{\"@type\":\"SearchAction\",\"target\":{\"@type\":\"EntryPoint\",\"urlTemplate\":\"https:\/\/futbolhoy.co\/?s={search_term_string}\"},\"query-input\":{\"@type\":\"PropertyValueSpecification\",\"valueRequired\":true,\"valueName\":\"search_term_string\"}}],\"inLanguage\":\"es\"},{\"@type\":\"Organization\",\"@id\":\"https:\/\/futbolhoy.co\/#organization\",\"name\":\"Futbolhoy.co\",\"url\":\"https:\/\/futbolhoy.co\/\",\"logo\":{\"@type\":\"ImageObject\",\"inLanguage\":\"es\",\"@id\":\"https:\/\/futbolhoy.co\/#\/schema\/logo\/image\/\",\"url\":\"https:\/\/futbolhoy.co\/wp-content\/uploads\/2018\/08\/17426380_1906371736249227_6326180412931521141_n.jpg\",\"contentUrl\":\"https:\/\/futbolhoy.co\/wp-content\/uploads\/2018\/08\/17426380_1906371736249227_6326180412931521141_n.jpg\",\"width\":960,\"height\":960,\"caption\":\"Futbolhoy.co\"},\"image\":{\"@id\":\"https:\/\/futbolhoy.co\/#\/schema\/logo\/image\/\"},\"sameAs\":[\"https:\/\/www.facebook.com\/FutbolHoyCol\/\",\"https:\/\/x.com\/FutbolHoyCol\",\"https:\/\/www.instagram.com\/futbolhoycol\/\"]},{\"@type\":\"Person\",\"@id\":\"https:\/\/futbolhoy.co\/#\/schema\/person\/1721b69355b6623eaff15ac7b92d4cc3\",\"name\":\"contenido\",\"image\":{\"@type\":\"ImageObject\",\"inLanguage\":\"es\",\"@id\":\"https:\/\/futbolhoy.co\/#\/schema\/person\/image\/\",\"url\":\"https:\/\/secure.gravatar.com\/avatar\/4f656d3256f5134f466206e7c3941518?s=96&d=mm&r=g\",\"contentUrl\":\"https:\/\/secure.gravatar.com\/avatar\/4f656d3256f5134f466206e7c3941518?s=96&d=mm&r=g\",\"caption\":\"contenido\"}}]}<\/script>\n<!-- \/ Yoast SEO plugin. -->","yoast_head_json":{"title":"Barcelona estar\u00eda considerando despedir a Xavi Hern\u00e1ndez -","robots":{"index":"index","follow":"follow","max-snippet":"max-snippet:-1","max-image-preview":"max-image-preview:large","max-video-preview":"max-video-preview:-1"},"canonical":"https:\/\/futbolhoy.co\/index.php\/2024\/05\/17\/barcelona-estaria-considerando-despedir-a-xavi-hernandez\/","og_locale":"es_ES","og_type":"article","og_title":"Barcelona estar\u00eda considerando despedir a Xavi Hern\u00e1ndez -","og_description":"Xavi Hern\u00e1ndez y Barcelona hab\u00edan anunciado recientemente la continuidad de la relaci\u00f3n contractual. Sin embargo, en la \u00faltima semana, una frase del entrenador sobre la competitividad del club, no habr\u00eda ca\u00eddo bien en en presidente Joan Laporta. Las declaraciones del exfutbolista se produjeron en el marco de una rueda de prensa previo al juego contra [&hellip;]","og_url":"https:\/\/futbolhoy.co\/index.php\/2024\/05\/17\/barcelona-estaria-considerando-despedir-a-xavi-hernandez\/","article_publisher":"https:\/\/www.facebook.com\/FutbolHoyCol\/","article_published_time":"2024-05-17T13:52:45+00:00","article_modified_time":"2024-05-18T18:01:04+00:00","og_image":[{"width":1024,"height":886,"url":"https:\/\/futbolhoy.co\/wp-content\/uploads\/2023\/08\/Xavi-1024x886.png","type":"image\/png"}],"author":"contenido","twitter_card":"summary_large_image","twitter_creator":"@FutbolHoyCol","twitter_site":"@FutbolHoyCol","twitter_misc":{"Escrito por":"contenido","Tiempo de lectura":"1 minuto"},"schema":{"@context":"https:\/\/schema.org","@graph":[{"@type":"Article","@id":"https:\/\/futbolhoy.co\/index.php\/2024\/05\/17\/barcelona-estaria-considerando-despedir-a-xavi-hernandez\/#article","isPartOf":{"@id":"https:\/\/futbolhoy.co\/index.php\/2024\/05\/17\/barcelona-estaria-considerando-despedir-a-xavi-hernandez\/"},"author":{"name":"contenido","@id":"https:\/\/futbolhoy.co\/#\/schema\/person\/1721b69355b6623eaff15ac7b92d4cc3"},"headline":"Barcelona estar\u00eda considerando despedir a Xavi Hern\u00e1ndez","datePublished":"2024-05-17T13:52:45+00:00","dateModified":"2024-05-18T18:01:04+00:00","mainEntityOfPage":{"@id":"https:\/\/futbolhoy.co\/index.php\/2024\/05\/17\/barcelona-estaria-considerando-despedir-a-xavi-hernandez\/"},"wordCount":170,"commentCount":0,"publisher":{"@id":"https:\/\/futbolhoy.co\/#organization"},"image":{"@id":"https:\/\/futbolhoy.co\/index.php\/2024\/05\/17\/barcelona-estaria-considerando-despedir-a-xavi-hernandez\/#primaryimage"},"thumbnailUrl":"https:\/\/futbolhoy.co\/wp-content\/uploads\/2023\/08\/Xavi.png","articleSection":["Mundo Futbol"],"inLanguage":"es","potentialAction":[{"@type":"CommentAction","name":"Comment","target":["https:\/\/futbolhoy.co\/index.php\/2024\/05\/17\/barcelona-estaria-considerando-despedir-a-xavi-hernandez\/#respond"]}]},{"@type":"WebPage","@id":"https:\/\/futbolhoy.co\/index.php\/2024\/05\/17\/barcelona-estaria-considerando-despedir-a-xavi-hernandez\/","url":"https:\/\/futbolhoy.co\/index.php\/2024\/05\/17\/barcelona-estaria-considerando-despedir-a-xavi-hernandez\/","name":"Barcelona estar\u00eda considerando despedir a Xavi Hern\u00e1ndez -","isPartOf":{"@id":"https:\/\/futbolhoy.co\/#website"},"primaryImageOfPage":{"@id":"https:\/\/futbolhoy.co\/index.php\/2024\/05\/17\/barcelona-estaria-considerando-despedir-a-xavi-hernandez\/#primaryimage"},"image":{"@id":"https:\/\/futbolhoy.co\/index.php\/2024\/05\/17\/barcelona-estaria-considerando-despedir-a-xavi-hernandez\/#primaryimage"},"thumbnailUrl":"https:\/\/futbolhoy.co\/wp-content\/uploads\/2023\/08\/Xavi.png","datePublished":"2024-05-17T13:52:45+00:00","dateModified":"2024-05-18T18:01:04+00:00","breadcrumb":{"@id":"https:\/\/futbolhoy.co\/index.php\/2024\/05\/17\/barcelona-estaria-considerando-despedir-a-xavi-hernandez\/#breadcrumb"},"inLanguage":"es","potentialAction":[{"@type":"ReadAction","target":["https:\/\/futbolhoy.co\/index.php\/2024\/05\/17\/barcelona-estaria-considerando-despedir-a-xavi-hernandez\/"]}]},{"@type":"ImageObject","inLanguage":"es","@id":"https:\/\/futbolhoy.co\/index.php\/2024\/05\/17\/barcelona-estaria-considerando-despedir-a-xavi-hernandez\/#primaryimage","url":"https:\/\/futbolhoy.co\/wp-content\/uploads\/2023\/08\/Xavi.png","contentUrl":"https:\/\/futbolhoy.co\/wp-content\/uploads\/2023\/08\/Xavi.png","width":1087,"height":940},{"@type":"BreadcrumbList","@id":"https:\/\/futbolhoy.co\/index.php\/2024\/05\/17\/barcelona-estaria-considerando-despedir-a-xavi-hernandez\/#breadcrumb","itemListElement":[{"@type":"ListItem","position":1,"name":"Portada","item":"https:\/\/futbolhoy.co\/"},{"@type":"ListItem","position":2,"name":"Barcelona estar\u00eda considerando despedir a Xavi Hern\u00e1ndez"}]},{"@type":"WebSite","@id":"https:\/\/futbolhoy.co\/#website","url":"https:\/\/futbolhoy.co\/","name":"FutbolHoy","description":"","publisher":{"@id":"https:\/\/futbolhoy.co\/#organization"},"potentialAction":[{"@type":"SearchAction","target":{"@type":"EntryPoint","urlTemplate":"https:\/\/futbolhoy.co\/?s={search_term_string}"},"query-input":{"@type":"PropertyValueSpecification","valueRequired":true,"valueName":"search_term_string"}}],"inLanguage":"es"},{"@type":"Organization","@id":"https:\/\/futbolhoy.co\/#organization","name":"Futbolhoy.co","url":"https:\/\/futbolhoy.co\/","logo":{"@type":"ImageObject","inLanguage":"es","@id":"https:\/\/futbolhoy.co\/#\/schema\/logo\/image\/","url":"https:\/\/futbolhoy.co\/wp-content\/uploads\/2018\/08\/17426380_1906371736249227_6326180412931521141_n.jpg","contentUrl":"https:\/\/futbolhoy.co\/wp-content\/uploads\/2018\/08\/17426380_1906371736249227_6326180412931521141_n.jpg","width":960,"height":960,"caption":"Futbolhoy.co"},"image":{"@id":"https:\/\/futbolhoy.co\/#\/schema\/logo\/image\/"},"sameAs":["https:\/\/www.facebook.com\/FutbolHoyCol\/","https:\/\/x.com\/FutbolHoyCol","https:\/\/www.instagram.com\/futbolhoycol\/"]},{"@type":"Person","@id":"https:\/\/futbolhoy.co\/#\/schema\/person\/1721b69355b6623eaff15ac7b92d4cc3","name":"contenido","image":{"@type":"ImageObject","inLanguage":"es","@id":"https:\/\/futbolhoy.co\/#\/schema\/person\/image\/","url":"https:\/\/secure.gravatar.com\/avatar\/4f656d3256f5134f466206e7c3941518?s=96&d=mm&r=g","contentUrl":"https:\/\/secure.gravatar.com\/avatar\/4f656d3256f5134f466206e7c3941518?s=96&d=mm&r=g","caption":"contenido"}}]}},"publishpress_future_action":{"enabled":false,"date":"2026-05-03 22:10:35","action":"change-status","newStatus":"draft","terms":[],"taxonomy":"category","extraData":[]},"publishpress_future_workflow_manual_trigger":{"enabledWorkflows":[]},"_links":{"self":[{"href":"https:\/\/futbolhoy.co\/index.php\/wp-json\/wp\/v2\/posts\/108450","targetHints":{"allow":["GET"]}}],"collection":[{"href":"https:\/\/futbolhoy.co\/index.php\/wp-json\/wp\/v2\/posts"}],"about":[{"href":"https:\/\/futbolhoy.co\/index.php\/wp-json\/wp\/v2\/types\/post"}],"author":[{"embeddable":true,"href":"https:\/\/futbolhoy.co\/index.php\/wp-json\/wp\/v2\/users\/4"}],"replies":[{"embeddable":true,"href":"https:\/\/futbolhoy.co\/index.php\/wp-json\/wp\/v2\/comments?post=108450"}],"version-history":[{"count":1,"href":"https:\/\/futbolhoy.co\/index.php\/wp-json\/wp\/v2\/posts\/108450\/revisions"}],"predecessor-version":[{"id":108451,"href":"https:\/\/futbolhoy.co\/index.php\/wp-json\/wp\/v2\/posts\/108450\/revisions\/108451"}],"wp:featuredmedia":[{"embeddable":true,"href":"https:\/\/futbolhoy.co\/index.php\/wp-json\/wp\/v2\/media\/97647"}],"wp:attachment":[{"href":"https:\/\/futbolhoy.co\/index.php\/wp-json\/wp\/v2\/media?parent=108450"}],"wp:term":[{"taxonomy":"category","embeddable":true,"href":"https:\/\/futbolhoy.co\/index.php\/wp-json\/wp\/v2\/categories?post=108450"},{"taxonomy":"post_tag","embeddable":true,"href":"https:\/\/futbolhoy.co\/index.php\/wp-json\/wp\/v2\/tags?post=108450"}],"curies":[{"name":"wp","href":"https:\/\/api.w.org\/{rel}","templated":true}]}}