{"id":108455,"date":"2024-05-17T20:45:21","date_gmt":"2024-05-18T01:45:21","guid":{"rendered":"https:\/\/futbolhoy.co\/?p=108455"},"modified":"2024-05-19T08:46:12","modified_gmt":"2024-05-19T13:46:12","slug":"libertadores-dos-colombianos-en-el-once-ideal-de-la-semana","status":"publish","type":"post","link":"https:\/\/futbolhoy.co\/index.php\/2024\/05\/17\/libertadores-dos-colombianos-en-el-once-ideal-de-la-semana\/","title":{"rendered":"Libertadores: dos colombianos en el once ideal de la semana"},"content":{"rendered":"<p style=\"text-align: justify;\"><span style=\"font-family: helvetica, arial, sans-serif;\">Termin\u00f3 la quinta fecha de la fase de grupos de la <strong>Copa Libertadores<\/strong>, que dej\u00f3 el resultado para los representantes colombianos de la clasificaci\u00f3n de <strong>Junior<\/strong> a octavos de final y la eliminaci\u00f3n de <strong>Millonarios<\/strong>. El talento de los jugadores tambi\u00e9n se hizo presente con sus equipos en el exterior, y dos de ellos fueron reconocidos.<\/span><\/p>\n<p style=\"text-align: justify;\"><span style=\"font-family: helvetica, arial, sans-serif;\">Se trata de <strong>Miguel \u00c1ngel Borja y Michael Ortega<\/strong>. El primero convirti\u00f3 doblete en la victoria contra <strong>Libertad<\/strong> de <strong>Paraguay<\/strong> que le dio la clasificaci\u00f3n a <strong>River Plate<\/strong> a los octavos de final y, a su vez, al <strong>Mundial de Clubes<\/strong>.<\/span><\/p>\n<p style=\"text-align: justify;\"><span style=\"font-family: helvetica, arial, sans-serif;\">El otro que aparece en el once ideal es <strong>Michael<\/strong> <strong>Ortega<\/strong>, volante de <strong>The Strongest.<\/strong> Marc\u00f3 un gol y dio una asistencia en la victoria ante Huchipato 4-0, siendo esta su primera anotaci\u00f3n en el certamen continental.<\/span><\/p>\n<p style=\"text-align: justify;\"><span style=\"font-family: helvetica, arial, sans-serif;\">Entretanto, el arquero del Junior de Barranquilla, el uruguayo <strong>Santiago Mele,<\/strong> tambi\u00e9n hace parte del equipo de la semana. Fue clave en el triunfo de su equipo contra <strong>Liga<\/strong> <strong>de Quito<\/strong>, con el que sentenciaron su clasificaci\u00f3n.<\/span><\/p>\n","protected":false},"excerpt":{"rendered":"<p>Termin\u00f3 la quinta fecha de la fase de grupos de la Copa Libertadores, que dej\u00f3 el resultado para los representantes colombianos de la clasificaci\u00f3n de Junior a octavos de final y la eliminaci\u00f3n de Millonarios. El talento de los jugadores tambi\u00e9n se hizo presente con sus equipos en el exterior, y dos de ellos fueron [&hellip;]<\/p>\n","protected":false},"author":4,"featured_media":108456,"comment_status":"open","ping_status":"open","sticky":false,"template":"","format":"standard","meta":{"_acf_changed":false,"footnotes":""},"categories":[653],"tags":[],"class_list":{"0":"post-108455","1":"post","2":"type-post","3":"status-publish","4":"format-standard","5":"has-post-thumbnail","7":"category-copa-libertadores"},"acf":[],"yoast_head":"<!-- This site is optimized with the Yoast SEO plugin v26.8 - https:\/\/yoast.com\/product\/yoast-seo-wordpress\/ -->\n<title>Libertadores: dos colombianos en el once ideal de la semana -<\/title>\n<meta name=\"robots\" content=\"index, follow, max-snippet:-1, max-image-preview:large, max-video-preview:-1\" \/>\n<link rel=\"canonical\" href=\"https:\/\/futbolhoy.co\/index.php\/2024\/05\/17\/libertadores-dos-colombianos-en-el-once-ideal-de-la-semana\/\" \/>\n<meta property=\"og:locale\" content=\"es_ES\" \/>\n<meta property=\"og:type\" content=\"article\" \/>\n<meta property=\"og:title\" content=\"Libertadores: dos colombianos en el once ideal de la semana -\" \/>\n<meta property=\"og:description\" content=\"Termin\u00f3 la quinta fecha de la fase de grupos de la Copa Libertadores, que dej\u00f3 el resultado para los representantes colombianos de la clasificaci\u00f3n de Junior a octavos de final y la eliminaci\u00f3n de Millonarios. El talento de los jugadores tambi\u00e9n se hizo presente con sus equipos en el exterior, y dos de ellos fueron [&hellip;]\" \/>\n<meta property=\"og:url\" content=\"https:\/\/futbolhoy.co\/index.php\/2024\/05\/17\/libertadores-dos-colombianos-en-el-once-ideal-de-la-semana\/\" \/>\n<meta property=\"article:publisher\" content=\"https:\/\/www.facebook.com\/FutbolHoyCol\/\" \/>\n<meta property=\"article:published_time\" content=\"2024-05-18T01:45:21+00:00\" \/>\n<meta property=\"article:modified_time\" content=\"2024-05-19T13:46:12+00:00\" \/>\n<meta property=\"og:image\" content=\"https:\/\/futbolhoy.co\/wp-content\/uploads\/2024\/05\/IMG_0697.jpeg\" \/>\n\t<meta property=\"og:image:width\" content=\"1080\" \/>\n\t<meta property=\"og:image:height\" content=\"1080\" \/>\n\t<meta property=\"og:image:type\" content=\"image\/jpeg\" \/>\n<meta name=\"author\" content=\"contenido\" \/>\n<meta name=\"twitter:card\" content=\"summary_large_image\" \/>\n<meta name=\"twitter:creator\" content=\"@FutbolHoyCol\" \/>\n<meta name=\"twitter:site\" content=\"@FutbolHoyCol\" \/>\n<meta name=\"twitter:label1\" content=\"Escrito por\" \/>\n\t<meta name=\"twitter:data1\" content=\"contenido\" \/>\n\t<meta name=\"twitter:label2\" content=\"Tiempo de lectura\" \/>\n\t<meta name=\"twitter:data2\" content=\"1 minuto\" \/>\n<script type=\"application\/ld+json\" class=\"yoast-schema-graph\">{\"@context\":\"https:\/\/schema.org\",\"@graph\":[{\"@type\":\"Article\",\"@id\":\"https:\/\/futbolhoy.co\/index.php\/2024\/05\/17\/libertadores-dos-colombianos-en-el-once-ideal-de-la-semana\/#article\",\"isPartOf\":{\"@id\":\"https:\/\/futbolhoy.co\/index.php\/2024\/05\/17\/libertadores-dos-colombianos-en-el-once-ideal-de-la-semana\/\"},\"author\":{\"name\":\"contenido\",\"@id\":\"https:\/\/futbolhoy.co\/#\/schema\/person\/1721b69355b6623eaff15ac7b92d4cc3\"},\"headline\":\"Libertadores: dos colombianos en el once ideal de la semana\",\"datePublished\":\"2024-05-18T01:45:21+00:00\",\"dateModified\":\"2024-05-19T13:46:12+00:00\",\"mainEntityOfPage\":{\"@id\":\"https:\/\/futbolhoy.co\/index.php\/2024\/05\/17\/libertadores-dos-colombianos-en-el-once-ideal-de-la-semana\/\"},\"wordCount\":188,\"commentCount\":0,\"publisher\":{\"@id\":\"https:\/\/futbolhoy.co\/#organization\"},\"image\":{\"@id\":\"https:\/\/futbolhoy.co\/index.php\/2024\/05\/17\/libertadores-dos-colombianos-en-el-once-ideal-de-la-semana\/#primaryimage\"},\"thumbnailUrl\":\"https:\/\/futbolhoy.co\/wp-content\/uploads\/2024\/05\/IMG_0697.jpeg\",\"articleSection\":[\"Libertadores\"],\"inLanguage\":\"es\",\"potentialAction\":[{\"@type\":\"CommentAction\",\"name\":\"Comment\",\"target\":[\"https:\/\/futbolhoy.co\/index.php\/2024\/05\/17\/libertadores-dos-colombianos-en-el-once-ideal-de-la-semana\/#respond\"]}]},{\"@type\":\"WebPage\",\"@id\":\"https:\/\/futbolhoy.co\/index.php\/2024\/05\/17\/libertadores-dos-colombianos-en-el-once-ideal-de-la-semana\/\",\"url\":\"https:\/\/futbolhoy.co\/index.php\/2024\/05\/17\/libertadores-dos-colombianos-en-el-once-ideal-de-la-semana\/\",\"name\":\"Libertadores: dos colombianos en el once ideal de la semana -\",\"isPartOf\":{\"@id\":\"https:\/\/futbolhoy.co\/#website\"},\"primaryImageOfPage\":{\"@id\":\"https:\/\/futbolhoy.co\/index.php\/2024\/05\/17\/libertadores-dos-colombianos-en-el-once-ideal-de-la-semana\/#primaryimage\"},\"image\":{\"@id\":\"https:\/\/futbolhoy.co\/index.php\/2024\/05\/17\/libertadores-dos-colombianos-en-el-once-ideal-de-la-semana\/#primaryimage\"},\"thumbnailUrl\":\"https:\/\/futbolhoy.co\/wp-content\/uploads\/2024\/05\/IMG_0697.jpeg\",\"datePublished\":\"2024-05-18T01:45:21+00:00\",\"dateModified\":\"2024-05-19T13:46:12+00:00\",\"breadcrumb\":{\"@id\":\"https:\/\/futbolhoy.co\/index.php\/2024\/05\/17\/libertadores-dos-colombianos-en-el-once-ideal-de-la-semana\/#breadcrumb\"},\"inLanguage\":\"es\",\"potentialAction\":[{\"@type\":\"ReadAction\",\"target\":[\"https:\/\/futbolhoy.co\/index.php\/2024\/05\/17\/libertadores-dos-colombianos-en-el-once-ideal-de-la-semana\/\"]}]},{\"@type\":\"ImageObject\",\"inLanguage\":\"es\",\"@id\":\"https:\/\/futbolhoy.co\/index.php\/2024\/05\/17\/libertadores-dos-colombianos-en-el-once-ideal-de-la-semana\/#primaryimage\",\"url\":\"https:\/\/futbolhoy.co\/wp-content\/uploads\/2024\/05\/IMG_0697.jpeg\",\"contentUrl\":\"https:\/\/futbolhoy.co\/wp-content\/uploads\/2024\/05\/IMG_0697.jpeg\",\"width\":1080,\"height\":1080},{\"@type\":\"BreadcrumbList\",\"@id\":\"https:\/\/futbolhoy.co\/index.php\/2024\/05\/17\/libertadores-dos-colombianos-en-el-once-ideal-de-la-semana\/#breadcrumb\",\"itemListElement\":[{\"@type\":\"ListItem\",\"position\":1,\"name\":\"Portada\",\"item\":\"https:\/\/futbolhoy.co\/\"},{\"@type\":\"ListItem\",\"position\":2,\"name\":\"Libertadores: dos colombianos en el once ideal de la semana\"}]},{\"@type\":\"WebSite\",\"@id\":\"https:\/\/futbolhoy.co\/#website\",\"url\":\"https:\/\/futbolhoy.co\/\",\"name\":\"FutbolHoy\",\"description\":\"\",\"publisher\":{\"@id\":\"https:\/\/futbolhoy.co\/#organization\"},\"potentialAction\":[{\"@type\":\"SearchAction\",\"target\":{\"@type\":\"EntryPoint\",\"urlTemplate\":\"https:\/\/futbolhoy.co\/?s={search_term_string}\"},\"query-input\":{\"@type\":\"PropertyValueSpecification\",\"valueRequired\":true,\"valueName\":\"search_term_string\"}}],\"inLanguage\":\"es\"},{\"@type\":\"Organization\",\"@id\":\"https:\/\/futbolhoy.co\/#organization\",\"name\":\"Futbolhoy.co\",\"url\":\"https:\/\/futbolhoy.co\/\",\"logo\":{\"@type\":\"ImageObject\",\"inLanguage\":\"es\",\"@id\":\"https:\/\/futbolhoy.co\/#\/schema\/logo\/image\/\",\"url\":\"https:\/\/futbolhoy.co\/wp-content\/uploads\/2018\/08\/17426380_1906371736249227_6326180412931521141_n.jpg\",\"contentUrl\":\"https:\/\/futbolhoy.co\/wp-content\/uploads\/2018\/08\/17426380_1906371736249227_6326180412931521141_n.jpg\",\"width\":960,\"height\":960,\"caption\":\"Futbolhoy.co\"},\"image\":{\"@id\":\"https:\/\/futbolhoy.co\/#\/schema\/logo\/image\/\"},\"sameAs\":[\"https:\/\/www.facebook.com\/FutbolHoyCol\/\",\"https:\/\/x.com\/FutbolHoyCol\",\"https:\/\/www.instagram.com\/futbolhoycol\/\"]},{\"@type\":\"Person\",\"@id\":\"https:\/\/futbolhoy.co\/#\/schema\/person\/1721b69355b6623eaff15ac7b92d4cc3\",\"name\":\"contenido\",\"image\":{\"@type\":\"ImageObject\",\"inLanguage\":\"es\",\"@id\":\"https:\/\/futbolhoy.co\/#\/schema\/person\/image\/\",\"url\":\"https:\/\/secure.gravatar.com\/avatar\/4f656d3256f5134f466206e7c3941518?s=96&d=mm&r=g\",\"contentUrl\":\"https:\/\/secure.gravatar.com\/avatar\/4f656d3256f5134f466206e7c3941518?s=96&d=mm&r=g\",\"caption\":\"contenido\"}}]}<\/script>\n<!-- \/ Yoast SEO plugin. -->","yoast_head_json":{"title":"Libertadores: dos colombianos en el once ideal de la semana -","robots":{"index":"index","follow":"follow","max-snippet":"max-snippet:-1","max-image-preview":"max-image-preview:large","max-video-preview":"max-video-preview:-1"},"canonical":"https:\/\/futbolhoy.co\/index.php\/2024\/05\/17\/libertadores-dos-colombianos-en-el-once-ideal-de-la-semana\/","og_locale":"es_ES","og_type":"article","og_title":"Libertadores: dos colombianos en el once ideal de la semana -","og_description":"Termin\u00f3 la quinta fecha de la fase de grupos de la Copa Libertadores, que dej\u00f3 el resultado para los representantes colombianos de la clasificaci\u00f3n de Junior a octavos de final y la eliminaci\u00f3n de Millonarios. El talento de los jugadores tambi\u00e9n se hizo presente con sus equipos en el exterior, y dos de ellos fueron [&hellip;]","og_url":"https:\/\/futbolhoy.co\/index.php\/2024\/05\/17\/libertadores-dos-colombianos-en-el-once-ideal-de-la-semana\/","article_publisher":"https:\/\/www.facebook.com\/FutbolHoyCol\/","article_published_time":"2024-05-18T01:45:21+00:00","article_modified_time":"2024-05-19T13:46:12+00:00","og_image":[{"width":1080,"height":1080,"url":"https:\/\/futbolhoy.co\/wp-content\/uploads\/2024\/05\/IMG_0697.jpeg","type":"image\/jpeg"}],"author":"contenido","twitter_card":"summary_large_image","twitter_creator":"@FutbolHoyCol","twitter_site":"@FutbolHoyCol","twitter_misc":{"Escrito por":"contenido","Tiempo de lectura":"1 minuto"},"schema":{"@context":"https:\/\/schema.org","@graph":[{"@type":"Article","@id":"https:\/\/futbolhoy.co\/index.php\/2024\/05\/17\/libertadores-dos-colombianos-en-el-once-ideal-de-la-semana\/#article","isPartOf":{"@id":"https:\/\/futbolhoy.co\/index.php\/2024\/05\/17\/libertadores-dos-colombianos-en-el-once-ideal-de-la-semana\/"},"author":{"name":"contenido","@id":"https:\/\/futbolhoy.co\/#\/schema\/person\/1721b69355b6623eaff15ac7b92d4cc3"},"headline":"Libertadores: dos colombianos en el once ideal de la semana","datePublished":"2024-05-18T01:45:21+00:00","dateModified":"2024-05-19T13:46:12+00:00","mainEntityOfPage":{"@id":"https:\/\/futbolhoy.co\/index.php\/2024\/05\/17\/libertadores-dos-colombianos-en-el-once-ideal-de-la-semana\/"},"wordCount":188,"commentCount":0,"publisher":{"@id":"https:\/\/futbolhoy.co\/#organization"},"image":{"@id":"https:\/\/futbolhoy.co\/index.php\/2024\/05\/17\/libertadores-dos-colombianos-en-el-once-ideal-de-la-semana\/#primaryimage"},"thumbnailUrl":"https:\/\/futbolhoy.co\/wp-content\/uploads\/2024\/05\/IMG_0697.jpeg","articleSection":["Libertadores"],"inLanguage":"es","potentialAction":[{"@type":"CommentAction","name":"Comment","target":["https:\/\/futbolhoy.co\/index.php\/2024\/05\/17\/libertadores-dos-colombianos-en-el-once-ideal-de-la-semana\/#respond"]}]},{"@type":"WebPage","@id":"https:\/\/futbolhoy.co\/index.php\/2024\/05\/17\/libertadores-dos-colombianos-en-el-once-ideal-de-la-semana\/","url":"https:\/\/futbolhoy.co\/index.php\/2024\/05\/17\/libertadores-dos-colombianos-en-el-once-ideal-de-la-semana\/","name":"Libertadores: dos colombianos en el once ideal de la semana -","isPartOf":{"@id":"https:\/\/futbolhoy.co\/#website"},"primaryImageOfPage":{"@id":"https:\/\/futbolhoy.co\/index.php\/2024\/05\/17\/libertadores-dos-colombianos-en-el-once-ideal-de-la-semana\/#primaryimage"},"image":{"@id":"https:\/\/futbolhoy.co\/index.php\/2024\/05\/17\/libertadores-dos-colombianos-en-el-once-ideal-de-la-semana\/#primaryimage"},"thumbnailUrl":"https:\/\/futbolhoy.co\/wp-content\/uploads\/2024\/05\/IMG_0697.jpeg","datePublished":"2024-05-18T01:45:21+00:00","dateModified":"2024-05-19T13:46:12+00:00","breadcrumb":{"@id":"https:\/\/futbolhoy.co\/index.php\/2024\/05\/17\/libertadores-dos-colombianos-en-el-once-ideal-de-la-semana\/#breadcrumb"},"inLanguage":"es","potentialAction":[{"@type":"ReadAction","target":["https:\/\/futbolhoy.co\/index.php\/2024\/05\/17\/libertadores-dos-colombianos-en-el-once-ideal-de-la-semana\/"]}]},{"@type":"ImageObject","inLanguage":"es","@id":"https:\/\/futbolhoy.co\/index.php\/2024\/05\/17\/libertadores-dos-colombianos-en-el-once-ideal-de-la-semana\/#primaryimage","url":"https:\/\/futbolhoy.co\/wp-content\/uploads\/2024\/05\/IMG_0697.jpeg","contentUrl":"https:\/\/futbolhoy.co\/wp-content\/uploads\/2024\/05\/IMG_0697.jpeg","width":1080,"height":1080},{"@type":"BreadcrumbList","@id":"https:\/\/futbolhoy.co\/index.php\/2024\/05\/17\/libertadores-dos-colombianos-en-el-once-ideal-de-la-semana\/#breadcrumb","itemListElement":[{"@type":"ListItem","position":1,"name":"Portada","item":"https:\/\/futbolhoy.co\/"},{"@type":"ListItem","position":2,"name":"Libertadores: dos colombianos en el once ideal de la semana"}]},{"@type":"WebSite","@id":"https:\/\/futbolhoy.co\/#website","url":"https:\/\/futbolhoy.co\/","name":"FutbolHoy","description":"","publisher":{"@id":"https:\/\/futbolhoy.co\/#organization"},"potentialAction":[{"@type":"SearchAction","target":{"@type":"EntryPoint","urlTemplate":"https:\/\/futbolhoy.co\/?s={search_term_string}"},"query-input":{"@type":"PropertyValueSpecification","valueRequired":true,"valueName":"search_term_string"}}],"inLanguage":"es"},{"@type":"Organization","@id":"https:\/\/futbolhoy.co\/#organization","name":"Futbolhoy.co","url":"https:\/\/futbolhoy.co\/","logo":{"@type":"ImageObject","inLanguage":"es","@id":"https:\/\/futbolhoy.co\/#\/schema\/logo\/image\/","url":"https:\/\/futbolhoy.co\/wp-content\/uploads\/2018\/08\/17426380_1906371736249227_6326180412931521141_n.jpg","contentUrl":"https:\/\/futbolhoy.co\/wp-content\/uploads\/2018\/08\/17426380_1906371736249227_6326180412931521141_n.jpg","width":960,"height":960,"caption":"Futbolhoy.co"},"image":{"@id":"https:\/\/futbolhoy.co\/#\/schema\/logo\/image\/"},"sameAs":["https:\/\/www.facebook.com\/FutbolHoyCol\/","https:\/\/x.com\/FutbolHoyCol","https:\/\/www.instagram.com\/futbolhoycol\/"]},{"@type":"Person","@id":"https:\/\/futbolhoy.co\/#\/schema\/person\/1721b69355b6623eaff15ac7b92d4cc3","name":"contenido","image":{"@type":"ImageObject","inLanguage":"es","@id":"https:\/\/futbolhoy.co\/#\/schema\/person\/image\/","url":"https:\/\/secure.gravatar.com\/avatar\/4f656d3256f5134f466206e7c3941518?s=96&d=mm&r=g","contentUrl":"https:\/\/secure.gravatar.com\/avatar\/4f656d3256f5134f466206e7c3941518?s=96&d=mm&r=g","caption":"contenido"}}]}},"publishpress_future_action":{"enabled":false,"date":"2026-05-04 02:12:46","action":"change-status","newStatus":"draft","terms":[],"taxonomy":"category","extraData":[]},"publishpress_future_workflow_manual_trigger":{"enabledWorkflows":[]},"_links":{"self":[{"href":"https:\/\/futbolhoy.co\/index.php\/wp-json\/wp\/v2\/posts\/108455","targetHints":{"allow":["GET"]}}],"collection":[{"href":"https:\/\/futbolhoy.co\/index.php\/wp-json\/wp\/v2\/posts"}],"about":[{"href":"https:\/\/futbolhoy.co\/index.php\/wp-json\/wp\/v2\/types\/post"}],"author":[{"embeddable":true,"href":"https:\/\/futbolhoy.co\/index.php\/wp-json\/wp\/v2\/users\/4"}],"replies":[{"embeddable":true,"href":"https:\/\/futbolhoy.co\/index.php\/wp-json\/wp\/v2\/comments?post=108455"}],"version-history":[{"count":1,"href":"https:\/\/futbolhoy.co\/index.php\/wp-json\/wp\/v2\/posts\/108455\/revisions"}],"predecessor-version":[{"id":108457,"href":"https:\/\/futbolhoy.co\/index.php\/wp-json\/wp\/v2\/posts\/108455\/revisions\/108457"}],"wp:featuredmedia":[{"embeddable":true,"href":"https:\/\/futbolhoy.co\/index.php\/wp-json\/wp\/v2\/media\/108456"}],"wp:attachment":[{"href":"https:\/\/futbolhoy.co\/index.php\/wp-json\/wp\/v2\/media?parent=108455"}],"wp:term":[{"taxonomy":"category","embeddable":true,"href":"https:\/\/futbolhoy.co\/index.php\/wp-json\/wp\/v2\/categories?post=108455"},{"taxonomy":"post_tag","embeddable":true,"href":"https:\/\/futbolhoy.co\/index.php\/wp-json\/wp\/v2\/tags?post=108455"}],"curies":[{"name":"wp","href":"https:\/\/api.w.org\/{rel}","templated":true}]}}