{"id":108480,"date":"2024-05-18T13:10:09","date_gmt":"2024-05-18T18:10:09","guid":{"rendered":"https:\/\/futbolhoy.co\/?p=108480"},"modified":"2024-05-19T10:21:41","modified_gmt":"2024-05-19T15:21:41","slug":"mayra-ramirez-figura-en-el-titulo-del-chelsea","status":"publish","type":"post","link":"https:\/\/futbolhoy.co\/index.php\/2024\/05\/18\/mayra-ramirez-figura-en-el-titulo-del-chelsea\/","title":{"rendered":"Mayra Ram\u00edrez, figura en el t\u00edtulo del Chelsea"},"content":{"rendered":"<p style=\"text-align: justify;\"><span style=\"font-family: helvetica, arial, sans-serif;\"><strong>Mayra Ram\u00edrez<\/strong> conquist\u00f3 la <strong>Women\u2019s Super League<\/strong> con el <strong>Chelsea,<\/strong> luego de que concretara un doblete de goles y asistencias. La colombiana fue la figura en el triunfo 0-6 de las londinenses ante el <strong>Manchester United.<\/strong><\/span><\/p>\n<p style=\"text-align: justify;\"><span style=\"font-family: helvetica, arial, sans-serif;\">La colombiana marc\u00f3 a los dos minutos de compromiso, cuando recibi\u00f3 un centro por el sector izquierdo de la cancha y la delantera, vali\u00e9ndose de su f\u00edsico, aprovech\u00f3 para cabecear y dejar sin opciones a la portera del cuadro de Manchester. Minutos m\u00e1s tarde, la colombiana aportar\u00eda en el segundo gol del Chelsea, luego de que terminara asistiendo a <strong>Johanna Rytting.<\/strong><\/span><\/p>\n<p style=\"text-align: justify;\"><span style=\"font-family: helvetica, arial, sans-serif;\">El tercero tambi\u00e9n fue pase gol de Ram\u00edrez (44\u2019) cuando la oriunda de <strong>Sibat\u00e9<\/strong> asisti\u00f3 a <strong>Sjoeke Nusken.<\/strong> Mayra puso el cuarto cuando recibi\u00f3 un bal\u00f3n desde el sector izquierdo, eludi\u00f3 a rivales y sac\u00f3 un remate dif\u00edcil de contener.<\/span><\/p>\n<p style=\"text-align: justify;\"><span style=\"font-family: helvetica, arial, sans-serif;\">Mayra lleg\u00f3 a principios de 2024 y disput\u00f3 13 encuentros con el cuadro de Londres, en el que tambi\u00e9n vivi\u00f3 una lesi\u00f3n. Marc\u00f3 5 goles y dio 2 asistencias, siendo una de las figuras en el Chelsea que se pudo coronar campe\u00f3n de <strong>Inglaterra.<\/strong><\/span><\/p>\n<blockquote class=\"twitter-tweet\" data-media-max-width=\"560\">\n<p dir=\"ltr\" lang=\"en\">No one can stop Ram\u00edrez today!<\/p>\n<p>Running riot for <a href=\"https:\/\/twitter.com\/ChelseaFCW?ref_src=twsrc%5Etfw\">@ChelseaFCW<\/a> <a href=\"https:\/\/twitter.com\/hashtag\/BarclaysWSL?src=hash&amp;ref_src=twsrc%5Etfw\">#BarclaysWSL<\/a> <a href=\"https:\/\/t.co\/e5TX8FrPNC\">pic.twitter.com\/e5TX8FrPNC<\/a><\/p>\n<p>\u2014 Barclays Women's Super League (@BarclaysWSL) <a href=\"https:\/\/twitter.com\/BarclaysWSL\/status\/1791844063362064879?ref_src=twsrc%5Etfw\">May 18, 2024<\/a><\/p><\/blockquote>\n<p><script async src=\"https:\/\/platform.twitter.com\/widgets.js\" charset=\"utf-8\"><\/script><\/p>\n","protected":false},"excerpt":{"rendered":"<p>Mayra Ram\u00edrez conquist\u00f3 la Women\u2019s Super League con el Chelsea, luego de que concretara un doblete de goles y asistencias. La colombiana fue la figura en el triunfo 0-6 de las londinenses ante el Manchester United. La colombiana marc\u00f3 a los dos minutos de compromiso, cuando recibi\u00f3 un centro por el sector izquierdo de la [&hellip;]<\/p>\n","protected":false},"author":4,"featured_media":108481,"comment_status":"open","ping_status":"open","sticky":false,"template":"","format":"standard","meta":{"_acf_changed":false,"footnotes":""},"categories":[418],"tags":[],"class_list":{"0":"post-108480","1":"post","2":"type-post","3":"status-publish","4":"format-standard","5":"has-post-thumbnail","7":"category-colombia"},"acf":[],"yoast_head":"<!-- This site is optimized with the Yoast SEO plugin v26.8 - https:\/\/yoast.com\/product\/yoast-seo-wordpress\/ -->\n<title>Mayra Ram\u00edrez, figura en el t\u00edtulo del Chelsea -<\/title>\n<meta name=\"robots\" content=\"index, follow, max-snippet:-1, max-image-preview:large, max-video-preview:-1\" \/>\n<link rel=\"canonical\" href=\"https:\/\/futbolhoy.co\/index.php\/2024\/05\/18\/mayra-ramirez-figura-en-el-titulo-del-chelsea\/\" \/>\n<meta property=\"og:locale\" content=\"es_ES\" \/>\n<meta property=\"og:type\" content=\"article\" \/>\n<meta property=\"og:title\" content=\"Mayra Ram\u00edrez, figura en el t\u00edtulo del Chelsea -\" \/>\n<meta property=\"og:description\" content=\"Mayra Ram\u00edrez conquist\u00f3 la Women\u2019s Super League con el Chelsea, luego de que concretara un doblete de goles y asistencias. La colombiana fue la figura en el triunfo 0-6 de las londinenses ante el Manchester United. La colombiana marc\u00f3 a los dos minutos de compromiso, cuando recibi\u00f3 un centro por el sector izquierdo de la [&hellip;]\" \/>\n<meta property=\"og:url\" content=\"https:\/\/futbolhoy.co\/index.php\/2024\/05\/18\/mayra-ramirez-figura-en-el-titulo-del-chelsea\/\" \/>\n<meta property=\"article:publisher\" content=\"https:\/\/www.facebook.com\/FutbolHoyCol\/\" \/>\n<meta property=\"article:published_time\" content=\"2024-05-18T18:10:09+00:00\" \/>\n<meta property=\"article:modified_time\" content=\"2024-05-19T15:21:41+00:00\" \/>\n<meta property=\"og:image\" content=\"https:\/\/futbolhoy.co\/wp-content\/uploads\/2024\/05\/Mayra-Campeona-1024x710.png\" \/>\n\t<meta property=\"og:image:width\" content=\"1024\" \/>\n\t<meta property=\"og:image:height\" content=\"710\" \/>\n\t<meta property=\"og:image:type\" content=\"image\/png\" \/>\n<meta name=\"author\" content=\"contenido\" \/>\n<meta name=\"twitter:card\" content=\"summary_large_image\" \/>\n<meta name=\"twitter:creator\" content=\"@FutbolHoyCol\" \/>\n<meta name=\"twitter:site\" content=\"@FutbolHoyCol\" \/>\n<meta name=\"twitter:label1\" content=\"Escrito por\" \/>\n\t<meta name=\"twitter:data1\" content=\"contenido\" \/>\n\t<meta name=\"twitter:label2\" content=\"Tiempo de lectura\" \/>\n\t<meta name=\"twitter:data2\" content=\"1 minuto\" \/>\n<script type=\"application\/ld+json\" class=\"yoast-schema-graph\">{\"@context\":\"https:\/\/schema.org\",\"@graph\":[{\"@type\":\"Article\",\"@id\":\"https:\/\/futbolhoy.co\/index.php\/2024\/05\/18\/mayra-ramirez-figura-en-el-titulo-del-chelsea\/#article\",\"isPartOf\":{\"@id\":\"https:\/\/futbolhoy.co\/index.php\/2024\/05\/18\/mayra-ramirez-figura-en-el-titulo-del-chelsea\/\"},\"author\":{\"name\":\"contenido\",\"@id\":\"https:\/\/futbolhoy.co\/#\/schema\/person\/1721b69355b6623eaff15ac7b92d4cc3\"},\"headline\":\"Mayra Ram\u00edrez, figura en el t\u00edtulo del Chelsea\",\"datePublished\":\"2024-05-18T18:10:09+00:00\",\"dateModified\":\"2024-05-19T15:21:41+00:00\",\"mainEntityOfPage\":{\"@id\":\"https:\/\/futbolhoy.co\/index.php\/2024\/05\/18\/mayra-ramirez-figura-en-el-titulo-del-chelsea\/\"},\"wordCount\":223,\"commentCount\":0,\"publisher\":{\"@id\":\"https:\/\/futbolhoy.co\/#organization\"},\"image\":{\"@id\":\"https:\/\/futbolhoy.co\/index.php\/2024\/05\/18\/mayra-ramirez-figura-en-el-titulo-del-chelsea\/#primaryimage\"},\"thumbnailUrl\":\"https:\/\/futbolhoy.co\/wp-content\/uploads\/2024\/05\/Mayra-Campeona.png\",\"articleSection\":[\"Colombia\"],\"inLanguage\":\"es\",\"potentialAction\":[{\"@type\":\"CommentAction\",\"name\":\"Comment\",\"target\":[\"https:\/\/futbolhoy.co\/index.php\/2024\/05\/18\/mayra-ramirez-figura-en-el-titulo-del-chelsea\/#respond\"]}]},{\"@type\":\"WebPage\",\"@id\":\"https:\/\/futbolhoy.co\/index.php\/2024\/05\/18\/mayra-ramirez-figura-en-el-titulo-del-chelsea\/\",\"url\":\"https:\/\/futbolhoy.co\/index.php\/2024\/05\/18\/mayra-ramirez-figura-en-el-titulo-del-chelsea\/\",\"name\":\"Mayra Ram\u00edrez, figura en el t\u00edtulo del Chelsea -\",\"isPartOf\":{\"@id\":\"https:\/\/futbolhoy.co\/#website\"},\"primaryImageOfPage\":{\"@id\":\"https:\/\/futbolhoy.co\/index.php\/2024\/05\/18\/mayra-ramirez-figura-en-el-titulo-del-chelsea\/#primaryimage\"},\"image\":{\"@id\":\"https:\/\/futbolhoy.co\/index.php\/2024\/05\/18\/mayra-ramirez-figura-en-el-titulo-del-chelsea\/#primaryimage\"},\"thumbnailUrl\":\"https:\/\/futbolhoy.co\/wp-content\/uploads\/2024\/05\/Mayra-Campeona.png\",\"datePublished\":\"2024-05-18T18:10:09+00:00\",\"dateModified\":\"2024-05-19T15:21:41+00:00\",\"breadcrumb\":{\"@id\":\"https:\/\/futbolhoy.co\/index.php\/2024\/05\/18\/mayra-ramirez-figura-en-el-titulo-del-chelsea\/#breadcrumb\"},\"inLanguage\":\"es\",\"potentialAction\":[{\"@type\":\"ReadAction\",\"target\":[\"https:\/\/futbolhoy.co\/index.php\/2024\/05\/18\/mayra-ramirez-figura-en-el-titulo-del-chelsea\/\"]}]},{\"@type\":\"ImageObject\",\"inLanguage\":\"es\",\"@id\":\"https:\/\/futbolhoy.co\/index.php\/2024\/05\/18\/mayra-ramirez-figura-en-el-titulo-del-chelsea\/#primaryimage\",\"url\":\"https:\/\/futbolhoy.co\/wp-content\/uploads\/2024\/05\/Mayra-Campeona.png\",\"contentUrl\":\"https:\/\/futbolhoy.co\/wp-content\/uploads\/2024\/05\/Mayra-Campeona.png\",\"width\":1271,\"height\":881},{\"@type\":\"BreadcrumbList\",\"@id\":\"https:\/\/futbolhoy.co\/index.php\/2024\/05\/18\/mayra-ramirez-figura-en-el-titulo-del-chelsea\/#breadcrumb\",\"itemListElement\":[{\"@type\":\"ListItem\",\"position\":1,\"name\":\"Portada\",\"item\":\"https:\/\/futbolhoy.co\/\"},{\"@type\":\"ListItem\",\"position\":2,\"name\":\"Mayra Ram\u00edrez, figura en el t\u00edtulo del Chelsea\"}]},{\"@type\":\"WebSite\",\"@id\":\"https:\/\/futbolhoy.co\/#website\",\"url\":\"https:\/\/futbolhoy.co\/\",\"name\":\"FutbolHoy\",\"description\":\"\",\"publisher\":{\"@id\":\"https:\/\/futbolhoy.co\/#organization\"},\"potentialAction\":[{\"@type\":\"SearchAction\",\"target\":{\"@type\":\"EntryPoint\",\"urlTemplate\":\"https:\/\/futbolhoy.co\/?s={search_term_string}\"},\"query-input\":{\"@type\":\"PropertyValueSpecification\",\"valueRequired\":true,\"valueName\":\"search_term_string\"}}],\"inLanguage\":\"es\"},{\"@type\":\"Organization\",\"@id\":\"https:\/\/futbolhoy.co\/#organization\",\"name\":\"Futbolhoy.co\",\"url\":\"https:\/\/futbolhoy.co\/\",\"logo\":{\"@type\":\"ImageObject\",\"inLanguage\":\"es\",\"@id\":\"https:\/\/futbolhoy.co\/#\/schema\/logo\/image\/\",\"url\":\"https:\/\/futbolhoy.co\/wp-content\/uploads\/2018\/08\/17426380_1906371736249227_6326180412931521141_n.jpg\",\"contentUrl\":\"https:\/\/futbolhoy.co\/wp-content\/uploads\/2018\/08\/17426380_1906371736249227_6326180412931521141_n.jpg\",\"width\":960,\"height\":960,\"caption\":\"Futbolhoy.co\"},\"image\":{\"@id\":\"https:\/\/futbolhoy.co\/#\/schema\/logo\/image\/\"},\"sameAs\":[\"https:\/\/www.facebook.com\/FutbolHoyCol\/\",\"https:\/\/x.com\/FutbolHoyCol\",\"https:\/\/www.instagram.com\/futbolhoycol\/\"]},{\"@type\":\"Person\",\"@id\":\"https:\/\/futbolhoy.co\/#\/schema\/person\/1721b69355b6623eaff15ac7b92d4cc3\",\"name\":\"contenido\",\"image\":{\"@type\":\"ImageObject\",\"inLanguage\":\"es\",\"@id\":\"https:\/\/futbolhoy.co\/#\/schema\/person\/image\/\",\"url\":\"https:\/\/secure.gravatar.com\/avatar\/4f656d3256f5134f466206e7c3941518?s=96&d=mm&r=g\",\"contentUrl\":\"https:\/\/secure.gravatar.com\/avatar\/4f656d3256f5134f466206e7c3941518?s=96&d=mm&r=g\",\"caption\":\"contenido\"}}]}<\/script>\n<!-- \/ Yoast SEO plugin. -->","yoast_head_json":{"title":"Mayra Ram\u00edrez, figura en el t\u00edtulo del Chelsea -","robots":{"index":"index","follow":"follow","max-snippet":"max-snippet:-1","max-image-preview":"max-image-preview:large","max-video-preview":"max-video-preview:-1"},"canonical":"https:\/\/futbolhoy.co\/index.php\/2024\/05\/18\/mayra-ramirez-figura-en-el-titulo-del-chelsea\/","og_locale":"es_ES","og_type":"article","og_title":"Mayra Ram\u00edrez, figura en el t\u00edtulo del Chelsea -","og_description":"Mayra Ram\u00edrez conquist\u00f3 la Women\u2019s Super League con el Chelsea, luego de que concretara un doblete de goles y asistencias. La colombiana fue la figura en el triunfo 0-6 de las londinenses ante el Manchester United. La colombiana marc\u00f3 a los dos minutos de compromiso, cuando recibi\u00f3 un centro por el sector izquierdo de la [&hellip;]","og_url":"https:\/\/futbolhoy.co\/index.php\/2024\/05\/18\/mayra-ramirez-figura-en-el-titulo-del-chelsea\/","article_publisher":"https:\/\/www.facebook.com\/FutbolHoyCol\/","article_published_time":"2024-05-18T18:10:09+00:00","article_modified_time":"2024-05-19T15:21:41+00:00","og_image":[{"width":1024,"height":710,"url":"https:\/\/futbolhoy.co\/wp-content\/uploads\/2024\/05\/Mayra-Campeona-1024x710.png","type":"image\/png"}],"author":"contenido","twitter_card":"summary_large_image","twitter_creator":"@FutbolHoyCol","twitter_site":"@FutbolHoyCol","twitter_misc":{"Escrito por":"contenido","Tiempo de lectura":"1 minuto"},"schema":{"@context":"https:\/\/schema.org","@graph":[{"@type":"Article","@id":"https:\/\/futbolhoy.co\/index.php\/2024\/05\/18\/mayra-ramirez-figura-en-el-titulo-del-chelsea\/#article","isPartOf":{"@id":"https:\/\/futbolhoy.co\/index.php\/2024\/05\/18\/mayra-ramirez-figura-en-el-titulo-del-chelsea\/"},"author":{"name":"contenido","@id":"https:\/\/futbolhoy.co\/#\/schema\/person\/1721b69355b6623eaff15ac7b92d4cc3"},"headline":"Mayra Ram\u00edrez, figura en el t\u00edtulo del Chelsea","datePublished":"2024-05-18T18:10:09+00:00","dateModified":"2024-05-19T15:21:41+00:00","mainEntityOfPage":{"@id":"https:\/\/futbolhoy.co\/index.php\/2024\/05\/18\/mayra-ramirez-figura-en-el-titulo-del-chelsea\/"},"wordCount":223,"commentCount":0,"publisher":{"@id":"https:\/\/futbolhoy.co\/#organization"},"image":{"@id":"https:\/\/futbolhoy.co\/index.php\/2024\/05\/18\/mayra-ramirez-figura-en-el-titulo-del-chelsea\/#primaryimage"},"thumbnailUrl":"https:\/\/futbolhoy.co\/wp-content\/uploads\/2024\/05\/Mayra-Campeona.png","articleSection":["Colombia"],"inLanguage":"es","potentialAction":[{"@type":"CommentAction","name":"Comment","target":["https:\/\/futbolhoy.co\/index.php\/2024\/05\/18\/mayra-ramirez-figura-en-el-titulo-del-chelsea\/#respond"]}]},{"@type":"WebPage","@id":"https:\/\/futbolhoy.co\/index.php\/2024\/05\/18\/mayra-ramirez-figura-en-el-titulo-del-chelsea\/","url":"https:\/\/futbolhoy.co\/index.php\/2024\/05\/18\/mayra-ramirez-figura-en-el-titulo-del-chelsea\/","name":"Mayra Ram\u00edrez, figura en el t\u00edtulo del Chelsea -","isPartOf":{"@id":"https:\/\/futbolhoy.co\/#website"},"primaryImageOfPage":{"@id":"https:\/\/futbolhoy.co\/index.php\/2024\/05\/18\/mayra-ramirez-figura-en-el-titulo-del-chelsea\/#primaryimage"},"image":{"@id":"https:\/\/futbolhoy.co\/index.php\/2024\/05\/18\/mayra-ramirez-figura-en-el-titulo-del-chelsea\/#primaryimage"},"thumbnailUrl":"https:\/\/futbolhoy.co\/wp-content\/uploads\/2024\/05\/Mayra-Campeona.png","datePublished":"2024-05-18T18:10:09+00:00","dateModified":"2024-05-19T15:21:41+00:00","breadcrumb":{"@id":"https:\/\/futbolhoy.co\/index.php\/2024\/05\/18\/mayra-ramirez-figura-en-el-titulo-del-chelsea\/#breadcrumb"},"inLanguage":"es","potentialAction":[{"@type":"ReadAction","target":["https:\/\/futbolhoy.co\/index.php\/2024\/05\/18\/mayra-ramirez-figura-en-el-titulo-del-chelsea\/"]}]},{"@type":"ImageObject","inLanguage":"es","@id":"https:\/\/futbolhoy.co\/index.php\/2024\/05\/18\/mayra-ramirez-figura-en-el-titulo-del-chelsea\/#primaryimage","url":"https:\/\/futbolhoy.co\/wp-content\/uploads\/2024\/05\/Mayra-Campeona.png","contentUrl":"https:\/\/futbolhoy.co\/wp-content\/uploads\/2024\/05\/Mayra-Campeona.png","width":1271,"height":881},{"@type":"BreadcrumbList","@id":"https:\/\/futbolhoy.co\/index.php\/2024\/05\/18\/mayra-ramirez-figura-en-el-titulo-del-chelsea\/#breadcrumb","itemListElement":[{"@type":"ListItem","position":1,"name":"Portada","item":"https:\/\/futbolhoy.co\/"},{"@type":"ListItem","position":2,"name":"Mayra Ram\u00edrez, figura en el t\u00edtulo del Chelsea"}]},{"@type":"WebSite","@id":"https:\/\/futbolhoy.co\/#website","url":"https:\/\/futbolhoy.co\/","name":"FutbolHoy","description":"","publisher":{"@id":"https:\/\/futbolhoy.co\/#organization"},"potentialAction":[{"@type":"SearchAction","target":{"@type":"EntryPoint","urlTemplate":"https:\/\/futbolhoy.co\/?s={search_term_string}"},"query-input":{"@type":"PropertyValueSpecification","valueRequired":true,"valueName":"search_term_string"}}],"inLanguage":"es"},{"@type":"Organization","@id":"https:\/\/futbolhoy.co\/#organization","name":"Futbolhoy.co","url":"https:\/\/futbolhoy.co\/","logo":{"@type":"ImageObject","inLanguage":"es","@id":"https:\/\/futbolhoy.co\/#\/schema\/logo\/image\/","url":"https:\/\/futbolhoy.co\/wp-content\/uploads\/2018\/08\/17426380_1906371736249227_6326180412931521141_n.jpg","contentUrl":"https:\/\/futbolhoy.co\/wp-content\/uploads\/2018\/08\/17426380_1906371736249227_6326180412931521141_n.jpg","width":960,"height":960,"caption":"Futbolhoy.co"},"image":{"@id":"https:\/\/futbolhoy.co\/#\/schema\/logo\/image\/"},"sameAs":["https:\/\/www.facebook.com\/FutbolHoyCol\/","https:\/\/x.com\/FutbolHoyCol","https:\/\/www.instagram.com\/futbolhoycol\/"]},{"@type":"Person","@id":"https:\/\/futbolhoy.co\/#\/schema\/person\/1721b69355b6623eaff15ac7b92d4cc3","name":"contenido","image":{"@type":"ImageObject","inLanguage":"es","@id":"https:\/\/futbolhoy.co\/#\/schema\/person\/image\/","url":"https:\/\/secure.gravatar.com\/avatar\/4f656d3256f5134f466206e7c3941518?s=96&d=mm&r=g","contentUrl":"https:\/\/secure.gravatar.com\/avatar\/4f656d3256f5134f466206e7c3941518?s=96&d=mm&r=g","caption":"contenido"}}]}},"publishpress_future_action":{"enabled":false,"date":"2026-05-04 08:02:05","action":"change-status","newStatus":"draft","terms":[],"taxonomy":"category","extraData":[]},"publishpress_future_workflow_manual_trigger":{"enabledWorkflows":[]},"_links":{"self":[{"href":"https:\/\/futbolhoy.co\/index.php\/wp-json\/wp\/v2\/posts\/108480","targetHints":{"allow":["GET"]}}],"collection":[{"href":"https:\/\/futbolhoy.co\/index.php\/wp-json\/wp\/v2\/posts"}],"about":[{"href":"https:\/\/futbolhoy.co\/index.php\/wp-json\/wp\/v2\/types\/post"}],"author":[{"embeddable":true,"href":"https:\/\/futbolhoy.co\/index.php\/wp-json\/wp\/v2\/users\/4"}],"replies":[{"embeddable":true,"href":"https:\/\/futbolhoy.co\/index.php\/wp-json\/wp\/v2\/comments?post=108480"}],"version-history":[{"count":2,"href":"https:\/\/futbolhoy.co\/index.php\/wp-json\/wp\/v2\/posts\/108480\/revisions"}],"predecessor-version":[{"id":108516,"href":"https:\/\/futbolhoy.co\/index.php\/wp-json\/wp\/v2\/posts\/108480\/revisions\/108516"}],"wp:featuredmedia":[{"embeddable":true,"href":"https:\/\/futbolhoy.co\/index.php\/wp-json\/wp\/v2\/media\/108481"}],"wp:attachment":[{"href":"https:\/\/futbolhoy.co\/index.php\/wp-json\/wp\/v2\/media?parent=108480"}],"wp:term":[{"taxonomy":"category","embeddable":true,"href":"https:\/\/futbolhoy.co\/index.php\/wp-json\/wp\/v2\/categories?post=108480"},{"taxonomy":"post_tag","embeddable":true,"href":"https:\/\/futbolhoy.co\/index.php\/wp-json\/wp\/v2\/tags?post=108480"}],"curies":[{"name":"wp","href":"https:\/\/api.w.org\/{rel}","templated":true}]}}