{"id":108486,"date":"2024-05-18T19:33:12","date_gmt":"2024-05-19T00:33:12","guid":{"rendered":"https:\/\/futbolhoy.co\/?p=108486"},"modified":"2024-05-19T14:51:58","modified_gmt":"2024-05-19T19:51:58","slug":"tolima-remonta-ante-la-equidad-y-se-mete-en-la-pelea","status":"publish","type":"post","link":"https:\/\/futbolhoy.co\/index.php\/2024\/05\/18\/tolima-remonta-ante-la-equidad-y-se-mete-en-la-pelea\/","title":{"rendered":"Tolima remonta ante La Equidad y se mete en la pelea"},"content":{"rendered":"<p style=\"text-align: justify;\"><span style=\"font-family: helvetica, arial, sans-serif;\"><strong>Deportes Tolima<\/strong> sac\u00f3 adelante un partido ante <strong>La Equidad<\/strong> que ten\u00eda perdido. El conjunto Pijao se impuso 2-3 en el estadio <strong>Metropolitano de Techo.<\/strong><\/span><\/p>\n<p style=\"text-align: justify;\"><span style=\"font-family: helvetica, arial, sans-serif;\">El cuadro asegurador inici\u00f3 ganando con los goles de<strong> Johan Rojas (23') y Kevin Viveros (44')<\/strong>, pero no pudo aguantar el marcador y termin\u00f3 cayendo.<\/span><\/p>\n<p style=\"text-align: justify;\"><span style=\"font-family: helvetica, arial, sans-serif;\">Los pijaos vivieron una remontada que inici\u00f3 con la anotaci\u00f3n de penal d<strong>e Yeison Guzm\u00e1n<\/strong> al 59'. De manera ag\u00f3nica,<strong> Brayan Gil (88') y Marlon Torres (99+6')<\/strong> concretaron la remontada.<\/span><\/p>\n<p style=\"text-align: justify;\"><span style=\"font-family: helvetica, arial, sans-serif;\">Este resultado, les permite llegar a 4 puntos en el <strong>cuadrangular B<\/strong>, a la espera de lo que pase entre Santa Fe y Once Caldas. El pr\u00f3ximo juego de los de <strong>Ibagu\u00e9<\/strong> ser\u00e1 nuevamente ante La Equidad, pero en el <strong>Manuel Murillo Toro.<\/strong><\/span><\/p>\n","protected":false},"excerpt":{"rendered":"<p>Deportes Tolima sac\u00f3 adelante un partido ante La Equidad que ten\u00eda perdido. El conjunto Pijao se impuso 2-3 en el estadio Metropolitano de Techo. El cuadro asegurador inici\u00f3 ganando con los goles de Johan Rojas (23') y Kevin Viveros (44'), pero no pudo aguantar el marcador y termin\u00f3 cayendo. Los pijaos vivieron una remontada que [&hellip;]<\/p>\n","protected":false},"author":4,"featured_media":108487,"comment_status":"open","ping_status":"open","sticky":false,"template":"","format":"standard","meta":{"_acf_changed":false,"footnotes":""},"categories":[7],"tags":[],"class_list":{"0":"post-108486","1":"post","2":"type-post","3":"status-publish","4":"format-standard","5":"has-post-thumbnail","7":"category-liga-betplay"},"acf":[],"yoast_head":"<!-- This site is optimized with the Yoast SEO plugin v26.8 - https:\/\/yoast.com\/product\/yoast-seo-wordpress\/ -->\n<title>Tolima remonta ante La Equidad y se mete en la pelea -<\/title>\n<meta name=\"robots\" content=\"index, follow, max-snippet:-1, max-image-preview:large, max-video-preview:-1\" \/>\n<link rel=\"canonical\" href=\"https:\/\/futbolhoy.co\/index.php\/2024\/05\/18\/tolima-remonta-ante-la-equidad-y-se-mete-en-la-pelea\/\" \/>\n<meta property=\"og:locale\" content=\"es_ES\" \/>\n<meta property=\"og:type\" content=\"article\" \/>\n<meta property=\"og:title\" content=\"Tolima remonta ante La Equidad y se mete en la pelea -\" \/>\n<meta property=\"og:description\" content=\"Deportes Tolima sac\u00f3 adelante un partido ante La Equidad que ten\u00eda perdido. El conjunto Pijao se impuso 2-3 en el estadio Metropolitano de Techo. El cuadro asegurador inici\u00f3 ganando con los goles de Johan Rojas (23&#039;) y Kevin Viveros (44&#039;), pero no pudo aguantar el marcador y termin\u00f3 cayendo. Los pijaos vivieron una remontada que [&hellip;]\" \/>\n<meta property=\"og:url\" content=\"https:\/\/futbolhoy.co\/index.php\/2024\/05\/18\/tolima-remonta-ante-la-equidad-y-se-mete-en-la-pelea\/\" \/>\n<meta property=\"article:publisher\" content=\"https:\/\/www.facebook.com\/FutbolHoyCol\/\" \/>\n<meta property=\"article:published_time\" content=\"2024-05-19T00:33:12+00:00\" \/>\n<meta property=\"article:modified_time\" content=\"2024-05-19T19:51:58+00:00\" \/>\n<meta property=\"og:image\" content=\"https:\/\/futbolhoy.co\/wp-content\/uploads\/2024\/05\/WhatsApp-Image-2024-05-18-at-7.31.55-PM.jpeg\" \/>\n\t<meta property=\"og:image:width\" content=\"1179\" \/>\n\t<meta property=\"og:image:height\" content=\"1006\" \/>\n\t<meta property=\"og:image:type\" content=\"image\/jpeg\" \/>\n<meta name=\"author\" content=\"contenido\" \/>\n<meta name=\"twitter:card\" content=\"summary_large_image\" \/>\n<meta name=\"twitter:creator\" content=\"@FutbolHoyCol\" \/>\n<meta name=\"twitter:site\" content=\"@FutbolHoyCol\" \/>\n<meta name=\"twitter:label1\" content=\"Escrito por\" \/>\n\t<meta name=\"twitter:data1\" content=\"contenido\" \/>\n\t<meta name=\"twitter:label2\" content=\"Tiempo de lectura\" \/>\n\t<meta name=\"twitter:data2\" content=\"1 minuto\" \/>\n<script type=\"application\/ld+json\" class=\"yoast-schema-graph\">{\"@context\":\"https:\/\/schema.org\",\"@graph\":[{\"@type\":\"Article\",\"@id\":\"https:\/\/futbolhoy.co\/index.php\/2024\/05\/18\/tolima-remonta-ante-la-equidad-y-se-mete-en-la-pelea\/#article\",\"isPartOf\":{\"@id\":\"https:\/\/futbolhoy.co\/index.php\/2024\/05\/18\/tolima-remonta-ante-la-equidad-y-se-mete-en-la-pelea\/\"},\"author\":{\"name\":\"contenido\",\"@id\":\"https:\/\/futbolhoy.co\/#\/schema\/person\/1721b69355b6623eaff15ac7b92d4cc3\"},\"headline\":\"Tolima remonta ante La Equidad y se mete en la pelea\",\"datePublished\":\"2024-05-19T00:33:12+00:00\",\"dateModified\":\"2024-05-19T19:51:58+00:00\",\"mainEntityOfPage\":{\"@id\":\"https:\/\/futbolhoy.co\/index.php\/2024\/05\/18\/tolima-remonta-ante-la-equidad-y-se-mete-en-la-pelea\/\"},\"wordCount\":137,\"commentCount\":0,\"publisher\":{\"@id\":\"https:\/\/futbolhoy.co\/#organization\"},\"image\":{\"@id\":\"https:\/\/futbolhoy.co\/index.php\/2024\/05\/18\/tolima-remonta-ante-la-equidad-y-se-mete-en-la-pelea\/#primaryimage\"},\"thumbnailUrl\":\"https:\/\/futbolhoy.co\/wp-content\/uploads\/2024\/05\/WhatsApp-Image-2024-05-18-at-7.31.55-PM.jpeg\",\"articleSection\":[\"Liga BetPlay\"],\"inLanguage\":\"es\",\"potentialAction\":[{\"@type\":\"CommentAction\",\"name\":\"Comment\",\"target\":[\"https:\/\/futbolhoy.co\/index.php\/2024\/05\/18\/tolima-remonta-ante-la-equidad-y-se-mete-en-la-pelea\/#respond\"]}]},{\"@type\":\"WebPage\",\"@id\":\"https:\/\/futbolhoy.co\/index.php\/2024\/05\/18\/tolima-remonta-ante-la-equidad-y-se-mete-en-la-pelea\/\",\"url\":\"https:\/\/futbolhoy.co\/index.php\/2024\/05\/18\/tolima-remonta-ante-la-equidad-y-se-mete-en-la-pelea\/\",\"name\":\"Tolima remonta ante La Equidad y se mete en la pelea -\",\"isPartOf\":{\"@id\":\"https:\/\/futbolhoy.co\/#website\"},\"primaryImageOfPage\":{\"@id\":\"https:\/\/futbolhoy.co\/index.php\/2024\/05\/18\/tolima-remonta-ante-la-equidad-y-se-mete-en-la-pelea\/#primaryimage\"},\"image\":{\"@id\":\"https:\/\/futbolhoy.co\/index.php\/2024\/05\/18\/tolima-remonta-ante-la-equidad-y-se-mete-en-la-pelea\/#primaryimage\"},\"thumbnailUrl\":\"https:\/\/futbolhoy.co\/wp-content\/uploads\/2024\/05\/WhatsApp-Image-2024-05-18-at-7.31.55-PM.jpeg\",\"datePublished\":\"2024-05-19T00:33:12+00:00\",\"dateModified\":\"2024-05-19T19:51:58+00:00\",\"breadcrumb\":{\"@id\":\"https:\/\/futbolhoy.co\/index.php\/2024\/05\/18\/tolima-remonta-ante-la-equidad-y-se-mete-en-la-pelea\/#breadcrumb\"},\"inLanguage\":\"es\",\"potentialAction\":[{\"@type\":\"ReadAction\",\"target\":[\"https:\/\/futbolhoy.co\/index.php\/2024\/05\/18\/tolima-remonta-ante-la-equidad-y-se-mete-en-la-pelea\/\"]}]},{\"@type\":\"ImageObject\",\"inLanguage\":\"es\",\"@id\":\"https:\/\/futbolhoy.co\/index.php\/2024\/05\/18\/tolima-remonta-ante-la-equidad-y-se-mete-en-la-pelea\/#primaryimage\",\"url\":\"https:\/\/futbolhoy.co\/wp-content\/uploads\/2024\/05\/WhatsApp-Image-2024-05-18-at-7.31.55-PM.jpeg\",\"contentUrl\":\"https:\/\/futbolhoy.co\/wp-content\/uploads\/2024\/05\/WhatsApp-Image-2024-05-18-at-7.31.55-PM.jpeg\",\"width\":1179,\"height\":1006},{\"@type\":\"BreadcrumbList\",\"@id\":\"https:\/\/futbolhoy.co\/index.php\/2024\/05\/18\/tolima-remonta-ante-la-equidad-y-se-mete-en-la-pelea\/#breadcrumb\",\"itemListElement\":[{\"@type\":\"ListItem\",\"position\":1,\"name\":\"Portada\",\"item\":\"https:\/\/futbolhoy.co\/\"},{\"@type\":\"ListItem\",\"position\":2,\"name\":\"Tolima remonta ante La Equidad y se mete en la pelea\"}]},{\"@type\":\"WebSite\",\"@id\":\"https:\/\/futbolhoy.co\/#website\",\"url\":\"https:\/\/futbolhoy.co\/\",\"name\":\"FutbolHoy\",\"description\":\"\",\"publisher\":{\"@id\":\"https:\/\/futbolhoy.co\/#organization\"},\"potentialAction\":[{\"@type\":\"SearchAction\",\"target\":{\"@type\":\"EntryPoint\",\"urlTemplate\":\"https:\/\/futbolhoy.co\/?s={search_term_string}\"},\"query-input\":{\"@type\":\"PropertyValueSpecification\",\"valueRequired\":true,\"valueName\":\"search_term_string\"}}],\"inLanguage\":\"es\"},{\"@type\":\"Organization\",\"@id\":\"https:\/\/futbolhoy.co\/#organization\",\"name\":\"Futbolhoy.co\",\"url\":\"https:\/\/futbolhoy.co\/\",\"logo\":{\"@type\":\"ImageObject\",\"inLanguage\":\"es\",\"@id\":\"https:\/\/futbolhoy.co\/#\/schema\/logo\/image\/\",\"url\":\"https:\/\/futbolhoy.co\/wp-content\/uploads\/2018\/08\/17426380_1906371736249227_6326180412931521141_n.jpg\",\"contentUrl\":\"https:\/\/futbolhoy.co\/wp-content\/uploads\/2018\/08\/17426380_1906371736249227_6326180412931521141_n.jpg\",\"width\":960,\"height\":960,\"caption\":\"Futbolhoy.co\"},\"image\":{\"@id\":\"https:\/\/futbolhoy.co\/#\/schema\/logo\/image\/\"},\"sameAs\":[\"https:\/\/www.facebook.com\/FutbolHoyCol\/\",\"https:\/\/x.com\/FutbolHoyCol\",\"https:\/\/www.instagram.com\/futbolhoycol\/\"]},{\"@type\":\"Person\",\"@id\":\"https:\/\/futbolhoy.co\/#\/schema\/person\/1721b69355b6623eaff15ac7b92d4cc3\",\"name\":\"contenido\",\"image\":{\"@type\":\"ImageObject\",\"inLanguage\":\"es\",\"@id\":\"https:\/\/futbolhoy.co\/#\/schema\/person\/image\/\",\"url\":\"https:\/\/secure.gravatar.com\/avatar\/4f656d3256f5134f466206e7c3941518?s=96&d=mm&r=g\",\"contentUrl\":\"https:\/\/secure.gravatar.com\/avatar\/4f656d3256f5134f466206e7c3941518?s=96&d=mm&r=g\",\"caption\":\"contenido\"}}]}<\/script>\n<!-- \/ Yoast SEO plugin. -->","yoast_head_json":{"title":"Tolima remonta ante La Equidad y se mete en la pelea -","robots":{"index":"index","follow":"follow","max-snippet":"max-snippet:-1","max-image-preview":"max-image-preview:large","max-video-preview":"max-video-preview:-1"},"canonical":"https:\/\/futbolhoy.co\/index.php\/2024\/05\/18\/tolima-remonta-ante-la-equidad-y-se-mete-en-la-pelea\/","og_locale":"es_ES","og_type":"article","og_title":"Tolima remonta ante La Equidad y se mete en la pelea -","og_description":"Deportes Tolima sac\u00f3 adelante un partido ante La Equidad que ten\u00eda perdido. El conjunto Pijao se impuso 2-3 en el estadio Metropolitano de Techo. El cuadro asegurador inici\u00f3 ganando con los goles de Johan Rojas (23') y Kevin Viveros (44'), pero no pudo aguantar el marcador y termin\u00f3 cayendo. Los pijaos vivieron una remontada que [&hellip;]","og_url":"https:\/\/futbolhoy.co\/index.php\/2024\/05\/18\/tolima-remonta-ante-la-equidad-y-se-mete-en-la-pelea\/","article_publisher":"https:\/\/www.facebook.com\/FutbolHoyCol\/","article_published_time":"2024-05-19T00:33:12+00:00","article_modified_time":"2024-05-19T19:51:58+00:00","og_image":[{"width":1179,"height":1006,"url":"https:\/\/futbolhoy.co\/wp-content\/uploads\/2024\/05\/WhatsApp-Image-2024-05-18-at-7.31.55-PM.jpeg","type":"image\/jpeg"}],"author":"contenido","twitter_card":"summary_large_image","twitter_creator":"@FutbolHoyCol","twitter_site":"@FutbolHoyCol","twitter_misc":{"Escrito por":"contenido","Tiempo de lectura":"1 minuto"},"schema":{"@context":"https:\/\/schema.org","@graph":[{"@type":"Article","@id":"https:\/\/futbolhoy.co\/index.php\/2024\/05\/18\/tolima-remonta-ante-la-equidad-y-se-mete-en-la-pelea\/#article","isPartOf":{"@id":"https:\/\/futbolhoy.co\/index.php\/2024\/05\/18\/tolima-remonta-ante-la-equidad-y-se-mete-en-la-pelea\/"},"author":{"name":"contenido","@id":"https:\/\/futbolhoy.co\/#\/schema\/person\/1721b69355b6623eaff15ac7b92d4cc3"},"headline":"Tolima remonta ante La Equidad y se mete en la pelea","datePublished":"2024-05-19T00:33:12+00:00","dateModified":"2024-05-19T19:51:58+00:00","mainEntityOfPage":{"@id":"https:\/\/futbolhoy.co\/index.php\/2024\/05\/18\/tolima-remonta-ante-la-equidad-y-se-mete-en-la-pelea\/"},"wordCount":137,"commentCount":0,"publisher":{"@id":"https:\/\/futbolhoy.co\/#organization"},"image":{"@id":"https:\/\/futbolhoy.co\/index.php\/2024\/05\/18\/tolima-remonta-ante-la-equidad-y-se-mete-en-la-pelea\/#primaryimage"},"thumbnailUrl":"https:\/\/futbolhoy.co\/wp-content\/uploads\/2024\/05\/WhatsApp-Image-2024-05-18-at-7.31.55-PM.jpeg","articleSection":["Liga BetPlay"],"inLanguage":"es","potentialAction":[{"@type":"CommentAction","name":"Comment","target":["https:\/\/futbolhoy.co\/index.php\/2024\/05\/18\/tolima-remonta-ante-la-equidad-y-se-mete-en-la-pelea\/#respond"]}]},{"@type":"WebPage","@id":"https:\/\/futbolhoy.co\/index.php\/2024\/05\/18\/tolima-remonta-ante-la-equidad-y-se-mete-en-la-pelea\/","url":"https:\/\/futbolhoy.co\/index.php\/2024\/05\/18\/tolima-remonta-ante-la-equidad-y-se-mete-en-la-pelea\/","name":"Tolima remonta ante La Equidad y se mete en la pelea -","isPartOf":{"@id":"https:\/\/futbolhoy.co\/#website"},"primaryImageOfPage":{"@id":"https:\/\/futbolhoy.co\/index.php\/2024\/05\/18\/tolima-remonta-ante-la-equidad-y-se-mete-en-la-pelea\/#primaryimage"},"image":{"@id":"https:\/\/futbolhoy.co\/index.php\/2024\/05\/18\/tolima-remonta-ante-la-equidad-y-se-mete-en-la-pelea\/#primaryimage"},"thumbnailUrl":"https:\/\/futbolhoy.co\/wp-content\/uploads\/2024\/05\/WhatsApp-Image-2024-05-18-at-7.31.55-PM.jpeg","datePublished":"2024-05-19T00:33:12+00:00","dateModified":"2024-05-19T19:51:58+00:00","breadcrumb":{"@id":"https:\/\/futbolhoy.co\/index.php\/2024\/05\/18\/tolima-remonta-ante-la-equidad-y-se-mete-en-la-pelea\/#breadcrumb"},"inLanguage":"es","potentialAction":[{"@type":"ReadAction","target":["https:\/\/futbolhoy.co\/index.php\/2024\/05\/18\/tolima-remonta-ante-la-equidad-y-se-mete-en-la-pelea\/"]}]},{"@type":"ImageObject","inLanguage":"es","@id":"https:\/\/futbolhoy.co\/index.php\/2024\/05\/18\/tolima-remonta-ante-la-equidad-y-se-mete-en-la-pelea\/#primaryimage","url":"https:\/\/futbolhoy.co\/wp-content\/uploads\/2024\/05\/WhatsApp-Image-2024-05-18-at-7.31.55-PM.jpeg","contentUrl":"https:\/\/futbolhoy.co\/wp-content\/uploads\/2024\/05\/WhatsApp-Image-2024-05-18-at-7.31.55-PM.jpeg","width":1179,"height":1006},{"@type":"BreadcrumbList","@id":"https:\/\/futbolhoy.co\/index.php\/2024\/05\/18\/tolima-remonta-ante-la-equidad-y-se-mete-en-la-pelea\/#breadcrumb","itemListElement":[{"@type":"ListItem","position":1,"name":"Portada","item":"https:\/\/futbolhoy.co\/"},{"@type":"ListItem","position":2,"name":"Tolima remonta ante La Equidad y se mete en la pelea"}]},{"@type":"WebSite","@id":"https:\/\/futbolhoy.co\/#website","url":"https:\/\/futbolhoy.co\/","name":"FutbolHoy","description":"","publisher":{"@id":"https:\/\/futbolhoy.co\/#organization"},"potentialAction":[{"@type":"SearchAction","target":{"@type":"EntryPoint","urlTemplate":"https:\/\/futbolhoy.co\/?s={search_term_string}"},"query-input":{"@type":"PropertyValueSpecification","valueRequired":true,"valueName":"search_term_string"}}],"inLanguage":"es"},{"@type":"Organization","@id":"https:\/\/futbolhoy.co\/#organization","name":"Futbolhoy.co","url":"https:\/\/futbolhoy.co\/","logo":{"@type":"ImageObject","inLanguage":"es","@id":"https:\/\/futbolhoy.co\/#\/schema\/logo\/image\/","url":"https:\/\/futbolhoy.co\/wp-content\/uploads\/2018\/08\/17426380_1906371736249227_6326180412931521141_n.jpg","contentUrl":"https:\/\/futbolhoy.co\/wp-content\/uploads\/2018\/08\/17426380_1906371736249227_6326180412931521141_n.jpg","width":960,"height":960,"caption":"Futbolhoy.co"},"image":{"@id":"https:\/\/futbolhoy.co\/#\/schema\/logo\/image\/"},"sameAs":["https:\/\/www.facebook.com\/FutbolHoyCol\/","https:\/\/x.com\/FutbolHoyCol","https:\/\/www.instagram.com\/futbolhoycol\/"]},{"@type":"Person","@id":"https:\/\/futbolhoy.co\/#\/schema\/person\/1721b69355b6623eaff15ac7b92d4cc3","name":"contenido","image":{"@type":"ImageObject","inLanguage":"es","@id":"https:\/\/futbolhoy.co\/#\/schema\/person\/image\/","url":"https:\/\/secure.gravatar.com\/avatar\/4f656d3256f5134f466206e7c3941518?s=96&d=mm&r=g","contentUrl":"https:\/\/secure.gravatar.com\/avatar\/4f656d3256f5134f466206e7c3941518?s=96&d=mm&r=g","caption":"contenido"}}]}},"publishpress_future_action":{"enabled":false,"date":"2026-05-04 09:42:44","action":"change-status","newStatus":"draft","terms":[],"taxonomy":"category","extraData":[]},"publishpress_future_workflow_manual_trigger":{"enabledWorkflows":[]},"_links":{"self":[{"href":"https:\/\/futbolhoy.co\/index.php\/wp-json\/wp\/v2\/posts\/108486","targetHints":{"allow":["GET"]}}],"collection":[{"href":"https:\/\/futbolhoy.co\/index.php\/wp-json\/wp\/v2\/posts"}],"about":[{"href":"https:\/\/futbolhoy.co\/index.php\/wp-json\/wp\/v2\/types\/post"}],"author":[{"embeddable":true,"href":"https:\/\/futbolhoy.co\/index.php\/wp-json\/wp\/v2\/users\/4"}],"replies":[{"embeddable":true,"href":"https:\/\/futbolhoy.co\/index.php\/wp-json\/wp\/v2\/comments?post=108486"}],"version-history":[{"count":1,"href":"https:\/\/futbolhoy.co\/index.php\/wp-json\/wp\/v2\/posts\/108486\/revisions"}],"predecessor-version":[{"id":108488,"href":"https:\/\/futbolhoy.co\/index.php\/wp-json\/wp\/v2\/posts\/108486\/revisions\/108488"}],"wp:featuredmedia":[{"embeddable":true,"href":"https:\/\/futbolhoy.co\/index.php\/wp-json\/wp\/v2\/media\/108487"}],"wp:attachment":[{"href":"https:\/\/futbolhoy.co\/index.php\/wp-json\/wp\/v2\/media?parent=108486"}],"wp:term":[{"taxonomy":"category","embeddable":true,"href":"https:\/\/futbolhoy.co\/index.php\/wp-json\/wp\/v2\/categories?post=108486"},{"taxonomy":"post_tag","embeddable":true,"href":"https:\/\/futbolhoy.co\/index.php\/wp-json\/wp\/v2\/tags?post=108486"}],"curies":[{"name":"wp","href":"https:\/\/api.w.org\/{rel}","templated":true}]}}