{"id":10858,"date":"2017-12-07T09:46:01","date_gmt":"2017-12-07T14:46:01","guid":{"rendered":"http:\/\/futbolhoy.co\/?p=10858"},"modified":"2017-12-07T09:46:01","modified_gmt":"2017-12-07T14:46:01","slug":"concejo-de-medellin-condecoro-al-bolillo-gomez","status":"publish","type":"post","link":"https:\/\/futbolhoy.co\/index.php\/2017\/12\/07\/concejo-de-medellin-condecoro-al-bolillo-gomez\/","title":{"rendered":"Concejo de Medell\u00edn condecor\u00f3 al \u201cBolillo\u201d G\u00f3mez"},"content":{"rendered":"<p style=\"font-weight: 400; text-align: justify;\">El seleccionador de f\u00fatbol de <strong>Panam\u00e1<\/strong>, el antioque\u00f1o <strong>Hern\u00e1n Dar\u00edo \u201cBolillo\u201d<\/strong> G\u00f3mez, fue condecorado en el Concejo de Medell\u00edn con la Orden al M\u00e9rito Don Juan del Corral en grado oro, por sus logros deportivos.<\/p>\n<p style=\"font-weight: 400; text-align: justify;\">En la ceremonia, el concejal <strong>Carlos Alberto Zuluaga<\/strong> explic\u00f3 que el reconocimiento fue otorgado a G\u00f3mez por convertirse en el \u00abprimer t\u00e9cnico colombiano en llevar a tres selecciones diferentes a un Mundial\u00bb, logro que alcanz\u00f3 tras clasificar a Panam\u00e1 a <strong>Rusia 2018.<\/strong><\/p>\n<p>G\u00f3mez llev\u00f3 a la Selecci\u00f3n Colombia al Mundial de Francia&#8217;98 y clasific\u00f3 a Ecuador al Mundial de Corea del Sur-Jap\u00f3n 2002.<\/p>\n<p style=\"font-weight: 400; text-align: justify;\">El entrenador de 61 a\u00f1os estuvo acompa\u00f1ado por Francisco Maturana, Luis Fernando Montoya, Alexis Garc\u00eda y Pedro Sarmiento.<\/p>\n","protected":false},"excerpt":{"rendered":"<p>El seleccionador de f\u00fatbol de Panam\u00e1, el antioque\u00f1o Hern\u00e1n Dar\u00edo \u201cBolillo\u201d G\u00f3mez, fue condecorado en el Concejo de Medell\u00edn con la Orden al M\u00e9rito Don Juan del Corral en grado oro, por sus logros deportivos. En la ceremonia, el concejal Carlos Alberto Zuluaga explic\u00f3 que el reconocimiento fue otorgado a G\u00f3mez por convertirse en el [&hellip;]<\/p>\n","protected":false},"author":5,"featured_media":10852,"comment_status":"open","ping_status":"closed","sticky":false,"template":"","format":"standard","meta":{"_acf_changed":false,"footnotes":""},"categories":[5,152],"tags":[209],"class_list":{"0":"post-10858","1":"post","2":"type-post","3":"status-publish","4":"format-standard","5":"has-post-thumbnail","7":"category-destacados","8":"category-mundo-futbol","9":"tag-bolillo-gomez"},"acf":[],"_links":{"self":[{"href":"https:\/\/futbolhoy.co\/index.php\/wp-json\/wp\/v2\/posts\/10858","targetHints":{"allow":["GET"]}}],"collection":[{"href":"https:\/\/futbolhoy.co\/index.php\/wp-json\/wp\/v2\/posts"}],"about":[{"href":"https:\/\/futbolhoy.co\/index.php\/wp-json\/wp\/v2\/types\/post"}],"author":[{"embeddable":true,"href":"https:\/\/futbolhoy.co\/index.php\/wp-json\/wp\/v2\/users\/5"}],"replies":[{"embeddable":true,"href":"https:\/\/futbolhoy.co\/index.php\/wp-json\/wp\/v2\/comments?post=10858"}],"version-history":[{"count":1,"href":"https:\/\/futbolhoy.co\/index.php\/wp-json\/wp\/v2\/posts\/10858\/revisions"}],"predecessor-version":[{"id":10859,"href":"https:\/\/futbolhoy.co\/index.php\/wp-json\/wp\/v2\/posts\/10858\/revisions\/10859"}],"wp:featuredmedia":[{"embeddable":true,"href":"https:\/\/futbolhoy.co\/index.php\/wp-json\/wp\/v2\/media\/10852"}],"wp:attachment":[{"href":"https:\/\/futbolhoy.co\/index.php\/wp-json\/wp\/v2\/media?parent=10858"}],"wp:term":[{"taxonomy":"category","embeddable":true,"href":"https:\/\/futbolhoy.co\/index.php\/wp-json\/wp\/v2\/categories?post=10858"},{"taxonomy":"post_tag","embeddable":true,"href":"https:\/\/futbolhoy.co\/index.php\/wp-json\/wp\/v2\/tags?post=10858"}],"curies":[{"name":"wp","href":"https:\/\/api.w.org\/{rel}","templated":true}]}}