{"id":10929,"date":"2017-12-09T11:55:43","date_gmt":"2017-12-09T16:55:43","guid":{"rendered":"http:\/\/futbolhoy.co\/?p=10929"},"modified":"2017-12-12T09:50:53","modified_gmt":"2017-12-12T14:50:53","slug":"pelusso-nuevo-tecnico-del-deportivo-cali","status":"publish","type":"post","link":"https:\/\/futbolhoy.co\/index.php\/2017\/12\/09\/pelusso-nuevo-tecnico-del-deportivo-cali\/","title":{"rendered":"Pelusso nuevo t\u00e9cnico del Deportivo Cali"},"content":{"rendered":"<p style=\"text-align: justify;\">El entrenador uruguayo <strong>Gerardo Pelusso<\/strong> fue anunciado como t\u00e9cnico del <strong>Deportivo Cali<\/strong> para 2018.<\/p>\n<p style=\"text-align: justify;\">Pelusso, quien dirigi\u00f3 a <strong>Santa Fe<\/strong>, estar\u00e1 acompa\u00f1ado por los tambi\u00e9n uruguayos<strong> Liver Vespa<\/strong>, como su asistente, y <strong>Fernando Cal<\/strong>, como preparador f\u00edsico.<\/p>\n<p style=\"text-align: justify;\">\u201cPelusso llegar\u00e1 el lunes 11 de diciembre a Cali y se reunir\u00e1 con el Comit\u00e9 Ejecutivo para sellar su vinculaci\u00f3n con nuestra instituci\u00f3n\u2026.El nuevo cuerpo t\u00e9cnico ser\u00e1 presentado el pr\u00f3ximo mi\u00e9rcoles 13 de diciembre\u201d, anot\u00f3 el club en su cuenta de twitter.<\/p>\n<blockquote class=\"twitter-tweet\" data-lang=\"es\">\n<p dir=\"ltr\" lang=\"es\">\u00a1Buenos d\u00edas familia Verdiblanca! \u2600\ufe0f<a href=\"https:\/\/twitter.com\/hashtag\/Atenci%C3%B3n?src=hash&amp;ref_src=twsrc%5Etfw\">#Atenci\u00f3n<\/a> El profesor Gerardo Pelusso es nuevo t\u00e9cnico del Deportivo Cali \ud83d\udc9a\u26bd\ufe0f<\/p>\n<p>\ud83d\udcbb\u00a0Web: <a href=\"https:\/\/t.co\/lD4FrQwYtF\">https:\/\/t.co\/lD4FrQwYtF<\/a> <a href=\"https:\/\/twitter.com\/hashtag\/VamosCali?src=hash&amp;ref_src=twsrc%5Etfw\">#VamosCali<\/a> <a href=\"https:\/\/t.co\/UR2wosue4k\">pic.twitter.com\/UR2wosue4k<\/a><\/p>\n<p>\u2014 Deportivo Cali (@AsoDeporCali) <a href=\"https:\/\/twitter.com\/AsoDeporCali\/status\/939525310005080064?ref_src=twsrc%5Etfw\">9 de diciembre de 2017<\/a><\/p><\/blockquote>\n<p style=\"text-align: justify;\"><script async src=\"https:\/\/platform.twitter.com\/widgets.js\" charset=\"utf-8\"><\/script><\/p>\n","protected":false},"excerpt":{"rendered":"<p>El entrenador uruguayo Gerardo Pelusso fue anunciado como t\u00e9cnico del Deportivo Cali para 2018. Pelusso, quien dirigi\u00f3 a Santa Fe, estar\u00e1 acompa\u00f1ado por los tambi\u00e9n uruguayos Liver Vespa, como su asistente, y Fernando Cal, como preparador f\u00edsico. \u201cPelusso llegar\u00e1 el lunes 11 de diciembre a Cali y se reunir\u00e1 con el Comit\u00e9 Ejecutivo para sellar [&hellip;]<\/p>\n","protected":false},"author":5,"featured_media":10930,"comment_status":"open","ping_status":"closed","sticky":false,"template":"","format":"standard","meta":{"_acf_changed":false,"footnotes":""},"categories":[7],"tags":[264,145,466],"class_list":{"0":"post-10929","1":"post","2":"type-post","3":"status-publish","4":"format-standard","5":"has-post-thumbnail","7":"category-liga-betplay","8":"tag-deportivo-cali","9":"tag-liga-aguila","10":"tag-pelusso"},"acf":[],"_links":{"self":[{"href":"https:\/\/futbolhoy.co\/index.php\/wp-json\/wp\/v2\/posts\/10929","targetHints":{"allow":["GET"]}}],"collection":[{"href":"https:\/\/futbolhoy.co\/index.php\/wp-json\/wp\/v2\/posts"}],"about":[{"href":"https:\/\/futbolhoy.co\/index.php\/wp-json\/wp\/v2\/types\/post"}],"author":[{"embeddable":true,"href":"https:\/\/futbolhoy.co\/index.php\/wp-json\/wp\/v2\/users\/5"}],"replies":[{"embeddable":true,"href":"https:\/\/futbolhoy.co\/index.php\/wp-json\/wp\/v2\/comments?post=10929"}],"version-history":[{"count":1,"href":"https:\/\/futbolhoy.co\/index.php\/wp-json\/wp\/v2\/posts\/10929\/revisions"}],"predecessor-version":[{"id":10931,"href":"https:\/\/futbolhoy.co\/index.php\/wp-json\/wp\/v2\/posts\/10929\/revisions\/10931"}],"wp:featuredmedia":[{"embeddable":true,"href":"https:\/\/futbolhoy.co\/index.php\/wp-json\/wp\/v2\/media\/10930"}],"wp:attachment":[{"href":"https:\/\/futbolhoy.co\/index.php\/wp-json\/wp\/v2\/media?parent=10929"}],"wp:term":[{"taxonomy":"category","embeddable":true,"href":"https:\/\/futbolhoy.co\/index.php\/wp-json\/wp\/v2\/categories?post=10929"},{"taxonomy":"post_tag","embeddable":true,"href":"https:\/\/futbolhoy.co\/index.php\/wp-json\/wp\/v2\/tags?post=10929"}],"curies":[{"name":"wp","href":"https:\/\/api.w.org\/{rel}","templated":true}]}}