{"id":109344,"date":"2024-06-11T09:12:42","date_gmt":"2024-06-11T14:12:42","guid":{"rendered":"https:\/\/futbolhoy.co\/?p=109344"},"modified":"2024-06-12T21:53:02","modified_gmt":"2024-06-13T02:53:02","slug":"lewandowski-sera-baja-en-debut-de-polonia-en-la-eurocopa","status":"publish","type":"post","link":"https:\/\/futbolhoy.co\/index.php\/2024\/06\/11\/lewandowski-sera-baja-en-debut-de-polonia-en-la-eurocopa\/","title":{"rendered":"Lewandowski ser\u00e1 baja en debut de Polonia en la Eurocopa"},"content":{"rendered":"<p style=\"text-align: justify;\"><span style=\"font-family: helvetica, arial, sans-serif;\"><b>Robert Lewandowski ser\u00e1 baja de Polonia en la Eurocopa<\/b><span style=\"font-weight: 400;\">. El delantero del Barcelona no podr\u00e1 estar en el partido ante Pa\u00edses Bajos el pr\u00f3ximo domingo en el debut de su selecci\u00f3n,<\/span><b> confirm\u00f3 la Federaci\u00f3n este martes.<\/b><\/span><\/p>\n<p style=\"text-align: justify;\"><span style=\"font-family: helvetica, arial, sans-serif;\"><span style=\"font-weight: 400;\">Tras ser examinado en el <\/span><b>Enel-Med Szpital Centrum por los servicios m\u00e9dicos de la selecci\u00f3n, <\/b><span style=\"font-weight: 400;\">Lewandowski, que se lesion\u00f3 este lunes en el partido amistoso disputado ante Turqu\u00eda, sufri\u00f3 \"un desgarro en el b\u00edceps femoral\", con lo que se perder\u00e1 el encuentro que se disputar\u00e1 en el Volksparkstadion de Hamburgo.<\/span><\/span><\/p>\n<p style=\"text-align: justify;\"><span style=\"font-family: helvetica, arial, sans-serif;\"><span style=\"font-weight: 400;\">\"Estamos haciendo todo lo posible para que Robert pueda jugar el segundo partido, contra Austria\", afirm\u00f3 Jacek Jaroszewski, <\/span><b>m\u00e9dico del equipo nacional polaco, que tambi\u00e9n confirm\u00f3 que Pawel <\/b><span style=\"font-weight: 400;\">Dawidowicz sufre una distensi\u00f3n en el cu\u00e1driceps y Karol Swiderski un esguince de tobillo sin da\u00f1os importantes, por lo que espera que puedan volver a ejercitarse en tres o cuatro d\u00edas.<\/span><\/span><\/p>\n<p style=\"text-align: justify;\"><span style=\"font-family: helvetica, arial, sans-serif;\"><span style=\"font-weight: 400;\">La baja de <\/span><b>Lewandowski es un golpe duro para el equipo que dirige Michal Probierz,<\/b><span style=\"font-weight: 400;\"> que hace tres d\u00edas ya confirm\u00f3 otra baja importante para la Eurocopa en el ataque, la del delantero de Juventus Tur\u00edn Arkadiusz Milik.\u00a0<\/span><\/span><\/p>\n<p style=\"text-align: justify;\"><span style=\"font-family: helvetica, arial, sans-serif;\"><span style=\"font-weight: 400;\">Mientras tanto, Pa\u00edses Bajos tambi\u00e9n confirm\u00f3 la baja de otro jugador cul\u00e9, Frenkie de Jong, para toda la Eurocopa al no estar recuperado de los problemas de tobillo con los que lleg\u00f3 a la <\/span><b>concentraci\u00f3n, y que ya ha sido sustituido por Ian Maatsen.<\/b><\/span><\/p>\n","protected":false},"excerpt":{"rendered":"<p>Robert Lewandowski ser\u00e1 baja de Polonia en la Eurocopa. El delantero del Barcelona no podr\u00e1 estar en el partido ante Pa\u00edses Bajos el pr\u00f3ximo domingo en el debut de su selecci\u00f3n, confirm\u00f3 la Federaci\u00f3n este martes. Tras ser examinado en el Enel-Med Szpital Centrum por los servicios m\u00e9dicos de la selecci\u00f3n, Lewandowski, que se lesion\u00f3 [&hellip;]<\/p>\n","protected":false},"author":4,"featured_media":109345,"comment_status":"open","ping_status":"open","sticky":false,"template":"","format":"standard","meta":{"_acf_changed":false,"footnotes":""},"categories":[152],"tags":[],"class_list":{"0":"post-109344","1":"post","2":"type-post","3":"status-publish","4":"format-standard","5":"has-post-thumbnail","7":"category-mundo-futbol"},"acf":[],"yoast_head":"<!-- This site is optimized with the Yoast SEO plugin v26.8 - https:\/\/yoast.com\/product\/yoast-seo-wordpress\/ -->\n<title>Lewandowski ser\u00e1 baja en debut de Polonia en la Eurocopa -<\/title>\n<meta name=\"robots\" content=\"index, follow, max-snippet:-1, max-image-preview:large, max-video-preview:-1\" \/>\n<link rel=\"canonical\" href=\"https:\/\/futbolhoy.co\/index.php\/2024\/06\/11\/lewandowski-sera-baja-en-debut-de-polonia-en-la-eurocopa\/\" \/>\n<meta property=\"og:locale\" content=\"es_ES\" \/>\n<meta property=\"og:type\" content=\"article\" \/>\n<meta property=\"og:title\" content=\"Lewandowski ser\u00e1 baja en debut de Polonia en la Eurocopa -\" \/>\n<meta property=\"og:description\" content=\"Robert Lewandowski ser\u00e1 baja de Polonia en la Eurocopa. El delantero del Barcelona no podr\u00e1 estar en el partido ante Pa\u00edses Bajos el pr\u00f3ximo domingo en el debut de su selecci\u00f3n, confirm\u00f3 la Federaci\u00f3n este martes. Tras ser examinado en el Enel-Med Szpital Centrum por los servicios m\u00e9dicos de la selecci\u00f3n, Lewandowski, que se lesion\u00f3 [&hellip;]\" \/>\n<meta property=\"og:url\" content=\"https:\/\/futbolhoy.co\/index.php\/2024\/06\/11\/lewandowski-sera-baja-en-debut-de-polonia-en-la-eurocopa\/\" \/>\n<meta property=\"article:publisher\" content=\"https:\/\/www.facebook.com\/FutbolHoyCol\/\" \/>\n<meta property=\"article:published_time\" content=\"2024-06-11T14:12:42+00:00\" \/>\n<meta property=\"article:modified_time\" content=\"2024-06-13T02:53:02+00:00\" \/>\n<meta property=\"og:image\" content=\"https:\/\/futbolhoy.co\/wp-content\/uploads\/2024\/06\/GPyySzsXEAAIIf6.jpeg\" \/>\n\t<meta property=\"og:image:width\" content=\"640\" \/>\n\t<meta property=\"og:image:height\" content=\"480\" \/>\n\t<meta property=\"og:image:type\" content=\"image\/jpeg\" \/>\n<meta name=\"author\" content=\"contenido\" \/>\n<meta name=\"twitter:card\" content=\"summary_large_image\" \/>\n<meta name=\"twitter:creator\" content=\"@FutbolHoyCol\" \/>\n<meta name=\"twitter:site\" content=\"@FutbolHoyCol\" \/>\n<meta name=\"twitter:label1\" content=\"Escrito por\" \/>\n\t<meta name=\"twitter:data1\" content=\"contenido\" \/>\n\t<meta name=\"twitter:label2\" content=\"Tiempo de lectura\" \/>\n\t<meta name=\"twitter:data2\" content=\"1 minuto\" \/>\n<script type=\"application\/ld+json\" class=\"yoast-schema-graph\">{\"@context\":\"https:\/\/schema.org\",\"@graph\":[{\"@type\":\"Article\",\"@id\":\"https:\/\/futbolhoy.co\/index.php\/2024\/06\/11\/lewandowski-sera-baja-en-debut-de-polonia-en-la-eurocopa\/#article\",\"isPartOf\":{\"@id\":\"https:\/\/futbolhoy.co\/index.php\/2024\/06\/11\/lewandowski-sera-baja-en-debut-de-polonia-en-la-eurocopa\/\"},\"author\":{\"name\":\"contenido\",\"@id\":\"https:\/\/futbolhoy.co\/#\/schema\/person\/1721b69355b6623eaff15ac7b92d4cc3\"},\"headline\":\"Lewandowski ser\u00e1 baja en debut de Polonia en la Eurocopa\",\"datePublished\":\"2024-06-11T14:12:42+00:00\",\"dateModified\":\"2024-06-13T02:53:02+00:00\",\"mainEntityOfPage\":{\"@id\":\"https:\/\/futbolhoy.co\/index.php\/2024\/06\/11\/lewandowski-sera-baja-en-debut-de-polonia-en-la-eurocopa\/\"},\"wordCount\":256,\"commentCount\":0,\"publisher\":{\"@id\":\"https:\/\/futbolhoy.co\/#organization\"},\"image\":{\"@id\":\"https:\/\/futbolhoy.co\/index.php\/2024\/06\/11\/lewandowski-sera-baja-en-debut-de-polonia-en-la-eurocopa\/#primaryimage\"},\"thumbnailUrl\":\"https:\/\/futbolhoy.co\/wp-content\/uploads\/2024\/06\/GPyySzsXEAAIIf6.jpeg\",\"articleSection\":[\"Mundo Futbol\"],\"inLanguage\":\"es\",\"potentialAction\":[{\"@type\":\"CommentAction\",\"name\":\"Comment\",\"target\":[\"https:\/\/futbolhoy.co\/index.php\/2024\/06\/11\/lewandowski-sera-baja-en-debut-de-polonia-en-la-eurocopa\/#respond\"]}]},{\"@type\":\"WebPage\",\"@id\":\"https:\/\/futbolhoy.co\/index.php\/2024\/06\/11\/lewandowski-sera-baja-en-debut-de-polonia-en-la-eurocopa\/\",\"url\":\"https:\/\/futbolhoy.co\/index.php\/2024\/06\/11\/lewandowski-sera-baja-en-debut-de-polonia-en-la-eurocopa\/\",\"name\":\"Lewandowski ser\u00e1 baja en debut de Polonia en la Eurocopa -\",\"isPartOf\":{\"@id\":\"https:\/\/futbolhoy.co\/#website\"},\"primaryImageOfPage\":{\"@id\":\"https:\/\/futbolhoy.co\/index.php\/2024\/06\/11\/lewandowski-sera-baja-en-debut-de-polonia-en-la-eurocopa\/#primaryimage\"},\"image\":{\"@id\":\"https:\/\/futbolhoy.co\/index.php\/2024\/06\/11\/lewandowski-sera-baja-en-debut-de-polonia-en-la-eurocopa\/#primaryimage\"},\"thumbnailUrl\":\"https:\/\/futbolhoy.co\/wp-content\/uploads\/2024\/06\/GPyySzsXEAAIIf6.jpeg\",\"datePublished\":\"2024-06-11T14:12:42+00:00\",\"dateModified\":\"2024-06-13T02:53:02+00:00\",\"breadcrumb\":{\"@id\":\"https:\/\/futbolhoy.co\/index.php\/2024\/06\/11\/lewandowski-sera-baja-en-debut-de-polonia-en-la-eurocopa\/#breadcrumb\"},\"inLanguage\":\"es\",\"potentialAction\":[{\"@type\":\"ReadAction\",\"target\":[\"https:\/\/futbolhoy.co\/index.php\/2024\/06\/11\/lewandowski-sera-baja-en-debut-de-polonia-en-la-eurocopa\/\"]}]},{\"@type\":\"ImageObject\",\"inLanguage\":\"es\",\"@id\":\"https:\/\/futbolhoy.co\/index.php\/2024\/06\/11\/lewandowski-sera-baja-en-debut-de-polonia-en-la-eurocopa\/#primaryimage\",\"url\":\"https:\/\/futbolhoy.co\/wp-content\/uploads\/2024\/06\/GPyySzsXEAAIIf6.jpeg\",\"contentUrl\":\"https:\/\/futbolhoy.co\/wp-content\/uploads\/2024\/06\/GPyySzsXEAAIIf6.jpeg\",\"width\":640,\"height\":480},{\"@type\":\"BreadcrumbList\",\"@id\":\"https:\/\/futbolhoy.co\/index.php\/2024\/06\/11\/lewandowski-sera-baja-en-debut-de-polonia-en-la-eurocopa\/#breadcrumb\",\"itemListElement\":[{\"@type\":\"ListItem\",\"position\":1,\"name\":\"Portada\",\"item\":\"https:\/\/futbolhoy.co\/\"},{\"@type\":\"ListItem\",\"position\":2,\"name\":\"Lewandowski ser\u00e1 baja en debut de Polonia en la Eurocopa\"}]},{\"@type\":\"WebSite\",\"@id\":\"https:\/\/futbolhoy.co\/#website\",\"url\":\"https:\/\/futbolhoy.co\/\",\"name\":\"FutbolHoy\",\"description\":\"\",\"publisher\":{\"@id\":\"https:\/\/futbolhoy.co\/#organization\"},\"potentialAction\":[{\"@type\":\"SearchAction\",\"target\":{\"@type\":\"EntryPoint\",\"urlTemplate\":\"https:\/\/futbolhoy.co\/?s={search_term_string}\"},\"query-input\":{\"@type\":\"PropertyValueSpecification\",\"valueRequired\":true,\"valueName\":\"search_term_string\"}}],\"inLanguage\":\"es\"},{\"@type\":\"Organization\",\"@id\":\"https:\/\/futbolhoy.co\/#organization\",\"name\":\"Futbolhoy.co\",\"url\":\"https:\/\/futbolhoy.co\/\",\"logo\":{\"@type\":\"ImageObject\",\"inLanguage\":\"es\",\"@id\":\"https:\/\/futbolhoy.co\/#\/schema\/logo\/image\/\",\"url\":\"https:\/\/futbolhoy.co\/wp-content\/uploads\/2018\/08\/17426380_1906371736249227_6326180412931521141_n.jpg\",\"contentUrl\":\"https:\/\/futbolhoy.co\/wp-content\/uploads\/2018\/08\/17426380_1906371736249227_6326180412931521141_n.jpg\",\"width\":960,\"height\":960,\"caption\":\"Futbolhoy.co\"},\"image\":{\"@id\":\"https:\/\/futbolhoy.co\/#\/schema\/logo\/image\/\"},\"sameAs\":[\"https:\/\/www.facebook.com\/FutbolHoyCol\/\",\"https:\/\/x.com\/FutbolHoyCol\",\"https:\/\/www.instagram.com\/futbolhoycol\/\"]},{\"@type\":\"Person\",\"@id\":\"https:\/\/futbolhoy.co\/#\/schema\/person\/1721b69355b6623eaff15ac7b92d4cc3\",\"name\":\"contenido\",\"image\":{\"@type\":\"ImageObject\",\"inLanguage\":\"es\",\"@id\":\"https:\/\/futbolhoy.co\/#\/schema\/person\/image\/\",\"url\":\"https:\/\/secure.gravatar.com\/avatar\/4f656d3256f5134f466206e7c3941518?s=96&d=mm&r=g\",\"contentUrl\":\"https:\/\/secure.gravatar.com\/avatar\/4f656d3256f5134f466206e7c3941518?s=96&d=mm&r=g\",\"caption\":\"contenido\"}}]}<\/script>\n<!-- \/ Yoast SEO plugin. -->","yoast_head_json":{"title":"Lewandowski ser\u00e1 baja en debut de Polonia en la Eurocopa -","robots":{"index":"index","follow":"follow","max-snippet":"max-snippet:-1","max-image-preview":"max-image-preview:large","max-video-preview":"max-video-preview:-1"},"canonical":"https:\/\/futbolhoy.co\/index.php\/2024\/06\/11\/lewandowski-sera-baja-en-debut-de-polonia-en-la-eurocopa\/","og_locale":"es_ES","og_type":"article","og_title":"Lewandowski ser\u00e1 baja en debut de Polonia en la Eurocopa -","og_description":"Robert Lewandowski ser\u00e1 baja de Polonia en la Eurocopa. El delantero del Barcelona no podr\u00e1 estar en el partido ante Pa\u00edses Bajos el pr\u00f3ximo domingo en el debut de su selecci\u00f3n, confirm\u00f3 la Federaci\u00f3n este martes. Tras ser examinado en el Enel-Med Szpital Centrum por los servicios m\u00e9dicos de la selecci\u00f3n, Lewandowski, que se lesion\u00f3 [&hellip;]","og_url":"https:\/\/futbolhoy.co\/index.php\/2024\/06\/11\/lewandowski-sera-baja-en-debut-de-polonia-en-la-eurocopa\/","article_publisher":"https:\/\/www.facebook.com\/FutbolHoyCol\/","article_published_time":"2024-06-11T14:12:42+00:00","article_modified_time":"2024-06-13T02:53:02+00:00","og_image":[{"width":640,"height":480,"url":"https:\/\/futbolhoy.co\/wp-content\/uploads\/2024\/06\/GPyySzsXEAAIIf6.jpeg","type":"image\/jpeg"}],"author":"contenido","twitter_card":"summary_large_image","twitter_creator":"@FutbolHoyCol","twitter_site":"@FutbolHoyCol","twitter_misc":{"Escrito por":"contenido","Tiempo de lectura":"1 minuto"},"schema":{"@context":"https:\/\/schema.org","@graph":[{"@type":"Article","@id":"https:\/\/futbolhoy.co\/index.php\/2024\/06\/11\/lewandowski-sera-baja-en-debut-de-polonia-en-la-eurocopa\/#article","isPartOf":{"@id":"https:\/\/futbolhoy.co\/index.php\/2024\/06\/11\/lewandowski-sera-baja-en-debut-de-polonia-en-la-eurocopa\/"},"author":{"name":"contenido","@id":"https:\/\/futbolhoy.co\/#\/schema\/person\/1721b69355b6623eaff15ac7b92d4cc3"},"headline":"Lewandowski ser\u00e1 baja en debut de Polonia en la Eurocopa","datePublished":"2024-06-11T14:12:42+00:00","dateModified":"2024-06-13T02:53:02+00:00","mainEntityOfPage":{"@id":"https:\/\/futbolhoy.co\/index.php\/2024\/06\/11\/lewandowski-sera-baja-en-debut-de-polonia-en-la-eurocopa\/"},"wordCount":256,"commentCount":0,"publisher":{"@id":"https:\/\/futbolhoy.co\/#organization"},"image":{"@id":"https:\/\/futbolhoy.co\/index.php\/2024\/06\/11\/lewandowski-sera-baja-en-debut-de-polonia-en-la-eurocopa\/#primaryimage"},"thumbnailUrl":"https:\/\/futbolhoy.co\/wp-content\/uploads\/2024\/06\/GPyySzsXEAAIIf6.jpeg","articleSection":["Mundo Futbol"],"inLanguage":"es","potentialAction":[{"@type":"CommentAction","name":"Comment","target":["https:\/\/futbolhoy.co\/index.php\/2024\/06\/11\/lewandowski-sera-baja-en-debut-de-polonia-en-la-eurocopa\/#respond"]}]},{"@type":"WebPage","@id":"https:\/\/futbolhoy.co\/index.php\/2024\/06\/11\/lewandowski-sera-baja-en-debut-de-polonia-en-la-eurocopa\/","url":"https:\/\/futbolhoy.co\/index.php\/2024\/06\/11\/lewandowski-sera-baja-en-debut-de-polonia-en-la-eurocopa\/","name":"Lewandowski ser\u00e1 baja en debut de Polonia en la Eurocopa -","isPartOf":{"@id":"https:\/\/futbolhoy.co\/#website"},"primaryImageOfPage":{"@id":"https:\/\/futbolhoy.co\/index.php\/2024\/06\/11\/lewandowski-sera-baja-en-debut-de-polonia-en-la-eurocopa\/#primaryimage"},"image":{"@id":"https:\/\/futbolhoy.co\/index.php\/2024\/06\/11\/lewandowski-sera-baja-en-debut-de-polonia-en-la-eurocopa\/#primaryimage"},"thumbnailUrl":"https:\/\/futbolhoy.co\/wp-content\/uploads\/2024\/06\/GPyySzsXEAAIIf6.jpeg","datePublished":"2024-06-11T14:12:42+00:00","dateModified":"2024-06-13T02:53:02+00:00","breadcrumb":{"@id":"https:\/\/futbolhoy.co\/index.php\/2024\/06\/11\/lewandowski-sera-baja-en-debut-de-polonia-en-la-eurocopa\/#breadcrumb"},"inLanguage":"es","potentialAction":[{"@type":"ReadAction","target":["https:\/\/futbolhoy.co\/index.php\/2024\/06\/11\/lewandowski-sera-baja-en-debut-de-polonia-en-la-eurocopa\/"]}]},{"@type":"ImageObject","inLanguage":"es","@id":"https:\/\/futbolhoy.co\/index.php\/2024\/06\/11\/lewandowski-sera-baja-en-debut-de-polonia-en-la-eurocopa\/#primaryimage","url":"https:\/\/futbolhoy.co\/wp-content\/uploads\/2024\/06\/GPyySzsXEAAIIf6.jpeg","contentUrl":"https:\/\/futbolhoy.co\/wp-content\/uploads\/2024\/06\/GPyySzsXEAAIIf6.jpeg","width":640,"height":480},{"@type":"BreadcrumbList","@id":"https:\/\/futbolhoy.co\/index.php\/2024\/06\/11\/lewandowski-sera-baja-en-debut-de-polonia-en-la-eurocopa\/#breadcrumb","itemListElement":[{"@type":"ListItem","position":1,"name":"Portada","item":"https:\/\/futbolhoy.co\/"},{"@type":"ListItem","position":2,"name":"Lewandowski ser\u00e1 baja en debut de Polonia en la Eurocopa"}]},{"@type":"WebSite","@id":"https:\/\/futbolhoy.co\/#website","url":"https:\/\/futbolhoy.co\/","name":"FutbolHoy","description":"","publisher":{"@id":"https:\/\/futbolhoy.co\/#organization"},"potentialAction":[{"@type":"SearchAction","target":{"@type":"EntryPoint","urlTemplate":"https:\/\/futbolhoy.co\/?s={search_term_string}"},"query-input":{"@type":"PropertyValueSpecification","valueRequired":true,"valueName":"search_term_string"}}],"inLanguage":"es"},{"@type":"Organization","@id":"https:\/\/futbolhoy.co\/#organization","name":"Futbolhoy.co","url":"https:\/\/futbolhoy.co\/","logo":{"@type":"ImageObject","inLanguage":"es","@id":"https:\/\/futbolhoy.co\/#\/schema\/logo\/image\/","url":"https:\/\/futbolhoy.co\/wp-content\/uploads\/2018\/08\/17426380_1906371736249227_6326180412931521141_n.jpg","contentUrl":"https:\/\/futbolhoy.co\/wp-content\/uploads\/2018\/08\/17426380_1906371736249227_6326180412931521141_n.jpg","width":960,"height":960,"caption":"Futbolhoy.co"},"image":{"@id":"https:\/\/futbolhoy.co\/#\/schema\/logo\/image\/"},"sameAs":["https:\/\/www.facebook.com\/FutbolHoyCol\/","https:\/\/x.com\/FutbolHoyCol","https:\/\/www.instagram.com\/futbolhoycol\/"]},{"@type":"Person","@id":"https:\/\/futbolhoy.co\/#\/schema\/person\/1721b69355b6623eaff15ac7b92d4cc3","name":"contenido","image":{"@type":"ImageObject","inLanguage":"es","@id":"https:\/\/futbolhoy.co\/#\/schema\/person\/image\/","url":"https:\/\/secure.gravatar.com\/avatar\/4f656d3256f5134f466206e7c3941518?s=96&d=mm&r=g","contentUrl":"https:\/\/secure.gravatar.com\/avatar\/4f656d3256f5134f466206e7c3941518?s=96&d=mm&r=g","caption":"contenido"}}]}},"publishpress_future_action":{"enabled":false,"date":"2026-05-05 11:12:16","action":"change-status","newStatus":"draft","terms":[],"taxonomy":"category","extraData":[]},"publishpress_future_workflow_manual_trigger":{"enabledWorkflows":[]},"_links":{"self":[{"href":"https:\/\/futbolhoy.co\/index.php\/wp-json\/wp\/v2\/posts\/109344","targetHints":{"allow":["GET"]}}],"collection":[{"href":"https:\/\/futbolhoy.co\/index.php\/wp-json\/wp\/v2\/posts"}],"about":[{"href":"https:\/\/futbolhoy.co\/index.php\/wp-json\/wp\/v2\/types\/post"}],"author":[{"embeddable":true,"href":"https:\/\/futbolhoy.co\/index.php\/wp-json\/wp\/v2\/users\/4"}],"replies":[{"embeddable":true,"href":"https:\/\/futbolhoy.co\/index.php\/wp-json\/wp\/v2\/comments?post=109344"}],"version-history":[{"count":1,"href":"https:\/\/futbolhoy.co\/index.php\/wp-json\/wp\/v2\/posts\/109344\/revisions"}],"predecessor-version":[{"id":109346,"href":"https:\/\/futbolhoy.co\/index.php\/wp-json\/wp\/v2\/posts\/109344\/revisions\/109346"}],"wp:featuredmedia":[{"embeddable":true,"href":"https:\/\/futbolhoy.co\/index.php\/wp-json\/wp\/v2\/media\/109345"}],"wp:attachment":[{"href":"https:\/\/futbolhoy.co\/index.php\/wp-json\/wp\/v2\/media?parent=109344"}],"wp:term":[{"taxonomy":"category","embeddable":true,"href":"https:\/\/futbolhoy.co\/index.php\/wp-json\/wp\/v2\/categories?post=109344"},{"taxonomy":"post_tag","embeddable":true,"href":"https:\/\/futbolhoy.co\/index.php\/wp-json\/wp\/v2\/tags?post=109344"}],"curies":[{"name":"wp","href":"https:\/\/api.w.org\/{rel}","templated":true}]}}