{"id":109347,"date":"2024-06-11T18:56:59","date_gmt":"2024-06-11T23:56:59","guid":{"rendered":"https:\/\/futbolhoy.co\/?p=109347"},"modified":"2024-06-13T07:57:10","modified_gmt":"2024-06-13T12:57:10","slug":"sinisterra-hablo-del-favoritismo-de-colombia-para-la-copa-america","status":"publish","type":"post","link":"https:\/\/futbolhoy.co\/index.php\/2024\/06\/11\/sinisterra-hablo-del-favoritismo-de-colombia-para-la-copa-america\/","title":{"rendered":"Sinisterra habl\u00f3 del favoritismo de Colombia para la Copa Am\u00e9rica"},"content":{"rendered":"<p style=\"text-align: justify;\"><span style=\"font-family: helvetica, arial, sans-serif;\"><strong>Luis Sinisterra<\/strong> volvi\u00f3 a jugar un partido luego de haber sufrido una lesi\u00f3n con su club, <strong>Bournemouth<\/strong>, a mediados de abril ante <strong>Manchester United<\/strong>. El amistoso de <strong>Colombia<\/strong> ante<strong> Estados Unidos<\/strong> que termin\u00f3 en goleada 1-5, marc\u00f3 su regreso, en el que aport\u00f3 un gol y una asistencia.<\/span><\/p>\n<p><span style=\"font-family: helvetica, arial, sans-serif;\">En atenci\u00f3n a medios de comunicaci\u00f3n, el jugador caucano habl\u00f3 del juego ante los norteamericanos y lo que signific\u00f3 ese regreso. Asimismo, habl\u00f3 del favoritismo de Colombia para el torneo continental.<\/span><\/p>\n<p style=\"text-align: justify;\"><span style=\"font-family: helvetica, arial, sans-serif;\">\u201cCon este rendimiento y las victorias obviamente se crea el ambiente de favoritismo y competitividad\u201d, dijo sobre lo que se dice del equipo dirigido por <strong>N\u00e9stor Lorenzo.<\/strong><\/span><\/p>\n<p style=\"text-align: justify;\"><span style=\"font-family: helvetica, arial, sans-serif;\">Por su parte, agreg\u00f3 que: \u201cSeguimos trabajando con humildad, enfrentando cada partido con toda la seriedad posible. El torneo ser\u00e1 de otra manera, y tendremos que jugar cada partido, prepar\u00e1ndonos de la mejor manera para eso\u201d.<\/span><\/p>\n<p style=\"text-align: justify;\"><span style=\"font-family: helvetica, arial, sans-serif;\">Colombia tendr\u00e1 su pr\u00f3ximo juego ante <strong>Bolivia<\/strong> el s\u00e1bado 15 de junio en <strong>Hartford, Connecticut.<\/strong> Posteriormente, llegar\u00e1 el estreno por la <strong>Copa Am\u00e9rica<\/strong> ante Paraguay, luego se medir\u00e1n con <strong>Costa Rica<\/strong> y cerrar\u00e1n con <strong>Brasil<\/strong>.<\/span><\/p>\n","protected":false},"excerpt":{"rendered":"<p>Luis Sinisterra volvi\u00f3 a jugar un partido luego de haber sufrido una lesi\u00f3n con su club, Bournemouth, a mediados de abril ante Manchester United. El amistoso de Colombia ante Estados Unidos que termin\u00f3 en goleada 1-5, marc\u00f3 su regreso, en el que aport\u00f3 un gol y una asistencia. En atenci\u00f3n a medios de comunicaci\u00f3n, el [&hellip;]<\/p>\n","protected":false},"author":4,"featured_media":109348,"comment_status":"open","ping_status":"open","sticky":false,"template":"","format":"standard","meta":{"_acf_changed":false,"footnotes":""},"categories":[418],"tags":[],"class_list":{"0":"post-109347","1":"post","2":"type-post","3":"status-publish","4":"format-standard","5":"has-post-thumbnail","7":"category-colombia"},"acf":[],"yoast_head":"<!-- This site is optimized with the Yoast SEO plugin v26.8 - https:\/\/yoast.com\/product\/yoast-seo-wordpress\/ -->\n<title>Sinisterra habl\u00f3 del favoritismo de Colombia para la Copa Am\u00e9rica -<\/title>\n<meta name=\"robots\" content=\"index, follow, max-snippet:-1, max-image-preview:large, max-video-preview:-1\" \/>\n<link rel=\"canonical\" href=\"https:\/\/futbolhoy.co\/index.php\/2024\/06\/11\/sinisterra-hablo-del-favoritismo-de-colombia-para-la-copa-america\/\" \/>\n<meta property=\"og:locale\" content=\"es_ES\" \/>\n<meta property=\"og:type\" content=\"article\" \/>\n<meta property=\"og:title\" content=\"Sinisterra habl\u00f3 del favoritismo de Colombia para la Copa Am\u00e9rica -\" \/>\n<meta property=\"og:description\" content=\"Luis Sinisterra volvi\u00f3 a jugar un partido luego de haber sufrido una lesi\u00f3n con su club, Bournemouth, a mediados de abril ante Manchester United. El amistoso de Colombia ante Estados Unidos que termin\u00f3 en goleada 1-5, marc\u00f3 su regreso, en el que aport\u00f3 un gol y una asistencia. En atenci\u00f3n a medios de comunicaci\u00f3n, el [&hellip;]\" \/>\n<meta property=\"og:url\" content=\"https:\/\/futbolhoy.co\/index.php\/2024\/06\/11\/sinisterra-hablo-del-favoritismo-de-colombia-para-la-copa-america\/\" \/>\n<meta property=\"article:publisher\" content=\"https:\/\/www.facebook.com\/FutbolHoyCol\/\" \/>\n<meta property=\"article:published_time\" content=\"2024-06-11T23:56:59+00:00\" \/>\n<meta property=\"article:modified_time\" content=\"2024-06-13T12:57:10+00:00\" \/>\n<meta property=\"og:image\" content=\"https:\/\/futbolhoy.co\/wp-content\/uploads\/2024\/06\/IMG_3027.jpeg\" \/>\n\t<meta property=\"og:image:width\" content=\"1080\" \/>\n\t<meta property=\"og:image:height\" content=\"1080\" \/>\n\t<meta property=\"og:image:type\" content=\"image\/jpeg\" \/>\n<meta name=\"author\" content=\"contenido\" \/>\n<meta name=\"twitter:card\" content=\"summary_large_image\" \/>\n<meta name=\"twitter:creator\" content=\"@FutbolHoyCol\" \/>\n<meta name=\"twitter:site\" content=\"@FutbolHoyCol\" \/>\n<meta name=\"twitter:label1\" content=\"Escrito por\" \/>\n\t<meta name=\"twitter:data1\" content=\"contenido\" \/>\n\t<meta name=\"twitter:label2\" content=\"Tiempo de lectura\" \/>\n\t<meta name=\"twitter:data2\" content=\"1 minuto\" \/>\n<script type=\"application\/ld+json\" class=\"yoast-schema-graph\">{\"@context\":\"https:\/\/schema.org\",\"@graph\":[{\"@type\":\"Article\",\"@id\":\"https:\/\/futbolhoy.co\/index.php\/2024\/06\/11\/sinisterra-hablo-del-favoritismo-de-colombia-para-la-copa-america\/#article\",\"isPartOf\":{\"@id\":\"https:\/\/futbolhoy.co\/index.php\/2024\/06\/11\/sinisterra-hablo-del-favoritismo-de-colombia-para-la-copa-america\/\"},\"author\":{\"name\":\"contenido\",\"@id\":\"https:\/\/futbolhoy.co\/#\/schema\/person\/1721b69355b6623eaff15ac7b92d4cc3\"},\"headline\":\"Sinisterra habl\u00f3 del favoritismo de Colombia para la Copa Am\u00e9rica\",\"datePublished\":\"2024-06-11T23:56:59+00:00\",\"dateModified\":\"2024-06-13T12:57:10+00:00\",\"mainEntityOfPage\":{\"@id\":\"https:\/\/futbolhoy.co\/index.php\/2024\/06\/11\/sinisterra-hablo-del-favoritismo-de-colombia-para-la-copa-america\/\"},\"wordCount\":197,\"commentCount\":0,\"publisher\":{\"@id\":\"https:\/\/futbolhoy.co\/#organization\"},\"image\":{\"@id\":\"https:\/\/futbolhoy.co\/index.php\/2024\/06\/11\/sinisterra-hablo-del-favoritismo-de-colombia-para-la-copa-america\/#primaryimage\"},\"thumbnailUrl\":\"https:\/\/futbolhoy.co\/wp-content\/uploads\/2024\/06\/IMG_3027.jpeg\",\"articleSection\":[\"Colombia\"],\"inLanguage\":\"es\",\"potentialAction\":[{\"@type\":\"CommentAction\",\"name\":\"Comment\",\"target\":[\"https:\/\/futbolhoy.co\/index.php\/2024\/06\/11\/sinisterra-hablo-del-favoritismo-de-colombia-para-la-copa-america\/#respond\"]}]},{\"@type\":\"WebPage\",\"@id\":\"https:\/\/futbolhoy.co\/index.php\/2024\/06\/11\/sinisterra-hablo-del-favoritismo-de-colombia-para-la-copa-america\/\",\"url\":\"https:\/\/futbolhoy.co\/index.php\/2024\/06\/11\/sinisterra-hablo-del-favoritismo-de-colombia-para-la-copa-america\/\",\"name\":\"Sinisterra habl\u00f3 del favoritismo de Colombia para la Copa Am\u00e9rica -\",\"isPartOf\":{\"@id\":\"https:\/\/futbolhoy.co\/#website\"},\"primaryImageOfPage\":{\"@id\":\"https:\/\/futbolhoy.co\/index.php\/2024\/06\/11\/sinisterra-hablo-del-favoritismo-de-colombia-para-la-copa-america\/#primaryimage\"},\"image\":{\"@id\":\"https:\/\/futbolhoy.co\/index.php\/2024\/06\/11\/sinisterra-hablo-del-favoritismo-de-colombia-para-la-copa-america\/#primaryimage\"},\"thumbnailUrl\":\"https:\/\/futbolhoy.co\/wp-content\/uploads\/2024\/06\/IMG_3027.jpeg\",\"datePublished\":\"2024-06-11T23:56:59+00:00\",\"dateModified\":\"2024-06-13T12:57:10+00:00\",\"breadcrumb\":{\"@id\":\"https:\/\/futbolhoy.co\/index.php\/2024\/06\/11\/sinisterra-hablo-del-favoritismo-de-colombia-para-la-copa-america\/#breadcrumb\"},\"inLanguage\":\"es\",\"potentialAction\":[{\"@type\":\"ReadAction\",\"target\":[\"https:\/\/futbolhoy.co\/index.php\/2024\/06\/11\/sinisterra-hablo-del-favoritismo-de-colombia-para-la-copa-america\/\"]}]},{\"@type\":\"ImageObject\",\"inLanguage\":\"es\",\"@id\":\"https:\/\/futbolhoy.co\/index.php\/2024\/06\/11\/sinisterra-hablo-del-favoritismo-de-colombia-para-la-copa-america\/#primaryimage\",\"url\":\"https:\/\/futbolhoy.co\/wp-content\/uploads\/2024\/06\/IMG_3027.jpeg\",\"contentUrl\":\"https:\/\/futbolhoy.co\/wp-content\/uploads\/2024\/06\/IMG_3027.jpeg\",\"width\":1080,\"height\":1080},{\"@type\":\"BreadcrumbList\",\"@id\":\"https:\/\/futbolhoy.co\/index.php\/2024\/06\/11\/sinisterra-hablo-del-favoritismo-de-colombia-para-la-copa-america\/#breadcrumb\",\"itemListElement\":[{\"@type\":\"ListItem\",\"position\":1,\"name\":\"Portada\",\"item\":\"https:\/\/futbolhoy.co\/\"},{\"@type\":\"ListItem\",\"position\":2,\"name\":\"Sinisterra habl\u00f3 del favoritismo de Colombia para la Copa Am\u00e9rica\"}]},{\"@type\":\"WebSite\",\"@id\":\"https:\/\/futbolhoy.co\/#website\",\"url\":\"https:\/\/futbolhoy.co\/\",\"name\":\"FutbolHoy\",\"description\":\"\",\"publisher\":{\"@id\":\"https:\/\/futbolhoy.co\/#organization\"},\"potentialAction\":[{\"@type\":\"SearchAction\",\"target\":{\"@type\":\"EntryPoint\",\"urlTemplate\":\"https:\/\/futbolhoy.co\/?s={search_term_string}\"},\"query-input\":{\"@type\":\"PropertyValueSpecification\",\"valueRequired\":true,\"valueName\":\"search_term_string\"}}],\"inLanguage\":\"es\"},{\"@type\":\"Organization\",\"@id\":\"https:\/\/futbolhoy.co\/#organization\",\"name\":\"Futbolhoy.co\",\"url\":\"https:\/\/futbolhoy.co\/\",\"logo\":{\"@type\":\"ImageObject\",\"inLanguage\":\"es\",\"@id\":\"https:\/\/futbolhoy.co\/#\/schema\/logo\/image\/\",\"url\":\"https:\/\/futbolhoy.co\/wp-content\/uploads\/2018\/08\/17426380_1906371736249227_6326180412931521141_n.jpg\",\"contentUrl\":\"https:\/\/futbolhoy.co\/wp-content\/uploads\/2018\/08\/17426380_1906371736249227_6326180412931521141_n.jpg\",\"width\":960,\"height\":960,\"caption\":\"Futbolhoy.co\"},\"image\":{\"@id\":\"https:\/\/futbolhoy.co\/#\/schema\/logo\/image\/\"},\"sameAs\":[\"https:\/\/www.facebook.com\/FutbolHoyCol\/\",\"https:\/\/x.com\/FutbolHoyCol\",\"https:\/\/www.instagram.com\/futbolhoycol\/\"]},{\"@type\":\"Person\",\"@id\":\"https:\/\/futbolhoy.co\/#\/schema\/person\/1721b69355b6623eaff15ac7b92d4cc3\",\"name\":\"contenido\",\"image\":{\"@type\":\"ImageObject\",\"inLanguage\":\"es\",\"@id\":\"https:\/\/futbolhoy.co\/#\/schema\/person\/image\/\",\"url\":\"https:\/\/secure.gravatar.com\/avatar\/4f656d3256f5134f466206e7c3941518?s=96&d=mm&r=g\",\"contentUrl\":\"https:\/\/secure.gravatar.com\/avatar\/4f656d3256f5134f466206e7c3941518?s=96&d=mm&r=g\",\"caption\":\"contenido\"}}]}<\/script>\n<!-- \/ Yoast SEO plugin. -->","yoast_head_json":{"title":"Sinisterra habl\u00f3 del favoritismo de Colombia para la Copa Am\u00e9rica -","robots":{"index":"index","follow":"follow","max-snippet":"max-snippet:-1","max-image-preview":"max-image-preview:large","max-video-preview":"max-video-preview:-1"},"canonical":"https:\/\/futbolhoy.co\/index.php\/2024\/06\/11\/sinisterra-hablo-del-favoritismo-de-colombia-para-la-copa-america\/","og_locale":"es_ES","og_type":"article","og_title":"Sinisterra habl\u00f3 del favoritismo de Colombia para la Copa Am\u00e9rica -","og_description":"Luis Sinisterra volvi\u00f3 a jugar un partido luego de haber sufrido una lesi\u00f3n con su club, Bournemouth, a mediados de abril ante Manchester United. El amistoso de Colombia ante Estados Unidos que termin\u00f3 en goleada 1-5, marc\u00f3 su regreso, en el que aport\u00f3 un gol y una asistencia. En atenci\u00f3n a medios de comunicaci\u00f3n, el [&hellip;]","og_url":"https:\/\/futbolhoy.co\/index.php\/2024\/06\/11\/sinisterra-hablo-del-favoritismo-de-colombia-para-la-copa-america\/","article_publisher":"https:\/\/www.facebook.com\/FutbolHoyCol\/","article_published_time":"2024-06-11T23:56:59+00:00","article_modified_time":"2024-06-13T12:57:10+00:00","og_image":[{"width":1080,"height":1080,"url":"https:\/\/futbolhoy.co\/wp-content\/uploads\/2024\/06\/IMG_3027.jpeg","type":"image\/jpeg"}],"author":"contenido","twitter_card":"summary_large_image","twitter_creator":"@FutbolHoyCol","twitter_site":"@FutbolHoyCol","twitter_misc":{"Escrito por":"contenido","Tiempo de lectura":"1 minuto"},"schema":{"@context":"https:\/\/schema.org","@graph":[{"@type":"Article","@id":"https:\/\/futbolhoy.co\/index.php\/2024\/06\/11\/sinisterra-hablo-del-favoritismo-de-colombia-para-la-copa-america\/#article","isPartOf":{"@id":"https:\/\/futbolhoy.co\/index.php\/2024\/06\/11\/sinisterra-hablo-del-favoritismo-de-colombia-para-la-copa-america\/"},"author":{"name":"contenido","@id":"https:\/\/futbolhoy.co\/#\/schema\/person\/1721b69355b6623eaff15ac7b92d4cc3"},"headline":"Sinisterra habl\u00f3 del favoritismo de Colombia para la Copa Am\u00e9rica","datePublished":"2024-06-11T23:56:59+00:00","dateModified":"2024-06-13T12:57:10+00:00","mainEntityOfPage":{"@id":"https:\/\/futbolhoy.co\/index.php\/2024\/06\/11\/sinisterra-hablo-del-favoritismo-de-colombia-para-la-copa-america\/"},"wordCount":197,"commentCount":0,"publisher":{"@id":"https:\/\/futbolhoy.co\/#organization"},"image":{"@id":"https:\/\/futbolhoy.co\/index.php\/2024\/06\/11\/sinisterra-hablo-del-favoritismo-de-colombia-para-la-copa-america\/#primaryimage"},"thumbnailUrl":"https:\/\/futbolhoy.co\/wp-content\/uploads\/2024\/06\/IMG_3027.jpeg","articleSection":["Colombia"],"inLanguage":"es","potentialAction":[{"@type":"CommentAction","name":"Comment","target":["https:\/\/futbolhoy.co\/index.php\/2024\/06\/11\/sinisterra-hablo-del-favoritismo-de-colombia-para-la-copa-america\/#respond"]}]},{"@type":"WebPage","@id":"https:\/\/futbolhoy.co\/index.php\/2024\/06\/11\/sinisterra-hablo-del-favoritismo-de-colombia-para-la-copa-america\/","url":"https:\/\/futbolhoy.co\/index.php\/2024\/06\/11\/sinisterra-hablo-del-favoritismo-de-colombia-para-la-copa-america\/","name":"Sinisterra habl\u00f3 del favoritismo de Colombia para la Copa Am\u00e9rica -","isPartOf":{"@id":"https:\/\/futbolhoy.co\/#website"},"primaryImageOfPage":{"@id":"https:\/\/futbolhoy.co\/index.php\/2024\/06\/11\/sinisterra-hablo-del-favoritismo-de-colombia-para-la-copa-america\/#primaryimage"},"image":{"@id":"https:\/\/futbolhoy.co\/index.php\/2024\/06\/11\/sinisterra-hablo-del-favoritismo-de-colombia-para-la-copa-america\/#primaryimage"},"thumbnailUrl":"https:\/\/futbolhoy.co\/wp-content\/uploads\/2024\/06\/IMG_3027.jpeg","datePublished":"2024-06-11T23:56:59+00:00","dateModified":"2024-06-13T12:57:10+00:00","breadcrumb":{"@id":"https:\/\/futbolhoy.co\/index.php\/2024\/06\/11\/sinisterra-hablo-del-favoritismo-de-colombia-para-la-copa-america\/#breadcrumb"},"inLanguage":"es","potentialAction":[{"@type":"ReadAction","target":["https:\/\/futbolhoy.co\/index.php\/2024\/06\/11\/sinisterra-hablo-del-favoritismo-de-colombia-para-la-copa-america\/"]}]},{"@type":"ImageObject","inLanguage":"es","@id":"https:\/\/futbolhoy.co\/index.php\/2024\/06\/11\/sinisterra-hablo-del-favoritismo-de-colombia-para-la-copa-america\/#primaryimage","url":"https:\/\/futbolhoy.co\/wp-content\/uploads\/2024\/06\/IMG_3027.jpeg","contentUrl":"https:\/\/futbolhoy.co\/wp-content\/uploads\/2024\/06\/IMG_3027.jpeg","width":1080,"height":1080},{"@type":"BreadcrumbList","@id":"https:\/\/futbolhoy.co\/index.php\/2024\/06\/11\/sinisterra-hablo-del-favoritismo-de-colombia-para-la-copa-america\/#breadcrumb","itemListElement":[{"@type":"ListItem","position":1,"name":"Portada","item":"https:\/\/futbolhoy.co\/"},{"@type":"ListItem","position":2,"name":"Sinisterra habl\u00f3 del favoritismo de Colombia para la Copa Am\u00e9rica"}]},{"@type":"WebSite","@id":"https:\/\/futbolhoy.co\/#website","url":"https:\/\/futbolhoy.co\/","name":"FutbolHoy","description":"","publisher":{"@id":"https:\/\/futbolhoy.co\/#organization"},"potentialAction":[{"@type":"SearchAction","target":{"@type":"EntryPoint","urlTemplate":"https:\/\/futbolhoy.co\/?s={search_term_string}"},"query-input":{"@type":"PropertyValueSpecification","valueRequired":true,"valueName":"search_term_string"}}],"inLanguage":"es"},{"@type":"Organization","@id":"https:\/\/futbolhoy.co\/#organization","name":"Futbolhoy.co","url":"https:\/\/futbolhoy.co\/","logo":{"@type":"ImageObject","inLanguage":"es","@id":"https:\/\/futbolhoy.co\/#\/schema\/logo\/image\/","url":"https:\/\/futbolhoy.co\/wp-content\/uploads\/2018\/08\/17426380_1906371736249227_6326180412931521141_n.jpg","contentUrl":"https:\/\/futbolhoy.co\/wp-content\/uploads\/2018\/08\/17426380_1906371736249227_6326180412931521141_n.jpg","width":960,"height":960,"caption":"Futbolhoy.co"},"image":{"@id":"https:\/\/futbolhoy.co\/#\/schema\/logo\/image\/"},"sameAs":["https:\/\/www.facebook.com\/FutbolHoyCol\/","https:\/\/x.com\/FutbolHoyCol","https:\/\/www.instagram.com\/futbolhoycol\/"]},{"@type":"Person","@id":"https:\/\/futbolhoy.co\/#\/schema\/person\/1721b69355b6623eaff15ac7b92d4cc3","name":"contenido","image":{"@type":"ImageObject","inLanguage":"es","@id":"https:\/\/futbolhoy.co\/#\/schema\/person\/image\/","url":"https:\/\/secure.gravatar.com\/avatar\/4f656d3256f5134f466206e7c3941518?s=96&d=mm&r=g","contentUrl":"https:\/\/secure.gravatar.com\/avatar\/4f656d3256f5134f466206e7c3941518?s=96&d=mm&r=g","caption":"contenido"}}]}},"publishpress_future_action":{"enabled":false,"date":"2026-05-05 05:32:26","action":"change-status","newStatus":"draft","terms":[],"taxonomy":"category","extraData":[]},"publishpress_future_workflow_manual_trigger":{"enabledWorkflows":[]},"_links":{"self":[{"href":"https:\/\/futbolhoy.co\/index.php\/wp-json\/wp\/v2\/posts\/109347","targetHints":{"allow":["GET"]}}],"collection":[{"href":"https:\/\/futbolhoy.co\/index.php\/wp-json\/wp\/v2\/posts"}],"about":[{"href":"https:\/\/futbolhoy.co\/index.php\/wp-json\/wp\/v2\/types\/post"}],"author":[{"embeddable":true,"href":"https:\/\/futbolhoy.co\/index.php\/wp-json\/wp\/v2\/users\/4"}],"replies":[{"embeddable":true,"href":"https:\/\/futbolhoy.co\/index.php\/wp-json\/wp\/v2\/comments?post=109347"}],"version-history":[{"count":1,"href":"https:\/\/futbolhoy.co\/index.php\/wp-json\/wp\/v2\/posts\/109347\/revisions"}],"predecessor-version":[{"id":109349,"href":"https:\/\/futbolhoy.co\/index.php\/wp-json\/wp\/v2\/posts\/109347\/revisions\/109349"}],"wp:featuredmedia":[{"embeddable":true,"href":"https:\/\/futbolhoy.co\/index.php\/wp-json\/wp\/v2\/media\/109348"}],"wp:attachment":[{"href":"https:\/\/futbolhoy.co\/index.php\/wp-json\/wp\/v2\/media?parent=109347"}],"wp:term":[{"taxonomy":"category","embeddable":true,"href":"https:\/\/futbolhoy.co\/index.php\/wp-json\/wp\/v2\/categories?post=109347"},{"taxonomy":"post_tag","embeddable":true,"href":"https:\/\/futbolhoy.co\/index.php\/wp-json\/wp\/v2\/tags?post=109347"}],"curies":[{"name":"wp","href":"https:\/\/api.w.org\/{rel}","templated":true}]}}