{"id":109361,"date":"2024-06-12T11:37:22","date_gmt":"2024-06-12T16:37:22","guid":{"rendered":"https:\/\/futbolhoy.co\/?p=109361"},"modified":"2024-06-13T14:19:54","modified_gmt":"2024-06-13T19:19:54","slug":"messi-tomo-decision-sobre-su-retiro-no-sera-en-barcelona-ni-newells","status":"publish","type":"post","link":"https:\/\/futbolhoy.co\/index.php\/2024\/06\/12\/messi-tomo-decision-sobre-su-retiro-no-sera-en-barcelona-ni-newells\/","title":{"rendered":"Messi tom\u00f3 decisi\u00f3n sobre su retiro: no ser\u00e1 en Barcelona ni Newell\u2019s"},"content":{"rendered":"<p style=\"text-align: justify;\"><span style=\"font-family: helvetica, arial, sans-serif;\"><span style=\"font-weight: 400;\">Lionel Messi rompi\u00f3 m\u00e1s de un coraz\u00f3n este mi\u00e9rcoles tras asegurar q<\/span><b>ue no se iba a retirar ni en Barcelona ni en Newell\u2019s, <\/b><span style=\"font-weight: 400;\">como muchos cre\u00edan hasta ahora. Para la Pulga, el Inter Miami ser\u00e1 su \u00faltimo club.<\/span><\/span><\/p>\n<p style=\"text-align: justify;\"><span style=\"font-family: helvetica, arial, sans-serif;\"><span style=\"font-weight: 400;\">En entrevista con ESPN, el astro argentino habl\u00f3 del tiempo que le queda como jugador activo y aunque no dio una <\/span><b>fecha para su retiro, si destac\u00f3 que el equipo de la MLS ser\u00eda el \u00faltimo<\/b><span style=\"font-weight: 400;\"> en el que juegue, por lo que su despedida ser\u00eda precisamente all\u00ed.<\/span><\/span><\/p>\n<p style=\"text-align: justify;\"><span style=\"font-family: helvetica, arial, sans-serif;\"><span style=\"font-weight: 400;\">\u201c Me encanta jugar a la pelota, disfruto de los entrenamientos, del d\u00eda a d\u00eda, de los partidos... Y s\u00ed, un poco de miedo a que se termine todo siempre est\u00e1. Fue un paso dif\u00edcil dejar Europa para venirme ac\u00e1. <\/span><b>El hecho de haber sido campe\u00f3n del mundo ayud\u00f3 mucho<\/b><span style=\"font-weight: 400;\"> y a ver las cosas de otra manera tambi\u00e9n\u201d, dijo.\u00a0<\/span><\/span><\/p>\n<p style=\"text-align: justify;\"><span style=\"font-weight: 400; font-family: helvetica, arial, sans-serif;\">Aunque confes\u00f3 que no piensa en su retiro, pues es lo que ha hecho durante toda su vida.<\/span><\/p>\n<p style=\"text-align: justify;\"><span style=\"font-family: helvetica, arial, sans-serif;\"><span style=\"font-weight: 400;\">\u201cPero no lo pienso, intento disfrutar. <\/span><b>Por eso disfruto much\u00edsimo m\u00e1s todo, porque soy consciente de que cada vez falta menos<\/b><span style=\"font-weight: 400;\">. Y la paso bien en el club, con la suerte que tengo de tener compa\u00f1eros y amigos al lado. La paso bien en la Selecci\u00f3n donde tengo compa\u00f1eros y amigos tambi\u00e9n; y muchos. Y disfruto de los peque\u00f1os detalles que s\u00e9 que cuando no juegue m\u00e1s voy a extra\u00f1ar\u201d, afirm\u00f3.<\/span><\/span><\/p>\n<p style=\"text-align: justify;\"><span style=\"font-family: helvetica, arial, sans-serif;\"><span style=\"font-weight: 400;\">Al ser preguntado sobre su club, dijo: \u201cY, s\u00ed... Creo que s\u00ed. <\/span><b>Hoy por hoy creo que va a ser mi \u00faltimo club\u201d.<\/b><\/span><\/p>\n","protected":false},"excerpt":{"rendered":"<p>Lionel Messi rompi\u00f3 m\u00e1s de un coraz\u00f3n este mi\u00e9rcoles tras asegurar que no se iba a retirar ni en Barcelona ni en Newell\u2019s, como muchos cre\u00edan hasta ahora. Para la Pulga, el Inter Miami ser\u00e1 su \u00faltimo club. En entrevista con ESPN, el astro argentino habl\u00f3 del tiempo que le queda como jugador activo y [&hellip;]<\/p>\n","protected":false},"author":4,"featured_media":109363,"comment_status":"open","ping_status":"open","sticky":false,"template":"","format":"standard","meta":{"_acf_changed":false,"footnotes":""},"categories":[152],"tags":[],"class_list":{"0":"post-109361","1":"post","2":"type-post","3":"status-publish","4":"format-standard","5":"has-post-thumbnail","7":"category-mundo-futbol"},"acf":[],"yoast_head":"<!-- This site is optimized with the Yoast SEO plugin v26.8 - https:\/\/yoast.com\/product\/yoast-seo-wordpress\/ -->\n<title>Messi tom\u00f3 decisi\u00f3n sobre su retiro: no ser\u00e1 en Barcelona ni Newell\u2019s -<\/title>\n<meta name=\"robots\" content=\"index, follow, max-snippet:-1, max-image-preview:large, max-video-preview:-1\" \/>\n<link rel=\"canonical\" href=\"https:\/\/futbolhoy.co\/index.php\/2024\/06\/12\/messi-tomo-decision-sobre-su-retiro-no-sera-en-barcelona-ni-newells\/\" \/>\n<meta property=\"og:locale\" content=\"es_ES\" \/>\n<meta property=\"og:type\" content=\"article\" \/>\n<meta property=\"og:title\" content=\"Messi tom\u00f3 decisi\u00f3n sobre su retiro: no ser\u00e1 en Barcelona ni Newell\u2019s -\" \/>\n<meta property=\"og:description\" content=\"Lionel Messi rompi\u00f3 m\u00e1s de un coraz\u00f3n este mi\u00e9rcoles tras asegurar que no se iba a retirar ni en Barcelona ni en Newell\u2019s, como muchos cre\u00edan hasta ahora. Para la Pulga, el Inter Miami ser\u00e1 su \u00faltimo club. En entrevista con ESPN, el astro argentino habl\u00f3 del tiempo que le queda como jugador activo y [&hellip;]\" \/>\n<meta property=\"og:url\" content=\"https:\/\/futbolhoy.co\/index.php\/2024\/06\/12\/messi-tomo-decision-sobre-su-retiro-no-sera-en-barcelona-ni-newells\/\" \/>\n<meta property=\"article:publisher\" content=\"https:\/\/www.facebook.com\/FutbolHoyCol\/\" \/>\n<meta property=\"article:published_time\" content=\"2024-06-12T16:37:22+00:00\" \/>\n<meta property=\"article:modified_time\" content=\"2024-06-13T19:19:54+00:00\" \/>\n<meta property=\"og:image\" content=\"https:\/\/futbolhoy.co\/wp-content\/uploads\/2024\/06\/Captura-de-pantalla-2024-06-12-a-las-11.36.01\u202fa.-m-1024x690.png\" \/>\n\t<meta property=\"og:image:width\" content=\"1024\" \/>\n\t<meta property=\"og:image:height\" content=\"690\" \/>\n\t<meta property=\"og:image:type\" content=\"image\/png\" \/>\n<meta name=\"author\" content=\"contenido\" \/>\n<meta name=\"twitter:card\" content=\"summary_large_image\" \/>\n<meta name=\"twitter:creator\" content=\"@FutbolHoyCol\" \/>\n<meta name=\"twitter:site\" content=\"@FutbolHoyCol\" \/>\n<meta name=\"twitter:label1\" content=\"Escrito por\" \/>\n\t<meta name=\"twitter:data1\" content=\"contenido\" \/>\n\t<meta name=\"twitter:label2\" content=\"Tiempo de lectura\" \/>\n\t<meta name=\"twitter:data2\" content=\"1 minuto\" \/>\n<script type=\"application\/ld+json\" class=\"yoast-schema-graph\">{\"@context\":\"https:\/\/schema.org\",\"@graph\":[{\"@type\":\"Article\",\"@id\":\"https:\/\/futbolhoy.co\/index.php\/2024\/06\/12\/messi-tomo-decision-sobre-su-retiro-no-sera-en-barcelona-ni-newells\/#article\",\"isPartOf\":{\"@id\":\"https:\/\/futbolhoy.co\/index.php\/2024\/06\/12\/messi-tomo-decision-sobre-su-retiro-no-sera-en-barcelona-ni-newells\/\"},\"author\":{\"name\":\"contenido\",\"@id\":\"https:\/\/futbolhoy.co\/#\/schema\/person\/1721b69355b6623eaff15ac7b92d4cc3\"},\"headline\":\"Messi tom\u00f3 decisi\u00f3n sobre su retiro: no ser\u00e1 en Barcelona ni Newell\u2019s\",\"datePublished\":\"2024-06-12T16:37:22+00:00\",\"dateModified\":\"2024-06-13T19:19:54+00:00\",\"mainEntityOfPage\":{\"@id\":\"https:\/\/futbolhoy.co\/index.php\/2024\/06\/12\/messi-tomo-decision-sobre-su-retiro-no-sera-en-barcelona-ni-newells\/\"},\"wordCount\":293,\"commentCount\":0,\"publisher\":{\"@id\":\"https:\/\/futbolhoy.co\/#organization\"},\"image\":{\"@id\":\"https:\/\/futbolhoy.co\/index.php\/2024\/06\/12\/messi-tomo-decision-sobre-su-retiro-no-sera-en-barcelona-ni-newells\/#primaryimage\"},\"thumbnailUrl\":\"https:\/\/futbolhoy.co\/wp-content\/uploads\/2024\/06\/Captura-de-pantalla-2024-06-12-a-las-11.36.01\u202fa.-m.png\",\"articleSection\":[\"Mundo Futbol\"],\"inLanguage\":\"es\",\"potentialAction\":[{\"@type\":\"CommentAction\",\"name\":\"Comment\",\"target\":[\"https:\/\/futbolhoy.co\/index.php\/2024\/06\/12\/messi-tomo-decision-sobre-su-retiro-no-sera-en-barcelona-ni-newells\/#respond\"]}]},{\"@type\":\"WebPage\",\"@id\":\"https:\/\/futbolhoy.co\/index.php\/2024\/06\/12\/messi-tomo-decision-sobre-su-retiro-no-sera-en-barcelona-ni-newells\/\",\"url\":\"https:\/\/futbolhoy.co\/index.php\/2024\/06\/12\/messi-tomo-decision-sobre-su-retiro-no-sera-en-barcelona-ni-newells\/\",\"name\":\"Messi tom\u00f3 decisi\u00f3n sobre su retiro: no ser\u00e1 en Barcelona ni Newell\u2019s -\",\"isPartOf\":{\"@id\":\"https:\/\/futbolhoy.co\/#website\"},\"primaryImageOfPage\":{\"@id\":\"https:\/\/futbolhoy.co\/index.php\/2024\/06\/12\/messi-tomo-decision-sobre-su-retiro-no-sera-en-barcelona-ni-newells\/#primaryimage\"},\"image\":{\"@id\":\"https:\/\/futbolhoy.co\/index.php\/2024\/06\/12\/messi-tomo-decision-sobre-su-retiro-no-sera-en-barcelona-ni-newells\/#primaryimage\"},\"thumbnailUrl\":\"https:\/\/futbolhoy.co\/wp-content\/uploads\/2024\/06\/Captura-de-pantalla-2024-06-12-a-las-11.36.01\u202fa.-m.png\",\"datePublished\":\"2024-06-12T16:37:22+00:00\",\"dateModified\":\"2024-06-13T19:19:54+00:00\",\"breadcrumb\":{\"@id\":\"https:\/\/futbolhoy.co\/index.php\/2024\/06\/12\/messi-tomo-decision-sobre-su-retiro-no-sera-en-barcelona-ni-newells\/#breadcrumb\"},\"inLanguage\":\"es\",\"potentialAction\":[{\"@type\":\"ReadAction\",\"target\":[\"https:\/\/futbolhoy.co\/index.php\/2024\/06\/12\/messi-tomo-decision-sobre-su-retiro-no-sera-en-barcelona-ni-newells\/\"]}]},{\"@type\":\"ImageObject\",\"inLanguage\":\"es\",\"@id\":\"https:\/\/futbolhoy.co\/index.php\/2024\/06\/12\/messi-tomo-decision-sobre-su-retiro-no-sera-en-barcelona-ni-newells\/#primaryimage\",\"url\":\"https:\/\/futbolhoy.co\/wp-content\/uploads\/2024\/06\/Captura-de-pantalla-2024-06-12-a-las-11.36.01\u202fa.-m.png\",\"contentUrl\":\"https:\/\/futbolhoy.co\/wp-content\/uploads\/2024\/06\/Captura-de-pantalla-2024-06-12-a-las-11.36.01\u202fa.-m.png\",\"width\":1974,\"height\":1330},{\"@type\":\"BreadcrumbList\",\"@id\":\"https:\/\/futbolhoy.co\/index.php\/2024\/06\/12\/messi-tomo-decision-sobre-su-retiro-no-sera-en-barcelona-ni-newells\/#breadcrumb\",\"itemListElement\":[{\"@type\":\"ListItem\",\"position\":1,\"name\":\"Portada\",\"item\":\"https:\/\/futbolhoy.co\/\"},{\"@type\":\"ListItem\",\"position\":2,\"name\":\"Messi tom\u00f3 decisi\u00f3n sobre su retiro: no ser\u00e1 en Barcelona ni Newell\u2019s\"}]},{\"@type\":\"WebSite\",\"@id\":\"https:\/\/futbolhoy.co\/#website\",\"url\":\"https:\/\/futbolhoy.co\/\",\"name\":\"FutbolHoy\",\"description\":\"\",\"publisher\":{\"@id\":\"https:\/\/futbolhoy.co\/#organization\"},\"potentialAction\":[{\"@type\":\"SearchAction\",\"target\":{\"@type\":\"EntryPoint\",\"urlTemplate\":\"https:\/\/futbolhoy.co\/?s={search_term_string}\"},\"query-input\":{\"@type\":\"PropertyValueSpecification\",\"valueRequired\":true,\"valueName\":\"search_term_string\"}}],\"inLanguage\":\"es\"},{\"@type\":\"Organization\",\"@id\":\"https:\/\/futbolhoy.co\/#organization\",\"name\":\"Futbolhoy.co\",\"url\":\"https:\/\/futbolhoy.co\/\",\"logo\":{\"@type\":\"ImageObject\",\"inLanguage\":\"es\",\"@id\":\"https:\/\/futbolhoy.co\/#\/schema\/logo\/image\/\",\"url\":\"https:\/\/futbolhoy.co\/wp-content\/uploads\/2018\/08\/17426380_1906371736249227_6326180412931521141_n.jpg\",\"contentUrl\":\"https:\/\/futbolhoy.co\/wp-content\/uploads\/2018\/08\/17426380_1906371736249227_6326180412931521141_n.jpg\",\"width\":960,\"height\":960,\"caption\":\"Futbolhoy.co\"},\"image\":{\"@id\":\"https:\/\/futbolhoy.co\/#\/schema\/logo\/image\/\"},\"sameAs\":[\"https:\/\/www.facebook.com\/FutbolHoyCol\/\",\"https:\/\/x.com\/FutbolHoyCol\",\"https:\/\/www.instagram.com\/futbolhoycol\/\"]},{\"@type\":\"Person\",\"@id\":\"https:\/\/futbolhoy.co\/#\/schema\/person\/1721b69355b6623eaff15ac7b92d4cc3\",\"name\":\"contenido\",\"image\":{\"@type\":\"ImageObject\",\"inLanguage\":\"es\",\"@id\":\"https:\/\/futbolhoy.co\/#\/schema\/person\/image\/\",\"url\":\"https:\/\/secure.gravatar.com\/avatar\/4f656d3256f5134f466206e7c3941518?s=96&d=mm&r=g\",\"contentUrl\":\"https:\/\/secure.gravatar.com\/avatar\/4f656d3256f5134f466206e7c3941518?s=96&d=mm&r=g\",\"caption\":\"contenido\"}}]}<\/script>\n<!-- \/ Yoast SEO plugin. -->","yoast_head_json":{"title":"Messi tom\u00f3 decisi\u00f3n sobre su retiro: no ser\u00e1 en Barcelona ni Newell\u2019s -","robots":{"index":"index","follow":"follow","max-snippet":"max-snippet:-1","max-image-preview":"max-image-preview:large","max-video-preview":"max-video-preview:-1"},"canonical":"https:\/\/futbolhoy.co\/index.php\/2024\/06\/12\/messi-tomo-decision-sobre-su-retiro-no-sera-en-barcelona-ni-newells\/","og_locale":"es_ES","og_type":"article","og_title":"Messi tom\u00f3 decisi\u00f3n sobre su retiro: no ser\u00e1 en Barcelona ni Newell\u2019s -","og_description":"Lionel Messi rompi\u00f3 m\u00e1s de un coraz\u00f3n este mi\u00e9rcoles tras asegurar que no se iba a retirar ni en Barcelona ni en Newell\u2019s, como muchos cre\u00edan hasta ahora. Para la Pulga, el Inter Miami ser\u00e1 su \u00faltimo club. En entrevista con ESPN, el astro argentino habl\u00f3 del tiempo que le queda como jugador activo y [&hellip;]","og_url":"https:\/\/futbolhoy.co\/index.php\/2024\/06\/12\/messi-tomo-decision-sobre-su-retiro-no-sera-en-barcelona-ni-newells\/","article_publisher":"https:\/\/www.facebook.com\/FutbolHoyCol\/","article_published_time":"2024-06-12T16:37:22+00:00","article_modified_time":"2024-06-13T19:19:54+00:00","og_image":[{"width":1024,"height":690,"url":"https:\/\/futbolhoy.co\/wp-content\/uploads\/2024\/06\/Captura-de-pantalla-2024-06-12-a-las-11.36.01\u202fa.-m-1024x690.png","type":"image\/png"}],"author":"contenido","twitter_card":"summary_large_image","twitter_creator":"@FutbolHoyCol","twitter_site":"@FutbolHoyCol","twitter_misc":{"Escrito por":"contenido","Tiempo de lectura":"1 minuto"},"schema":{"@context":"https:\/\/schema.org","@graph":[{"@type":"Article","@id":"https:\/\/futbolhoy.co\/index.php\/2024\/06\/12\/messi-tomo-decision-sobre-su-retiro-no-sera-en-barcelona-ni-newells\/#article","isPartOf":{"@id":"https:\/\/futbolhoy.co\/index.php\/2024\/06\/12\/messi-tomo-decision-sobre-su-retiro-no-sera-en-barcelona-ni-newells\/"},"author":{"name":"contenido","@id":"https:\/\/futbolhoy.co\/#\/schema\/person\/1721b69355b6623eaff15ac7b92d4cc3"},"headline":"Messi tom\u00f3 decisi\u00f3n sobre su retiro: no ser\u00e1 en Barcelona ni Newell\u2019s","datePublished":"2024-06-12T16:37:22+00:00","dateModified":"2024-06-13T19:19:54+00:00","mainEntityOfPage":{"@id":"https:\/\/futbolhoy.co\/index.php\/2024\/06\/12\/messi-tomo-decision-sobre-su-retiro-no-sera-en-barcelona-ni-newells\/"},"wordCount":293,"commentCount":0,"publisher":{"@id":"https:\/\/futbolhoy.co\/#organization"},"image":{"@id":"https:\/\/futbolhoy.co\/index.php\/2024\/06\/12\/messi-tomo-decision-sobre-su-retiro-no-sera-en-barcelona-ni-newells\/#primaryimage"},"thumbnailUrl":"https:\/\/futbolhoy.co\/wp-content\/uploads\/2024\/06\/Captura-de-pantalla-2024-06-12-a-las-11.36.01\u202fa.-m.png","articleSection":["Mundo Futbol"],"inLanguage":"es","potentialAction":[{"@type":"CommentAction","name":"Comment","target":["https:\/\/futbolhoy.co\/index.php\/2024\/06\/12\/messi-tomo-decision-sobre-su-retiro-no-sera-en-barcelona-ni-newells\/#respond"]}]},{"@type":"WebPage","@id":"https:\/\/futbolhoy.co\/index.php\/2024\/06\/12\/messi-tomo-decision-sobre-su-retiro-no-sera-en-barcelona-ni-newells\/","url":"https:\/\/futbolhoy.co\/index.php\/2024\/06\/12\/messi-tomo-decision-sobre-su-retiro-no-sera-en-barcelona-ni-newells\/","name":"Messi tom\u00f3 decisi\u00f3n sobre su retiro: no ser\u00e1 en Barcelona ni Newell\u2019s -","isPartOf":{"@id":"https:\/\/futbolhoy.co\/#website"},"primaryImageOfPage":{"@id":"https:\/\/futbolhoy.co\/index.php\/2024\/06\/12\/messi-tomo-decision-sobre-su-retiro-no-sera-en-barcelona-ni-newells\/#primaryimage"},"image":{"@id":"https:\/\/futbolhoy.co\/index.php\/2024\/06\/12\/messi-tomo-decision-sobre-su-retiro-no-sera-en-barcelona-ni-newells\/#primaryimage"},"thumbnailUrl":"https:\/\/futbolhoy.co\/wp-content\/uploads\/2024\/06\/Captura-de-pantalla-2024-06-12-a-las-11.36.01\u202fa.-m.png","datePublished":"2024-06-12T16:37:22+00:00","dateModified":"2024-06-13T19:19:54+00:00","breadcrumb":{"@id":"https:\/\/futbolhoy.co\/index.php\/2024\/06\/12\/messi-tomo-decision-sobre-su-retiro-no-sera-en-barcelona-ni-newells\/#breadcrumb"},"inLanguage":"es","potentialAction":[{"@type":"ReadAction","target":["https:\/\/futbolhoy.co\/index.php\/2024\/06\/12\/messi-tomo-decision-sobre-su-retiro-no-sera-en-barcelona-ni-newells\/"]}]},{"@type":"ImageObject","inLanguage":"es","@id":"https:\/\/futbolhoy.co\/index.php\/2024\/06\/12\/messi-tomo-decision-sobre-su-retiro-no-sera-en-barcelona-ni-newells\/#primaryimage","url":"https:\/\/futbolhoy.co\/wp-content\/uploads\/2024\/06\/Captura-de-pantalla-2024-06-12-a-las-11.36.01\u202fa.-m.png","contentUrl":"https:\/\/futbolhoy.co\/wp-content\/uploads\/2024\/06\/Captura-de-pantalla-2024-06-12-a-las-11.36.01\u202fa.-m.png","width":1974,"height":1330},{"@type":"BreadcrumbList","@id":"https:\/\/futbolhoy.co\/index.php\/2024\/06\/12\/messi-tomo-decision-sobre-su-retiro-no-sera-en-barcelona-ni-newells\/#breadcrumb","itemListElement":[{"@type":"ListItem","position":1,"name":"Portada","item":"https:\/\/futbolhoy.co\/"},{"@type":"ListItem","position":2,"name":"Messi tom\u00f3 decisi\u00f3n sobre su retiro: no ser\u00e1 en Barcelona ni Newell\u2019s"}]},{"@type":"WebSite","@id":"https:\/\/futbolhoy.co\/#website","url":"https:\/\/futbolhoy.co\/","name":"FutbolHoy","description":"","publisher":{"@id":"https:\/\/futbolhoy.co\/#organization"},"potentialAction":[{"@type":"SearchAction","target":{"@type":"EntryPoint","urlTemplate":"https:\/\/futbolhoy.co\/?s={search_term_string}"},"query-input":{"@type":"PropertyValueSpecification","valueRequired":true,"valueName":"search_term_string"}}],"inLanguage":"es"},{"@type":"Organization","@id":"https:\/\/futbolhoy.co\/#organization","name":"Futbolhoy.co","url":"https:\/\/futbolhoy.co\/","logo":{"@type":"ImageObject","inLanguage":"es","@id":"https:\/\/futbolhoy.co\/#\/schema\/logo\/image\/","url":"https:\/\/futbolhoy.co\/wp-content\/uploads\/2018\/08\/17426380_1906371736249227_6326180412931521141_n.jpg","contentUrl":"https:\/\/futbolhoy.co\/wp-content\/uploads\/2018\/08\/17426380_1906371736249227_6326180412931521141_n.jpg","width":960,"height":960,"caption":"Futbolhoy.co"},"image":{"@id":"https:\/\/futbolhoy.co\/#\/schema\/logo\/image\/"},"sameAs":["https:\/\/www.facebook.com\/FutbolHoyCol\/","https:\/\/x.com\/FutbolHoyCol","https:\/\/www.instagram.com\/futbolhoycol\/"]},{"@type":"Person","@id":"https:\/\/futbolhoy.co\/#\/schema\/person\/1721b69355b6623eaff15ac7b92d4cc3","name":"contenido","image":{"@type":"ImageObject","inLanguage":"es","@id":"https:\/\/futbolhoy.co\/#\/schema\/person\/image\/","url":"https:\/\/secure.gravatar.com\/avatar\/4f656d3256f5134f466206e7c3941518?s=96&d=mm&r=g","contentUrl":"https:\/\/secure.gravatar.com\/avatar\/4f656d3256f5134f466206e7c3941518?s=96&d=mm&r=g","caption":"contenido"}}]}},"publishpress_future_action":{"enabled":false,"date":"2026-05-05 00:43:09","action":"change-status","newStatus":"draft","terms":[],"taxonomy":"category","extraData":[]},"publishpress_future_workflow_manual_trigger":{"enabledWorkflows":[]},"_links":{"self":[{"href":"https:\/\/futbolhoy.co\/index.php\/wp-json\/wp\/v2\/posts\/109361","targetHints":{"allow":["GET"]}}],"collection":[{"href":"https:\/\/futbolhoy.co\/index.php\/wp-json\/wp\/v2\/posts"}],"about":[{"href":"https:\/\/futbolhoy.co\/index.php\/wp-json\/wp\/v2\/types\/post"}],"author":[{"embeddable":true,"href":"https:\/\/futbolhoy.co\/index.php\/wp-json\/wp\/v2\/users\/4"}],"replies":[{"embeddable":true,"href":"https:\/\/futbolhoy.co\/index.php\/wp-json\/wp\/v2\/comments?post=109361"}],"version-history":[{"count":1,"href":"https:\/\/futbolhoy.co\/index.php\/wp-json\/wp\/v2\/posts\/109361\/revisions"}],"predecessor-version":[{"id":109364,"href":"https:\/\/futbolhoy.co\/index.php\/wp-json\/wp\/v2\/posts\/109361\/revisions\/109364"}],"wp:featuredmedia":[{"embeddable":true,"href":"https:\/\/futbolhoy.co\/index.php\/wp-json\/wp\/v2\/media\/109363"}],"wp:attachment":[{"href":"https:\/\/futbolhoy.co\/index.php\/wp-json\/wp\/v2\/media?parent=109361"}],"wp:term":[{"taxonomy":"category","embeddable":true,"href":"https:\/\/futbolhoy.co\/index.php\/wp-json\/wp\/v2\/categories?post=109361"},{"taxonomy":"post_tag","embeddable":true,"href":"https:\/\/futbolhoy.co\/index.php\/wp-json\/wp\/v2\/tags?post=109361"}],"curies":[{"name":"wp","href":"https:\/\/api.w.org\/{rel}","templated":true}]}}