{"id":109366,"date":"2024-06-12T18:49:34","date_gmt":"2024-06-12T23:49:34","guid":{"rendered":"https:\/\/futbolhoy.co\/?p=109366"},"modified":"2024-06-13T19:02:42","modified_gmt":"2024-06-14T00:02:42","slug":"libertadores-definidas-las-fechas-y-horarios-para-junior-vs-colo-colo","status":"publish","type":"post","link":"https:\/\/futbolhoy.co\/index.php\/2024\/06\/12\/libertadores-definidas-las-fechas-y-horarios-para-junior-vs-colo-colo\/","title":{"rendered":"Libertadores: definidas las fechas y horarios para Junior vs. Colo-Colo"},"content":{"rendered":"<p style=\"text-align: justify;\"><span style=\"font-family: helvetica, arial, sans-serif;\">La <strong>Conmebol<\/strong> dio a conocer las fechas y horarios de disputa de los partidos de la <strong>Copa Libertadores. Junior de Barranquilla,<\/strong> ser\u00e1 el \u00fanico representante de <strong>Colombia<\/strong> en esta instancia.<\/span><\/p>\n<p style=\"text-align: justify;\"><span style=\"font-family: helvetica, arial, sans-serif;\">Si rival ser\u00e1 <strong>Colo-Colo<\/strong> de <strong>Chile,<\/strong> equipo que fue el que peor puntaje logr\u00f3 para clasificar a la siguiente ronda, con apenas 6 puntos. Junior, por su parte, hizo parte de los tres equipos que no perdieron en fase de grupos.<\/span><\/p>\n<p style=\"text-align: justify;\"><span style=\"font-family: helvetica, arial, sans-serif;\">Este ser\u00e1 el segundo enfrentamiento entre ambos equipos en la historia. El primero, en 1994, fue en octavos de final de la edici\u00f3n de ese a\u00f1o, con resultado favorable para los barranquilleros que avanzaron a cuartos de final.<\/span><\/p>\n<p style=\"text-align: justify;\"><span style=\"font-family: helvetica, arial, sans-serif;\">Esta vez, la serie iniciar\u00e1 en el <strong>Estadio Monumental<\/strong> de <strong>Chile<\/strong> el martes 13 de agosto a las 7:30 p.m. hora colombiana y cerrar\u00e1 una semana despu\u00e9s: el martes 20 de agosto en el mismo horario en el estadio <strong>Metropolitano<\/strong> de <strong>Barranquilla.<\/strong><\/span><\/p>\n","protected":false},"excerpt":{"rendered":"<p>La Conmebol dio a conocer las fechas y horarios de disputa de los partidos de la Copa Libertadores. Junior de Barranquilla, ser\u00e1 el \u00fanico representante de Colombia en esta instancia. Si rival ser\u00e1 Colo-Colo de Chile, equipo que fue el que peor puntaje logr\u00f3 para clasificar a la siguiente ronda, con apenas 6 puntos. Junior, [&hellip;]<\/p>\n","protected":false},"author":4,"featured_media":101931,"comment_status":"open","ping_status":"open","sticky":false,"template":"","format":"standard","meta":{"_acf_changed":false,"footnotes":""},"categories":[653],"tags":[],"class_list":{"0":"post-109366","1":"post","2":"type-post","3":"status-publish","4":"format-standard","5":"has-post-thumbnail","7":"category-copa-libertadores"},"acf":[],"yoast_head":"<!-- This site is optimized with the Yoast SEO plugin v26.8 - https:\/\/yoast.com\/product\/yoast-seo-wordpress\/ -->\n<title>Libertadores: definidas las fechas y horarios para Junior vs. Colo-Colo -<\/title>\n<meta name=\"robots\" content=\"index, follow, max-snippet:-1, max-image-preview:large, max-video-preview:-1\" \/>\n<link rel=\"canonical\" href=\"https:\/\/futbolhoy.co\/index.php\/2024\/06\/12\/libertadores-definidas-las-fechas-y-horarios-para-junior-vs-colo-colo\/\" \/>\n<meta property=\"og:locale\" content=\"es_ES\" \/>\n<meta property=\"og:type\" content=\"article\" \/>\n<meta property=\"og:title\" content=\"Libertadores: definidas las fechas y horarios para Junior vs. Colo-Colo -\" \/>\n<meta property=\"og:description\" content=\"La Conmebol dio a conocer las fechas y horarios de disputa de los partidos de la Copa Libertadores. Junior de Barranquilla, ser\u00e1 el \u00fanico representante de Colombia en esta instancia. Si rival ser\u00e1 Colo-Colo de Chile, equipo que fue el que peor puntaje logr\u00f3 para clasificar a la siguiente ronda, con apenas 6 puntos. Junior, [&hellip;]\" \/>\n<meta property=\"og:url\" content=\"https:\/\/futbolhoy.co\/index.php\/2024\/06\/12\/libertadores-definidas-las-fechas-y-horarios-para-junior-vs-colo-colo\/\" \/>\n<meta property=\"article:publisher\" content=\"https:\/\/www.facebook.com\/FutbolHoyCol\/\" \/>\n<meta property=\"article:published_time\" content=\"2024-06-12T23:49:34+00:00\" \/>\n<meta property=\"article:modified_time\" content=\"2024-06-14T00:02:42+00:00\" \/>\n<meta property=\"og:image\" content=\"https:\/\/futbolhoy.co\/wp-content\/uploads\/2023\/12\/Junior-3-2-DIM.png\" \/>\n\t<meta property=\"og:image:width\" content=\"1070\" \/>\n\t<meta property=\"og:image:height\" content=\"674\" \/>\n\t<meta property=\"og:image:type\" content=\"image\/png\" \/>\n<meta name=\"author\" content=\"contenido\" \/>\n<meta name=\"twitter:card\" content=\"summary_large_image\" \/>\n<meta name=\"twitter:creator\" content=\"@FutbolHoyCol\" \/>\n<meta name=\"twitter:site\" content=\"@FutbolHoyCol\" \/>\n<meta name=\"twitter:label1\" content=\"Escrito por\" \/>\n\t<meta name=\"twitter:data1\" content=\"contenido\" \/>\n\t<meta name=\"twitter:label2\" content=\"Tiempo de lectura\" \/>\n\t<meta name=\"twitter:data2\" content=\"1 minuto\" \/>\n<script type=\"application\/ld+json\" class=\"yoast-schema-graph\">{\"@context\":\"https:\/\/schema.org\",\"@graph\":[{\"@type\":\"Article\",\"@id\":\"https:\/\/futbolhoy.co\/index.php\/2024\/06\/12\/libertadores-definidas-las-fechas-y-horarios-para-junior-vs-colo-colo\/#article\",\"isPartOf\":{\"@id\":\"https:\/\/futbolhoy.co\/index.php\/2024\/06\/12\/libertadores-definidas-las-fechas-y-horarios-para-junior-vs-colo-colo\/\"},\"author\":{\"name\":\"contenido\",\"@id\":\"https:\/\/futbolhoy.co\/#\/schema\/person\/1721b69355b6623eaff15ac7b92d4cc3\"},\"headline\":\"Libertadores: definidas las fechas y horarios para Junior vs. Colo-Colo\",\"datePublished\":\"2024-06-12T23:49:34+00:00\",\"dateModified\":\"2024-06-14T00:02:42+00:00\",\"mainEntityOfPage\":{\"@id\":\"https:\/\/futbolhoy.co\/index.php\/2024\/06\/12\/libertadores-definidas-las-fechas-y-horarios-para-junior-vs-colo-colo\/\"},\"wordCount\":160,\"commentCount\":0,\"publisher\":{\"@id\":\"https:\/\/futbolhoy.co\/#organization\"},\"image\":{\"@id\":\"https:\/\/futbolhoy.co\/index.php\/2024\/06\/12\/libertadores-definidas-las-fechas-y-horarios-para-junior-vs-colo-colo\/#primaryimage\"},\"thumbnailUrl\":\"https:\/\/futbolhoy.co\/wp-content\/uploads\/2023\/12\/Junior-3-2-DIM.png\",\"articleSection\":[\"Libertadores\"],\"inLanguage\":\"es\",\"potentialAction\":[{\"@type\":\"CommentAction\",\"name\":\"Comment\",\"target\":[\"https:\/\/futbolhoy.co\/index.php\/2024\/06\/12\/libertadores-definidas-las-fechas-y-horarios-para-junior-vs-colo-colo\/#respond\"]}]},{\"@type\":\"WebPage\",\"@id\":\"https:\/\/futbolhoy.co\/index.php\/2024\/06\/12\/libertadores-definidas-las-fechas-y-horarios-para-junior-vs-colo-colo\/\",\"url\":\"https:\/\/futbolhoy.co\/index.php\/2024\/06\/12\/libertadores-definidas-las-fechas-y-horarios-para-junior-vs-colo-colo\/\",\"name\":\"Libertadores: definidas las fechas y horarios para Junior vs. Colo-Colo -\",\"isPartOf\":{\"@id\":\"https:\/\/futbolhoy.co\/#website\"},\"primaryImageOfPage\":{\"@id\":\"https:\/\/futbolhoy.co\/index.php\/2024\/06\/12\/libertadores-definidas-las-fechas-y-horarios-para-junior-vs-colo-colo\/#primaryimage\"},\"image\":{\"@id\":\"https:\/\/futbolhoy.co\/index.php\/2024\/06\/12\/libertadores-definidas-las-fechas-y-horarios-para-junior-vs-colo-colo\/#primaryimage\"},\"thumbnailUrl\":\"https:\/\/futbolhoy.co\/wp-content\/uploads\/2023\/12\/Junior-3-2-DIM.png\",\"datePublished\":\"2024-06-12T23:49:34+00:00\",\"dateModified\":\"2024-06-14T00:02:42+00:00\",\"breadcrumb\":{\"@id\":\"https:\/\/futbolhoy.co\/index.php\/2024\/06\/12\/libertadores-definidas-las-fechas-y-horarios-para-junior-vs-colo-colo\/#breadcrumb\"},\"inLanguage\":\"es\",\"potentialAction\":[{\"@type\":\"ReadAction\",\"target\":[\"https:\/\/futbolhoy.co\/index.php\/2024\/06\/12\/libertadores-definidas-las-fechas-y-horarios-para-junior-vs-colo-colo\/\"]}]},{\"@type\":\"ImageObject\",\"inLanguage\":\"es\",\"@id\":\"https:\/\/futbolhoy.co\/index.php\/2024\/06\/12\/libertadores-definidas-las-fechas-y-horarios-para-junior-vs-colo-colo\/#primaryimage\",\"url\":\"https:\/\/futbolhoy.co\/wp-content\/uploads\/2023\/12\/Junior-3-2-DIM.png\",\"contentUrl\":\"https:\/\/futbolhoy.co\/wp-content\/uploads\/2023\/12\/Junior-3-2-DIM.png\",\"width\":1070,\"height\":674},{\"@type\":\"BreadcrumbList\",\"@id\":\"https:\/\/futbolhoy.co\/index.php\/2024\/06\/12\/libertadores-definidas-las-fechas-y-horarios-para-junior-vs-colo-colo\/#breadcrumb\",\"itemListElement\":[{\"@type\":\"ListItem\",\"position\":1,\"name\":\"Portada\",\"item\":\"https:\/\/futbolhoy.co\/\"},{\"@type\":\"ListItem\",\"position\":2,\"name\":\"Libertadores: definidas las fechas y horarios para Junior vs. Colo-Colo\"}]},{\"@type\":\"WebSite\",\"@id\":\"https:\/\/futbolhoy.co\/#website\",\"url\":\"https:\/\/futbolhoy.co\/\",\"name\":\"FutbolHoy\",\"description\":\"\",\"publisher\":{\"@id\":\"https:\/\/futbolhoy.co\/#organization\"},\"potentialAction\":[{\"@type\":\"SearchAction\",\"target\":{\"@type\":\"EntryPoint\",\"urlTemplate\":\"https:\/\/futbolhoy.co\/?s={search_term_string}\"},\"query-input\":{\"@type\":\"PropertyValueSpecification\",\"valueRequired\":true,\"valueName\":\"search_term_string\"}}],\"inLanguage\":\"es\"},{\"@type\":\"Organization\",\"@id\":\"https:\/\/futbolhoy.co\/#organization\",\"name\":\"Futbolhoy.co\",\"url\":\"https:\/\/futbolhoy.co\/\",\"logo\":{\"@type\":\"ImageObject\",\"inLanguage\":\"es\",\"@id\":\"https:\/\/futbolhoy.co\/#\/schema\/logo\/image\/\",\"url\":\"https:\/\/futbolhoy.co\/wp-content\/uploads\/2018\/08\/17426380_1906371736249227_6326180412931521141_n.jpg\",\"contentUrl\":\"https:\/\/futbolhoy.co\/wp-content\/uploads\/2018\/08\/17426380_1906371736249227_6326180412931521141_n.jpg\",\"width\":960,\"height\":960,\"caption\":\"Futbolhoy.co\"},\"image\":{\"@id\":\"https:\/\/futbolhoy.co\/#\/schema\/logo\/image\/\"},\"sameAs\":[\"https:\/\/www.facebook.com\/FutbolHoyCol\/\",\"https:\/\/x.com\/FutbolHoyCol\",\"https:\/\/www.instagram.com\/futbolhoycol\/\"]},{\"@type\":\"Person\",\"@id\":\"https:\/\/futbolhoy.co\/#\/schema\/person\/1721b69355b6623eaff15ac7b92d4cc3\",\"name\":\"contenido\",\"image\":{\"@type\":\"ImageObject\",\"inLanguage\":\"es\",\"@id\":\"https:\/\/futbolhoy.co\/#\/schema\/person\/image\/\",\"url\":\"https:\/\/secure.gravatar.com\/avatar\/4f656d3256f5134f466206e7c3941518?s=96&d=mm&r=g\",\"contentUrl\":\"https:\/\/secure.gravatar.com\/avatar\/4f656d3256f5134f466206e7c3941518?s=96&d=mm&r=g\",\"caption\":\"contenido\"}}]}<\/script>\n<!-- \/ Yoast SEO plugin. -->","yoast_head_json":{"title":"Libertadores: definidas las fechas y horarios para Junior vs. Colo-Colo -","robots":{"index":"index","follow":"follow","max-snippet":"max-snippet:-1","max-image-preview":"max-image-preview:large","max-video-preview":"max-video-preview:-1"},"canonical":"https:\/\/futbolhoy.co\/index.php\/2024\/06\/12\/libertadores-definidas-las-fechas-y-horarios-para-junior-vs-colo-colo\/","og_locale":"es_ES","og_type":"article","og_title":"Libertadores: definidas las fechas y horarios para Junior vs. Colo-Colo -","og_description":"La Conmebol dio a conocer las fechas y horarios de disputa de los partidos de la Copa Libertadores. Junior de Barranquilla, ser\u00e1 el \u00fanico representante de Colombia en esta instancia. Si rival ser\u00e1 Colo-Colo de Chile, equipo que fue el que peor puntaje logr\u00f3 para clasificar a la siguiente ronda, con apenas 6 puntos. Junior, [&hellip;]","og_url":"https:\/\/futbolhoy.co\/index.php\/2024\/06\/12\/libertadores-definidas-las-fechas-y-horarios-para-junior-vs-colo-colo\/","article_publisher":"https:\/\/www.facebook.com\/FutbolHoyCol\/","article_published_time":"2024-06-12T23:49:34+00:00","article_modified_time":"2024-06-14T00:02:42+00:00","og_image":[{"width":1070,"height":674,"url":"https:\/\/futbolhoy.co\/wp-content\/uploads\/2023\/12\/Junior-3-2-DIM.png","type":"image\/png"}],"author":"contenido","twitter_card":"summary_large_image","twitter_creator":"@FutbolHoyCol","twitter_site":"@FutbolHoyCol","twitter_misc":{"Escrito por":"contenido","Tiempo de lectura":"1 minuto"},"schema":{"@context":"https:\/\/schema.org","@graph":[{"@type":"Article","@id":"https:\/\/futbolhoy.co\/index.php\/2024\/06\/12\/libertadores-definidas-las-fechas-y-horarios-para-junior-vs-colo-colo\/#article","isPartOf":{"@id":"https:\/\/futbolhoy.co\/index.php\/2024\/06\/12\/libertadores-definidas-las-fechas-y-horarios-para-junior-vs-colo-colo\/"},"author":{"name":"contenido","@id":"https:\/\/futbolhoy.co\/#\/schema\/person\/1721b69355b6623eaff15ac7b92d4cc3"},"headline":"Libertadores: definidas las fechas y horarios para Junior vs. Colo-Colo","datePublished":"2024-06-12T23:49:34+00:00","dateModified":"2024-06-14T00:02:42+00:00","mainEntityOfPage":{"@id":"https:\/\/futbolhoy.co\/index.php\/2024\/06\/12\/libertadores-definidas-las-fechas-y-horarios-para-junior-vs-colo-colo\/"},"wordCount":160,"commentCount":0,"publisher":{"@id":"https:\/\/futbolhoy.co\/#organization"},"image":{"@id":"https:\/\/futbolhoy.co\/index.php\/2024\/06\/12\/libertadores-definidas-las-fechas-y-horarios-para-junior-vs-colo-colo\/#primaryimage"},"thumbnailUrl":"https:\/\/futbolhoy.co\/wp-content\/uploads\/2023\/12\/Junior-3-2-DIM.png","articleSection":["Libertadores"],"inLanguage":"es","potentialAction":[{"@type":"CommentAction","name":"Comment","target":["https:\/\/futbolhoy.co\/index.php\/2024\/06\/12\/libertadores-definidas-las-fechas-y-horarios-para-junior-vs-colo-colo\/#respond"]}]},{"@type":"WebPage","@id":"https:\/\/futbolhoy.co\/index.php\/2024\/06\/12\/libertadores-definidas-las-fechas-y-horarios-para-junior-vs-colo-colo\/","url":"https:\/\/futbolhoy.co\/index.php\/2024\/06\/12\/libertadores-definidas-las-fechas-y-horarios-para-junior-vs-colo-colo\/","name":"Libertadores: definidas las fechas y horarios para Junior vs. Colo-Colo -","isPartOf":{"@id":"https:\/\/futbolhoy.co\/#website"},"primaryImageOfPage":{"@id":"https:\/\/futbolhoy.co\/index.php\/2024\/06\/12\/libertadores-definidas-las-fechas-y-horarios-para-junior-vs-colo-colo\/#primaryimage"},"image":{"@id":"https:\/\/futbolhoy.co\/index.php\/2024\/06\/12\/libertadores-definidas-las-fechas-y-horarios-para-junior-vs-colo-colo\/#primaryimage"},"thumbnailUrl":"https:\/\/futbolhoy.co\/wp-content\/uploads\/2023\/12\/Junior-3-2-DIM.png","datePublished":"2024-06-12T23:49:34+00:00","dateModified":"2024-06-14T00:02:42+00:00","breadcrumb":{"@id":"https:\/\/futbolhoy.co\/index.php\/2024\/06\/12\/libertadores-definidas-las-fechas-y-horarios-para-junior-vs-colo-colo\/#breadcrumb"},"inLanguage":"es","potentialAction":[{"@type":"ReadAction","target":["https:\/\/futbolhoy.co\/index.php\/2024\/06\/12\/libertadores-definidas-las-fechas-y-horarios-para-junior-vs-colo-colo\/"]}]},{"@type":"ImageObject","inLanguage":"es","@id":"https:\/\/futbolhoy.co\/index.php\/2024\/06\/12\/libertadores-definidas-las-fechas-y-horarios-para-junior-vs-colo-colo\/#primaryimage","url":"https:\/\/futbolhoy.co\/wp-content\/uploads\/2023\/12\/Junior-3-2-DIM.png","contentUrl":"https:\/\/futbolhoy.co\/wp-content\/uploads\/2023\/12\/Junior-3-2-DIM.png","width":1070,"height":674},{"@type":"BreadcrumbList","@id":"https:\/\/futbolhoy.co\/index.php\/2024\/06\/12\/libertadores-definidas-las-fechas-y-horarios-para-junior-vs-colo-colo\/#breadcrumb","itemListElement":[{"@type":"ListItem","position":1,"name":"Portada","item":"https:\/\/futbolhoy.co\/"},{"@type":"ListItem","position":2,"name":"Libertadores: definidas las fechas y horarios para Junior vs. Colo-Colo"}]},{"@type":"WebSite","@id":"https:\/\/futbolhoy.co\/#website","url":"https:\/\/futbolhoy.co\/","name":"FutbolHoy","description":"","publisher":{"@id":"https:\/\/futbolhoy.co\/#organization"},"potentialAction":[{"@type":"SearchAction","target":{"@type":"EntryPoint","urlTemplate":"https:\/\/futbolhoy.co\/?s={search_term_string}"},"query-input":{"@type":"PropertyValueSpecification","valueRequired":true,"valueName":"search_term_string"}}],"inLanguage":"es"},{"@type":"Organization","@id":"https:\/\/futbolhoy.co\/#organization","name":"Futbolhoy.co","url":"https:\/\/futbolhoy.co\/","logo":{"@type":"ImageObject","inLanguage":"es","@id":"https:\/\/futbolhoy.co\/#\/schema\/logo\/image\/","url":"https:\/\/futbolhoy.co\/wp-content\/uploads\/2018\/08\/17426380_1906371736249227_6326180412931521141_n.jpg","contentUrl":"https:\/\/futbolhoy.co\/wp-content\/uploads\/2018\/08\/17426380_1906371736249227_6326180412931521141_n.jpg","width":960,"height":960,"caption":"Futbolhoy.co"},"image":{"@id":"https:\/\/futbolhoy.co\/#\/schema\/logo\/image\/"},"sameAs":["https:\/\/www.facebook.com\/FutbolHoyCol\/","https:\/\/x.com\/FutbolHoyCol","https:\/\/www.instagram.com\/futbolhoycol\/"]},{"@type":"Person","@id":"https:\/\/futbolhoy.co\/#\/schema\/person\/1721b69355b6623eaff15ac7b92d4cc3","name":"contenido","image":{"@type":"ImageObject","inLanguage":"es","@id":"https:\/\/futbolhoy.co\/#\/schema\/person\/image\/","url":"https:\/\/secure.gravatar.com\/avatar\/4f656d3256f5134f466206e7c3941518?s=96&d=mm&r=g","contentUrl":"https:\/\/secure.gravatar.com\/avatar\/4f656d3256f5134f466206e7c3941518?s=96&d=mm&r=g","caption":"contenido"}}]}},"publishpress_future_action":{"enabled":false,"date":"2026-05-05 00:33:37","action":"change-status","newStatus":"draft","terms":[],"taxonomy":"category","extraData":[]},"publishpress_future_workflow_manual_trigger":{"enabledWorkflows":[]},"_links":{"self":[{"href":"https:\/\/futbolhoy.co\/index.php\/wp-json\/wp\/v2\/posts\/109366","targetHints":{"allow":["GET"]}}],"collection":[{"href":"https:\/\/futbolhoy.co\/index.php\/wp-json\/wp\/v2\/posts"}],"about":[{"href":"https:\/\/futbolhoy.co\/index.php\/wp-json\/wp\/v2\/types\/post"}],"author":[{"embeddable":true,"href":"https:\/\/futbolhoy.co\/index.php\/wp-json\/wp\/v2\/users\/4"}],"replies":[{"embeddable":true,"href":"https:\/\/futbolhoy.co\/index.php\/wp-json\/wp\/v2\/comments?post=109366"}],"version-history":[{"count":1,"href":"https:\/\/futbolhoy.co\/index.php\/wp-json\/wp\/v2\/posts\/109366\/revisions"}],"predecessor-version":[{"id":109367,"href":"https:\/\/futbolhoy.co\/index.php\/wp-json\/wp\/v2\/posts\/109366\/revisions\/109367"}],"wp:featuredmedia":[{"embeddable":true,"href":"https:\/\/futbolhoy.co\/index.php\/wp-json\/wp\/v2\/media\/101931"}],"wp:attachment":[{"href":"https:\/\/futbolhoy.co\/index.php\/wp-json\/wp\/v2\/media?parent=109366"}],"wp:term":[{"taxonomy":"category","embeddable":true,"href":"https:\/\/futbolhoy.co\/index.php\/wp-json\/wp\/v2\/categories?post=109366"},{"taxonomy":"post_tag","embeddable":true,"href":"https:\/\/futbolhoy.co\/index.php\/wp-json\/wp\/v2\/tags?post=109366"}],"curies":[{"name":"wp","href":"https:\/\/api.w.org\/{rel}","templated":true}]}}