{"id":109368,"date":"2024-06-13T05:13:54","date_gmt":"2024-06-13T10:13:54","guid":{"rendered":"https:\/\/futbolhoy.co\/?p=109368"},"modified":"2024-06-13T19:15:22","modified_gmt":"2024-06-14T00:15:22","slug":"dimayor-sanciono-a-bucaramanga-tras-invasion-de-sus-hinchas","status":"publish","type":"post","link":"https:\/\/futbolhoy.co\/index.php\/2024\/06\/13\/dimayor-sanciono-a-bucaramanga-tras-invasion-de-sus-hinchas\/","title":{"rendered":"Dimayor sancion\u00f3 a Bucaramanga tras invasi\u00f3n de sus hinchas"},"content":{"rendered":"<p style=\"text-align: justify;\"><span style=\"font-family: helvetica, arial, sans-serif;\"><strong>Atl\u00e9tico Bucaramanga<\/strong> fue notificado de la sanci\u00f3n que le fue impuesta por la invasi\u00f3n de la que fueron protagonistas sus hinchas tras el partido de ida de la final de la <strong>Liga colombiana<\/strong> ante <strong>Santa Fe.<\/strong><\/span><\/p>\n<p style=\"text-align: justify;\"><span style=\"font-family: helvetica, arial, sans-serif;\">La sanci\u00f3n ser\u00e1 de tres fechas para toda la plaza del <strong>Alfonso L\u00f3pez,<\/strong> por lo que el conjunto santandereano no podr\u00e1 contar con p\u00fablico en los juegos ante <strong>Junior, Jaguares<\/strong> y Santa Fe del pr\u00f3ximo semestre.<\/span><\/p>\n<p style=\"text-align: justify;\"><span style=\"font-family: helvetica, arial, sans-serif;\">Por su parte, tendr\u00e1n que pagar una multa econ\u00f3mica de <strong>10.5 SMMLV<\/strong> equivalentes a trece millones seiscientos cincuenta mil pesos <strong>($13.650.000).<\/strong> Es de mencionar que la responsabilidad por la conducta de la hinchada es del club.<\/span><\/p>\n<p style=\"text-align: justify;\"><span style=\"font-family: helvetica, arial, sans-serif;\">Bucaramanga podr\u00e1 contar con la presencia de mil aficionados en el Estadio <strong>El Camp\u00edn<\/strong> luego de toda la pol\u00e9mica generada y tras el acuerdo entre la<b> <\/b>\u00a0y el presidente<strong> Eduardo M\u00e9ndez.<\/strong><\/span><\/p>\n","protected":false},"excerpt":{"rendered":"<p>Atl\u00e9tico Bucaramanga fue notificado de la sanci\u00f3n que le fue impuesta por la invasi\u00f3n de la que fueron protagonistas sus hinchas tras el partido de ida de la final de la Liga colombiana ante Santa Fe. La sanci\u00f3n ser\u00e1 de tres fechas para toda la plaza del Alfonso L\u00f3pez, por lo que el conjunto santandereano [&hellip;]<\/p>\n","protected":false},"author":4,"featured_media":109369,"comment_status":"open","ping_status":"open","sticky":false,"template":"","format":"standard","meta":{"_acf_changed":false,"footnotes":""},"categories":[7],"tags":[],"class_list":{"0":"post-109368","1":"post","2":"type-post","3":"status-publish","4":"format-standard","5":"has-post-thumbnail","7":"category-liga-betplay"},"acf":[],"yoast_head":"<!-- This site is optimized with the Yoast SEO plugin v26.8 - https:\/\/yoast.com\/product\/yoast-seo-wordpress\/ -->\n<title>Dimayor sancion\u00f3 a Bucaramanga tras invasi\u00f3n de sus hinchas -<\/title>\n<meta name=\"robots\" content=\"index, follow, max-snippet:-1, max-image-preview:large, max-video-preview:-1\" \/>\n<link rel=\"canonical\" href=\"https:\/\/futbolhoy.co\/index.php\/2024\/06\/13\/dimayor-sanciono-a-bucaramanga-tras-invasion-de-sus-hinchas\/\" \/>\n<meta property=\"og:locale\" content=\"es_ES\" \/>\n<meta property=\"og:type\" content=\"article\" \/>\n<meta property=\"og:title\" content=\"Dimayor sancion\u00f3 a Bucaramanga tras invasi\u00f3n de sus hinchas -\" \/>\n<meta property=\"og:description\" content=\"Atl\u00e9tico Bucaramanga fue notificado de la sanci\u00f3n que le fue impuesta por la invasi\u00f3n de la que fueron protagonistas sus hinchas tras el partido de ida de la final de la Liga colombiana ante Santa Fe. La sanci\u00f3n ser\u00e1 de tres fechas para toda la plaza del Alfonso L\u00f3pez, por lo que el conjunto santandereano [&hellip;]\" \/>\n<meta property=\"og:url\" content=\"https:\/\/futbolhoy.co\/index.php\/2024\/06\/13\/dimayor-sanciono-a-bucaramanga-tras-invasion-de-sus-hinchas\/\" \/>\n<meta property=\"article:publisher\" content=\"https:\/\/www.facebook.com\/FutbolHoyCol\/\" \/>\n<meta property=\"article:published_time\" content=\"2024-06-13T10:13:54+00:00\" \/>\n<meta property=\"article:modified_time\" content=\"2024-06-14T00:15:22+00:00\" \/>\n<meta property=\"og:image\" content=\"https:\/\/futbolhoy.co\/wp-content\/uploads\/2024\/06\/WhatsApp-Image-2024-06-13-at-5.07.14-AM.jpeg\" \/>\n\t<meta property=\"og:image:width\" content=\"1600\" \/>\n\t<meta property=\"og:image:height\" content=\"1200\" \/>\n\t<meta property=\"og:image:type\" content=\"image\/jpeg\" \/>\n<meta name=\"author\" content=\"contenido\" \/>\n<meta name=\"twitter:card\" content=\"summary_large_image\" \/>\n<meta name=\"twitter:creator\" content=\"@FutbolHoyCol\" \/>\n<meta name=\"twitter:site\" content=\"@FutbolHoyCol\" \/>\n<meta name=\"twitter:label1\" content=\"Escrito por\" \/>\n\t<meta name=\"twitter:data1\" content=\"contenido\" \/>\n\t<meta name=\"twitter:label2\" content=\"Tiempo de lectura\" \/>\n\t<meta name=\"twitter:data2\" content=\"1 minuto\" \/>\n<script type=\"application\/ld+json\" class=\"yoast-schema-graph\">{\"@context\":\"https:\/\/schema.org\",\"@graph\":[{\"@type\":\"Article\",\"@id\":\"https:\/\/futbolhoy.co\/index.php\/2024\/06\/13\/dimayor-sanciono-a-bucaramanga-tras-invasion-de-sus-hinchas\/#article\",\"isPartOf\":{\"@id\":\"https:\/\/futbolhoy.co\/index.php\/2024\/06\/13\/dimayor-sanciono-a-bucaramanga-tras-invasion-de-sus-hinchas\/\"},\"author\":{\"name\":\"contenido\",\"@id\":\"https:\/\/futbolhoy.co\/#\/schema\/person\/1721b69355b6623eaff15ac7b92d4cc3\"},\"headline\":\"Dimayor sancion\u00f3 a Bucaramanga tras invasi\u00f3n de sus hinchas\",\"datePublished\":\"2024-06-13T10:13:54+00:00\",\"dateModified\":\"2024-06-14T00:15:22+00:00\",\"mainEntityOfPage\":{\"@id\":\"https:\/\/futbolhoy.co\/index.php\/2024\/06\/13\/dimayor-sanciono-a-bucaramanga-tras-invasion-de-sus-hinchas\/\"},\"wordCount\":159,\"commentCount\":0,\"publisher\":{\"@id\":\"https:\/\/futbolhoy.co\/#organization\"},\"image\":{\"@id\":\"https:\/\/futbolhoy.co\/index.php\/2024\/06\/13\/dimayor-sanciono-a-bucaramanga-tras-invasion-de-sus-hinchas\/#primaryimage\"},\"thumbnailUrl\":\"https:\/\/futbolhoy.co\/wp-content\/uploads\/2024\/06\/WhatsApp-Image-2024-06-13-at-5.07.14-AM.jpeg\",\"articleSection\":[\"Liga BetPlay\"],\"inLanguage\":\"es\",\"potentialAction\":[{\"@type\":\"CommentAction\",\"name\":\"Comment\",\"target\":[\"https:\/\/futbolhoy.co\/index.php\/2024\/06\/13\/dimayor-sanciono-a-bucaramanga-tras-invasion-de-sus-hinchas\/#respond\"]}]},{\"@type\":\"WebPage\",\"@id\":\"https:\/\/futbolhoy.co\/index.php\/2024\/06\/13\/dimayor-sanciono-a-bucaramanga-tras-invasion-de-sus-hinchas\/\",\"url\":\"https:\/\/futbolhoy.co\/index.php\/2024\/06\/13\/dimayor-sanciono-a-bucaramanga-tras-invasion-de-sus-hinchas\/\",\"name\":\"Dimayor sancion\u00f3 a Bucaramanga tras invasi\u00f3n de sus hinchas -\",\"isPartOf\":{\"@id\":\"https:\/\/futbolhoy.co\/#website\"},\"primaryImageOfPage\":{\"@id\":\"https:\/\/futbolhoy.co\/index.php\/2024\/06\/13\/dimayor-sanciono-a-bucaramanga-tras-invasion-de-sus-hinchas\/#primaryimage\"},\"image\":{\"@id\":\"https:\/\/futbolhoy.co\/index.php\/2024\/06\/13\/dimayor-sanciono-a-bucaramanga-tras-invasion-de-sus-hinchas\/#primaryimage\"},\"thumbnailUrl\":\"https:\/\/futbolhoy.co\/wp-content\/uploads\/2024\/06\/WhatsApp-Image-2024-06-13-at-5.07.14-AM.jpeg\",\"datePublished\":\"2024-06-13T10:13:54+00:00\",\"dateModified\":\"2024-06-14T00:15:22+00:00\",\"breadcrumb\":{\"@id\":\"https:\/\/futbolhoy.co\/index.php\/2024\/06\/13\/dimayor-sanciono-a-bucaramanga-tras-invasion-de-sus-hinchas\/#breadcrumb\"},\"inLanguage\":\"es\",\"potentialAction\":[{\"@type\":\"ReadAction\",\"target\":[\"https:\/\/futbolhoy.co\/index.php\/2024\/06\/13\/dimayor-sanciono-a-bucaramanga-tras-invasion-de-sus-hinchas\/\"]}]},{\"@type\":\"ImageObject\",\"inLanguage\":\"es\",\"@id\":\"https:\/\/futbolhoy.co\/index.php\/2024\/06\/13\/dimayor-sanciono-a-bucaramanga-tras-invasion-de-sus-hinchas\/#primaryimage\",\"url\":\"https:\/\/futbolhoy.co\/wp-content\/uploads\/2024\/06\/WhatsApp-Image-2024-06-13-at-5.07.14-AM.jpeg\",\"contentUrl\":\"https:\/\/futbolhoy.co\/wp-content\/uploads\/2024\/06\/WhatsApp-Image-2024-06-13-at-5.07.14-AM.jpeg\",\"width\":1600,\"height\":1200},{\"@type\":\"BreadcrumbList\",\"@id\":\"https:\/\/futbolhoy.co\/index.php\/2024\/06\/13\/dimayor-sanciono-a-bucaramanga-tras-invasion-de-sus-hinchas\/#breadcrumb\",\"itemListElement\":[{\"@type\":\"ListItem\",\"position\":1,\"name\":\"Portada\",\"item\":\"https:\/\/futbolhoy.co\/\"},{\"@type\":\"ListItem\",\"position\":2,\"name\":\"Dimayor sancion\u00f3 a Bucaramanga tras invasi\u00f3n de sus hinchas\"}]},{\"@type\":\"WebSite\",\"@id\":\"https:\/\/futbolhoy.co\/#website\",\"url\":\"https:\/\/futbolhoy.co\/\",\"name\":\"FutbolHoy\",\"description\":\"\",\"publisher\":{\"@id\":\"https:\/\/futbolhoy.co\/#organization\"},\"potentialAction\":[{\"@type\":\"SearchAction\",\"target\":{\"@type\":\"EntryPoint\",\"urlTemplate\":\"https:\/\/futbolhoy.co\/?s={search_term_string}\"},\"query-input\":{\"@type\":\"PropertyValueSpecification\",\"valueRequired\":true,\"valueName\":\"search_term_string\"}}],\"inLanguage\":\"es\"},{\"@type\":\"Organization\",\"@id\":\"https:\/\/futbolhoy.co\/#organization\",\"name\":\"Futbolhoy.co\",\"url\":\"https:\/\/futbolhoy.co\/\",\"logo\":{\"@type\":\"ImageObject\",\"inLanguage\":\"es\",\"@id\":\"https:\/\/futbolhoy.co\/#\/schema\/logo\/image\/\",\"url\":\"https:\/\/futbolhoy.co\/wp-content\/uploads\/2018\/08\/17426380_1906371736249227_6326180412931521141_n.jpg\",\"contentUrl\":\"https:\/\/futbolhoy.co\/wp-content\/uploads\/2018\/08\/17426380_1906371736249227_6326180412931521141_n.jpg\",\"width\":960,\"height\":960,\"caption\":\"Futbolhoy.co\"},\"image\":{\"@id\":\"https:\/\/futbolhoy.co\/#\/schema\/logo\/image\/\"},\"sameAs\":[\"https:\/\/www.facebook.com\/FutbolHoyCol\/\",\"https:\/\/x.com\/FutbolHoyCol\",\"https:\/\/www.instagram.com\/futbolhoycol\/\"]},{\"@type\":\"Person\",\"@id\":\"https:\/\/futbolhoy.co\/#\/schema\/person\/1721b69355b6623eaff15ac7b92d4cc3\",\"name\":\"contenido\",\"image\":{\"@type\":\"ImageObject\",\"inLanguage\":\"es\",\"@id\":\"https:\/\/futbolhoy.co\/#\/schema\/person\/image\/\",\"url\":\"https:\/\/secure.gravatar.com\/avatar\/4f656d3256f5134f466206e7c3941518?s=96&d=mm&r=g\",\"contentUrl\":\"https:\/\/secure.gravatar.com\/avatar\/4f656d3256f5134f466206e7c3941518?s=96&d=mm&r=g\",\"caption\":\"contenido\"}}]}<\/script>\n<!-- \/ Yoast SEO plugin. -->","yoast_head_json":{"title":"Dimayor sancion\u00f3 a Bucaramanga tras invasi\u00f3n de sus hinchas -","robots":{"index":"index","follow":"follow","max-snippet":"max-snippet:-1","max-image-preview":"max-image-preview:large","max-video-preview":"max-video-preview:-1"},"canonical":"https:\/\/futbolhoy.co\/index.php\/2024\/06\/13\/dimayor-sanciono-a-bucaramanga-tras-invasion-de-sus-hinchas\/","og_locale":"es_ES","og_type":"article","og_title":"Dimayor sancion\u00f3 a Bucaramanga tras invasi\u00f3n de sus hinchas -","og_description":"Atl\u00e9tico Bucaramanga fue notificado de la sanci\u00f3n que le fue impuesta por la invasi\u00f3n de la que fueron protagonistas sus hinchas tras el partido de ida de la final de la Liga colombiana ante Santa Fe. La sanci\u00f3n ser\u00e1 de tres fechas para toda la plaza del Alfonso L\u00f3pez, por lo que el conjunto santandereano [&hellip;]","og_url":"https:\/\/futbolhoy.co\/index.php\/2024\/06\/13\/dimayor-sanciono-a-bucaramanga-tras-invasion-de-sus-hinchas\/","article_publisher":"https:\/\/www.facebook.com\/FutbolHoyCol\/","article_published_time":"2024-06-13T10:13:54+00:00","article_modified_time":"2024-06-14T00:15:22+00:00","og_image":[{"width":1600,"height":1200,"url":"https:\/\/futbolhoy.co\/wp-content\/uploads\/2024\/06\/WhatsApp-Image-2024-06-13-at-5.07.14-AM.jpeg","type":"image\/jpeg"}],"author":"contenido","twitter_card":"summary_large_image","twitter_creator":"@FutbolHoyCol","twitter_site":"@FutbolHoyCol","twitter_misc":{"Escrito por":"contenido","Tiempo de lectura":"1 minuto"},"schema":{"@context":"https:\/\/schema.org","@graph":[{"@type":"Article","@id":"https:\/\/futbolhoy.co\/index.php\/2024\/06\/13\/dimayor-sanciono-a-bucaramanga-tras-invasion-de-sus-hinchas\/#article","isPartOf":{"@id":"https:\/\/futbolhoy.co\/index.php\/2024\/06\/13\/dimayor-sanciono-a-bucaramanga-tras-invasion-de-sus-hinchas\/"},"author":{"name":"contenido","@id":"https:\/\/futbolhoy.co\/#\/schema\/person\/1721b69355b6623eaff15ac7b92d4cc3"},"headline":"Dimayor sancion\u00f3 a Bucaramanga tras invasi\u00f3n de sus hinchas","datePublished":"2024-06-13T10:13:54+00:00","dateModified":"2024-06-14T00:15:22+00:00","mainEntityOfPage":{"@id":"https:\/\/futbolhoy.co\/index.php\/2024\/06\/13\/dimayor-sanciono-a-bucaramanga-tras-invasion-de-sus-hinchas\/"},"wordCount":159,"commentCount":0,"publisher":{"@id":"https:\/\/futbolhoy.co\/#organization"},"image":{"@id":"https:\/\/futbolhoy.co\/index.php\/2024\/06\/13\/dimayor-sanciono-a-bucaramanga-tras-invasion-de-sus-hinchas\/#primaryimage"},"thumbnailUrl":"https:\/\/futbolhoy.co\/wp-content\/uploads\/2024\/06\/WhatsApp-Image-2024-06-13-at-5.07.14-AM.jpeg","articleSection":["Liga BetPlay"],"inLanguage":"es","potentialAction":[{"@type":"CommentAction","name":"Comment","target":["https:\/\/futbolhoy.co\/index.php\/2024\/06\/13\/dimayor-sanciono-a-bucaramanga-tras-invasion-de-sus-hinchas\/#respond"]}]},{"@type":"WebPage","@id":"https:\/\/futbolhoy.co\/index.php\/2024\/06\/13\/dimayor-sanciono-a-bucaramanga-tras-invasion-de-sus-hinchas\/","url":"https:\/\/futbolhoy.co\/index.php\/2024\/06\/13\/dimayor-sanciono-a-bucaramanga-tras-invasion-de-sus-hinchas\/","name":"Dimayor sancion\u00f3 a Bucaramanga tras invasi\u00f3n de sus hinchas -","isPartOf":{"@id":"https:\/\/futbolhoy.co\/#website"},"primaryImageOfPage":{"@id":"https:\/\/futbolhoy.co\/index.php\/2024\/06\/13\/dimayor-sanciono-a-bucaramanga-tras-invasion-de-sus-hinchas\/#primaryimage"},"image":{"@id":"https:\/\/futbolhoy.co\/index.php\/2024\/06\/13\/dimayor-sanciono-a-bucaramanga-tras-invasion-de-sus-hinchas\/#primaryimage"},"thumbnailUrl":"https:\/\/futbolhoy.co\/wp-content\/uploads\/2024\/06\/WhatsApp-Image-2024-06-13-at-5.07.14-AM.jpeg","datePublished":"2024-06-13T10:13:54+00:00","dateModified":"2024-06-14T00:15:22+00:00","breadcrumb":{"@id":"https:\/\/futbolhoy.co\/index.php\/2024\/06\/13\/dimayor-sanciono-a-bucaramanga-tras-invasion-de-sus-hinchas\/#breadcrumb"},"inLanguage":"es","potentialAction":[{"@type":"ReadAction","target":["https:\/\/futbolhoy.co\/index.php\/2024\/06\/13\/dimayor-sanciono-a-bucaramanga-tras-invasion-de-sus-hinchas\/"]}]},{"@type":"ImageObject","inLanguage":"es","@id":"https:\/\/futbolhoy.co\/index.php\/2024\/06\/13\/dimayor-sanciono-a-bucaramanga-tras-invasion-de-sus-hinchas\/#primaryimage","url":"https:\/\/futbolhoy.co\/wp-content\/uploads\/2024\/06\/WhatsApp-Image-2024-06-13-at-5.07.14-AM.jpeg","contentUrl":"https:\/\/futbolhoy.co\/wp-content\/uploads\/2024\/06\/WhatsApp-Image-2024-06-13-at-5.07.14-AM.jpeg","width":1600,"height":1200},{"@type":"BreadcrumbList","@id":"https:\/\/futbolhoy.co\/index.php\/2024\/06\/13\/dimayor-sanciono-a-bucaramanga-tras-invasion-de-sus-hinchas\/#breadcrumb","itemListElement":[{"@type":"ListItem","position":1,"name":"Portada","item":"https:\/\/futbolhoy.co\/"},{"@type":"ListItem","position":2,"name":"Dimayor sancion\u00f3 a Bucaramanga tras invasi\u00f3n de sus hinchas"}]},{"@type":"WebSite","@id":"https:\/\/futbolhoy.co\/#website","url":"https:\/\/futbolhoy.co\/","name":"FutbolHoy","description":"","publisher":{"@id":"https:\/\/futbolhoy.co\/#organization"},"potentialAction":[{"@type":"SearchAction","target":{"@type":"EntryPoint","urlTemplate":"https:\/\/futbolhoy.co\/?s={search_term_string}"},"query-input":{"@type":"PropertyValueSpecification","valueRequired":true,"valueName":"search_term_string"}}],"inLanguage":"es"},{"@type":"Organization","@id":"https:\/\/futbolhoy.co\/#organization","name":"Futbolhoy.co","url":"https:\/\/futbolhoy.co\/","logo":{"@type":"ImageObject","inLanguage":"es","@id":"https:\/\/futbolhoy.co\/#\/schema\/logo\/image\/","url":"https:\/\/futbolhoy.co\/wp-content\/uploads\/2018\/08\/17426380_1906371736249227_6326180412931521141_n.jpg","contentUrl":"https:\/\/futbolhoy.co\/wp-content\/uploads\/2018\/08\/17426380_1906371736249227_6326180412931521141_n.jpg","width":960,"height":960,"caption":"Futbolhoy.co"},"image":{"@id":"https:\/\/futbolhoy.co\/#\/schema\/logo\/image\/"},"sameAs":["https:\/\/www.facebook.com\/FutbolHoyCol\/","https:\/\/x.com\/FutbolHoyCol","https:\/\/www.instagram.com\/futbolhoycol\/"]},{"@type":"Person","@id":"https:\/\/futbolhoy.co\/#\/schema\/person\/1721b69355b6623eaff15ac7b92d4cc3","name":"contenido","image":{"@type":"ImageObject","inLanguage":"es","@id":"https:\/\/futbolhoy.co\/#\/schema\/person\/image\/","url":"https:\/\/secure.gravatar.com\/avatar\/4f656d3256f5134f466206e7c3941518?s=96&d=mm&r=g","contentUrl":"https:\/\/secure.gravatar.com\/avatar\/4f656d3256f5134f466206e7c3941518?s=96&d=mm&r=g","caption":"contenido"}}]}},"publishpress_future_action":{"enabled":false,"date":"2026-05-04 18:05:15","action":"change-status","newStatus":"draft","terms":[],"taxonomy":"category","extraData":[]},"publishpress_future_workflow_manual_trigger":{"enabledWorkflows":[]},"_links":{"self":[{"href":"https:\/\/futbolhoy.co\/index.php\/wp-json\/wp\/v2\/posts\/109368","targetHints":{"allow":["GET"]}}],"collection":[{"href":"https:\/\/futbolhoy.co\/index.php\/wp-json\/wp\/v2\/posts"}],"about":[{"href":"https:\/\/futbolhoy.co\/index.php\/wp-json\/wp\/v2\/types\/post"}],"author":[{"embeddable":true,"href":"https:\/\/futbolhoy.co\/index.php\/wp-json\/wp\/v2\/users\/4"}],"replies":[{"embeddable":true,"href":"https:\/\/futbolhoy.co\/index.php\/wp-json\/wp\/v2\/comments?post=109368"}],"version-history":[{"count":1,"href":"https:\/\/futbolhoy.co\/index.php\/wp-json\/wp\/v2\/posts\/109368\/revisions"}],"predecessor-version":[{"id":109370,"href":"https:\/\/futbolhoy.co\/index.php\/wp-json\/wp\/v2\/posts\/109368\/revisions\/109370"}],"wp:featuredmedia":[{"embeddable":true,"href":"https:\/\/futbolhoy.co\/index.php\/wp-json\/wp\/v2\/media\/109369"}],"wp:attachment":[{"href":"https:\/\/futbolhoy.co\/index.php\/wp-json\/wp\/v2\/media?parent=109368"}],"wp:term":[{"taxonomy":"category","embeddable":true,"href":"https:\/\/futbolhoy.co\/index.php\/wp-json\/wp\/v2\/categories?post=109368"},{"taxonomy":"post_tag","embeddable":true,"href":"https:\/\/futbolhoy.co\/index.php\/wp-json\/wp\/v2\/tags?post=109368"}],"curies":[{"name":"wp","href":"https:\/\/api.w.org\/{rel}","templated":true}]}}