{"id":109386,"date":"2024-06-13T07:56:39","date_gmt":"2024-06-13T12:56:39","guid":{"rendered":"https:\/\/futbolhoy.co\/?p=109386"},"modified":"2024-06-13T20:03:44","modified_gmt":"2024-06-14T01:03:44","slug":"borussia-dortmund-se-quedo-sin-dt-renuncio-edin-terzic","status":"publish","type":"post","link":"https:\/\/futbolhoy.co\/index.php\/2024\/06\/13\/borussia-dortmund-se-quedo-sin-dt-renuncio-edin-terzic\/","title":{"rendered":"Borussia Dortmund se qued\u00f3 sin DT: renunci\u00f3 Edin Terzic"},"content":{"rendered":"<p style=\"text-align: justify;\"><span style=\"font-family: helvetica, arial, sans-serif;\"><b>Este jueves el Borussia Dortmund<\/b><span style=\"font-weight: 400;\"> sorprendi\u00f3 con la noticia de quedarse sin t\u00e9cnico para la pr\u00f3xima <\/span><b>temporada, tras la renuncia de Edin Terzic del cargo<\/b><span style=\"font-weight: 400;\">, tras haber llegado a la final de la Champions League hace menos de un mes.<\/span><\/span><\/p>\n<p style=\"text-align: justify;\"><span style=\"font-family: helvetica, arial, sans-serif;\"><span style=\"font-weight: 400;\">El propio Terzic, en un video publicado en redes sociales, <\/span><b>explic\u00f3 que tras haber hablado con los directivos del club<\/b><span style=\"font-weight: 400;\"> hab\u00eda llegado a la conclusi\u00f3n de que era hora de que otra persona tomara las riendas del equipo.<\/span><\/span><\/p>\n<p style=\"text-align: justify;\"><span style=\"font-family: helvetica, arial, sans-serif;\"><b>\"Es un momento dif\u00edcil para m\u00ed tras 15 a\u00f1os de trabajar en el club.<\/b><span style=\"font-weight: 400;\"> Los \u00faltimos 6 a\u00f1os en el equipo de entrenadores han sido especiales y para mi ha sido un gran honor haber podido llevar al equipo a ganar la Copa de Alemania y a la final de la Liga de Campeones\", dijo Terzic.<\/span><\/span><\/p>\n<p style=\"text-align: justify;\"><span style=\"font-family: helvetica, arial, sans-serif;\"><span style=\"font-weight: 400;\">Este mismo jueves hubo una reuni\u00f3n en las directivas del Dortmund y la primera decisi\u00f3n <\/span><b>que se tom\u00f3 fue aceptar la renuncia del entrenador.<\/b><\/span><\/p>\n<p style=\"text-align: justify;\"><span style=\"font-weight: 400; font-family: helvetica, arial, sans-serif;\">Si bien el Dortmund clasific\u00f3 a la final de la Champions League, donde cay\u00f3 ante el Real Madrid, en la Bundesliga el equipo no consigui\u00f3 grandes logros, terminando en la quinta casilla en la temporada.<\/span><\/p>\n<p style=\"text-align: justify;\"><span style=\"font-family: helvetica, arial, sans-serif;\"><span style=\"font-weight: 400;\">Seg\u00fan inform\u00f3 el diario Bild, <\/span><b>Nuri Sahin, exjugador del Dortmund y del Madrid,<\/b><span style=\"font-weight: 400;\"> podr\u00eda relevar a Terzic en el banquillo y ser asistido por Sven Bender <\/span><b>como segundo entrenador.<\/b><\/span><\/p>\n","protected":false},"excerpt":{"rendered":"<p>Este jueves el Borussia Dortmund sorprendi\u00f3 con la noticia de quedarse sin t\u00e9cnico para la pr\u00f3xima temporada, tras la renuncia de Edin Terzic del cargo, tras haber llegado a la final de la Champions League hace menos de un mes. El propio Terzic, en un video publicado en redes sociales, explic\u00f3 que tras haber hablado [&hellip;]<\/p>\n","protected":false},"author":4,"featured_media":109387,"comment_status":"open","ping_status":"open","sticky":false,"template":"","format":"standard","meta":{"_acf_changed":false,"footnotes":""},"categories":[152],"tags":[],"class_list":{"0":"post-109386","1":"post","2":"type-post","3":"status-publish","4":"format-standard","5":"has-post-thumbnail","7":"category-mundo-futbol"},"acf":[],"yoast_head":"<!-- This site is optimized with the Yoast SEO plugin v26.8 - https:\/\/yoast.com\/product\/yoast-seo-wordpress\/ -->\n<title>Borussia Dortmund se qued\u00f3 sin DT: renunci\u00f3 Edin Terzic -<\/title>\n<meta name=\"robots\" content=\"index, follow, max-snippet:-1, max-image-preview:large, max-video-preview:-1\" \/>\n<link rel=\"canonical\" href=\"https:\/\/futbolhoy.co\/index.php\/2024\/06\/13\/borussia-dortmund-se-quedo-sin-dt-renuncio-edin-terzic\/\" \/>\n<meta property=\"og:locale\" content=\"es_ES\" \/>\n<meta property=\"og:type\" content=\"article\" \/>\n<meta property=\"og:title\" content=\"Borussia Dortmund se qued\u00f3 sin DT: renunci\u00f3 Edin Terzic -\" \/>\n<meta property=\"og:description\" content=\"Este jueves el Borussia Dortmund sorprendi\u00f3 con la noticia de quedarse sin t\u00e9cnico para la pr\u00f3xima temporada, tras la renuncia de Edin Terzic del cargo, tras haber llegado a la final de la Champions League hace menos de un mes. El propio Terzic, en un video publicado en redes sociales, explic\u00f3 que tras haber hablado [&hellip;]\" \/>\n<meta property=\"og:url\" content=\"https:\/\/futbolhoy.co\/index.php\/2024\/06\/13\/borussia-dortmund-se-quedo-sin-dt-renuncio-edin-terzic\/\" \/>\n<meta property=\"article:publisher\" content=\"https:\/\/www.facebook.com\/FutbolHoyCol\/\" \/>\n<meta property=\"article:published_time\" content=\"2024-06-13T12:56:39+00:00\" \/>\n<meta property=\"article:modified_time\" content=\"2024-06-14T01:03:44+00:00\" \/>\n<meta property=\"og:image\" content=\"https:\/\/futbolhoy.co\/wp-content\/uploads\/2024\/06\/GP8sqCaXIAAT1bX-scaled.jpeg\" \/>\n\t<meta property=\"og:image:width\" content=\"2560\" \/>\n\t<meta property=\"og:image:height\" content=\"1706\" \/>\n\t<meta property=\"og:image:type\" content=\"image\/jpeg\" \/>\n<meta name=\"author\" content=\"contenido\" \/>\n<meta name=\"twitter:card\" content=\"summary_large_image\" \/>\n<meta name=\"twitter:creator\" content=\"@FutbolHoyCol\" \/>\n<meta name=\"twitter:site\" content=\"@FutbolHoyCol\" \/>\n<meta name=\"twitter:label1\" content=\"Escrito por\" \/>\n\t<meta name=\"twitter:data1\" content=\"contenido\" \/>\n\t<meta name=\"twitter:label2\" content=\"Tiempo de lectura\" \/>\n\t<meta name=\"twitter:data2\" content=\"1 minuto\" \/>\n<script type=\"application\/ld+json\" class=\"yoast-schema-graph\">{\"@context\":\"https:\/\/schema.org\",\"@graph\":[{\"@type\":\"Article\",\"@id\":\"https:\/\/futbolhoy.co\/index.php\/2024\/06\/13\/borussia-dortmund-se-quedo-sin-dt-renuncio-edin-terzic\/#article\",\"isPartOf\":{\"@id\":\"https:\/\/futbolhoy.co\/index.php\/2024\/06\/13\/borussia-dortmund-se-quedo-sin-dt-renuncio-edin-terzic\/\"},\"author\":{\"name\":\"contenido\",\"@id\":\"https:\/\/futbolhoy.co\/#\/schema\/person\/1721b69355b6623eaff15ac7b92d4cc3\"},\"headline\":\"Borussia Dortmund se qued\u00f3 sin DT: renunci\u00f3 Edin Terzic\",\"datePublished\":\"2024-06-13T12:56:39+00:00\",\"dateModified\":\"2024-06-14T01:03:44+00:00\",\"mainEntityOfPage\":{\"@id\":\"https:\/\/futbolhoy.co\/index.php\/2024\/06\/13\/borussia-dortmund-se-quedo-sin-dt-renuncio-edin-terzic\/\"},\"wordCount\":240,\"commentCount\":0,\"publisher\":{\"@id\":\"https:\/\/futbolhoy.co\/#organization\"},\"image\":{\"@id\":\"https:\/\/futbolhoy.co\/index.php\/2024\/06\/13\/borussia-dortmund-se-quedo-sin-dt-renuncio-edin-terzic\/#primaryimage\"},\"thumbnailUrl\":\"https:\/\/futbolhoy.co\/wp-content\/uploads\/2024\/06\/GP8sqCaXIAAT1bX-scaled.jpeg\",\"articleSection\":[\"Mundo Futbol\"],\"inLanguage\":\"es\",\"potentialAction\":[{\"@type\":\"CommentAction\",\"name\":\"Comment\",\"target\":[\"https:\/\/futbolhoy.co\/index.php\/2024\/06\/13\/borussia-dortmund-se-quedo-sin-dt-renuncio-edin-terzic\/#respond\"]}]},{\"@type\":\"WebPage\",\"@id\":\"https:\/\/futbolhoy.co\/index.php\/2024\/06\/13\/borussia-dortmund-se-quedo-sin-dt-renuncio-edin-terzic\/\",\"url\":\"https:\/\/futbolhoy.co\/index.php\/2024\/06\/13\/borussia-dortmund-se-quedo-sin-dt-renuncio-edin-terzic\/\",\"name\":\"Borussia Dortmund se qued\u00f3 sin DT: renunci\u00f3 Edin Terzic -\",\"isPartOf\":{\"@id\":\"https:\/\/futbolhoy.co\/#website\"},\"primaryImageOfPage\":{\"@id\":\"https:\/\/futbolhoy.co\/index.php\/2024\/06\/13\/borussia-dortmund-se-quedo-sin-dt-renuncio-edin-terzic\/#primaryimage\"},\"image\":{\"@id\":\"https:\/\/futbolhoy.co\/index.php\/2024\/06\/13\/borussia-dortmund-se-quedo-sin-dt-renuncio-edin-terzic\/#primaryimage\"},\"thumbnailUrl\":\"https:\/\/futbolhoy.co\/wp-content\/uploads\/2024\/06\/GP8sqCaXIAAT1bX-scaled.jpeg\",\"datePublished\":\"2024-06-13T12:56:39+00:00\",\"dateModified\":\"2024-06-14T01:03:44+00:00\",\"breadcrumb\":{\"@id\":\"https:\/\/futbolhoy.co\/index.php\/2024\/06\/13\/borussia-dortmund-se-quedo-sin-dt-renuncio-edin-terzic\/#breadcrumb\"},\"inLanguage\":\"es\",\"potentialAction\":[{\"@type\":\"ReadAction\",\"target\":[\"https:\/\/futbolhoy.co\/index.php\/2024\/06\/13\/borussia-dortmund-se-quedo-sin-dt-renuncio-edin-terzic\/\"]}]},{\"@type\":\"ImageObject\",\"inLanguage\":\"es\",\"@id\":\"https:\/\/futbolhoy.co\/index.php\/2024\/06\/13\/borussia-dortmund-se-quedo-sin-dt-renuncio-edin-terzic\/#primaryimage\",\"url\":\"https:\/\/futbolhoy.co\/wp-content\/uploads\/2024\/06\/GP8sqCaXIAAT1bX-scaled.jpeg\",\"contentUrl\":\"https:\/\/futbolhoy.co\/wp-content\/uploads\/2024\/06\/GP8sqCaXIAAT1bX-scaled.jpeg\",\"width\":2560,\"height\":1706},{\"@type\":\"BreadcrumbList\",\"@id\":\"https:\/\/futbolhoy.co\/index.php\/2024\/06\/13\/borussia-dortmund-se-quedo-sin-dt-renuncio-edin-terzic\/#breadcrumb\",\"itemListElement\":[{\"@type\":\"ListItem\",\"position\":1,\"name\":\"Portada\",\"item\":\"https:\/\/futbolhoy.co\/\"},{\"@type\":\"ListItem\",\"position\":2,\"name\":\"Borussia Dortmund se qued\u00f3 sin DT: renunci\u00f3 Edin Terzic\"}]},{\"@type\":\"WebSite\",\"@id\":\"https:\/\/futbolhoy.co\/#website\",\"url\":\"https:\/\/futbolhoy.co\/\",\"name\":\"FutbolHoy\",\"description\":\"\",\"publisher\":{\"@id\":\"https:\/\/futbolhoy.co\/#organization\"},\"potentialAction\":[{\"@type\":\"SearchAction\",\"target\":{\"@type\":\"EntryPoint\",\"urlTemplate\":\"https:\/\/futbolhoy.co\/?s={search_term_string}\"},\"query-input\":{\"@type\":\"PropertyValueSpecification\",\"valueRequired\":true,\"valueName\":\"search_term_string\"}}],\"inLanguage\":\"es\"},{\"@type\":\"Organization\",\"@id\":\"https:\/\/futbolhoy.co\/#organization\",\"name\":\"Futbolhoy.co\",\"url\":\"https:\/\/futbolhoy.co\/\",\"logo\":{\"@type\":\"ImageObject\",\"inLanguage\":\"es\",\"@id\":\"https:\/\/futbolhoy.co\/#\/schema\/logo\/image\/\",\"url\":\"https:\/\/futbolhoy.co\/wp-content\/uploads\/2018\/08\/17426380_1906371736249227_6326180412931521141_n.jpg\",\"contentUrl\":\"https:\/\/futbolhoy.co\/wp-content\/uploads\/2018\/08\/17426380_1906371736249227_6326180412931521141_n.jpg\",\"width\":960,\"height\":960,\"caption\":\"Futbolhoy.co\"},\"image\":{\"@id\":\"https:\/\/futbolhoy.co\/#\/schema\/logo\/image\/\"},\"sameAs\":[\"https:\/\/www.facebook.com\/FutbolHoyCol\/\",\"https:\/\/x.com\/FutbolHoyCol\",\"https:\/\/www.instagram.com\/futbolhoycol\/\"]},{\"@type\":\"Person\",\"@id\":\"https:\/\/futbolhoy.co\/#\/schema\/person\/1721b69355b6623eaff15ac7b92d4cc3\",\"name\":\"contenido\",\"image\":{\"@type\":\"ImageObject\",\"inLanguage\":\"es\",\"@id\":\"https:\/\/futbolhoy.co\/#\/schema\/person\/image\/\",\"url\":\"https:\/\/secure.gravatar.com\/avatar\/4f656d3256f5134f466206e7c3941518?s=96&d=mm&r=g\",\"contentUrl\":\"https:\/\/secure.gravatar.com\/avatar\/4f656d3256f5134f466206e7c3941518?s=96&d=mm&r=g\",\"caption\":\"contenido\"}}]}<\/script>\n<!-- \/ Yoast SEO plugin. -->","yoast_head_json":{"title":"Borussia Dortmund se qued\u00f3 sin DT: renunci\u00f3 Edin Terzic -","robots":{"index":"index","follow":"follow","max-snippet":"max-snippet:-1","max-image-preview":"max-image-preview:large","max-video-preview":"max-video-preview:-1"},"canonical":"https:\/\/futbolhoy.co\/index.php\/2024\/06\/13\/borussia-dortmund-se-quedo-sin-dt-renuncio-edin-terzic\/","og_locale":"es_ES","og_type":"article","og_title":"Borussia Dortmund se qued\u00f3 sin DT: renunci\u00f3 Edin Terzic -","og_description":"Este jueves el Borussia Dortmund sorprendi\u00f3 con la noticia de quedarse sin t\u00e9cnico para la pr\u00f3xima temporada, tras la renuncia de Edin Terzic del cargo, tras haber llegado a la final de la Champions League hace menos de un mes. El propio Terzic, en un video publicado en redes sociales, explic\u00f3 que tras haber hablado [&hellip;]","og_url":"https:\/\/futbolhoy.co\/index.php\/2024\/06\/13\/borussia-dortmund-se-quedo-sin-dt-renuncio-edin-terzic\/","article_publisher":"https:\/\/www.facebook.com\/FutbolHoyCol\/","article_published_time":"2024-06-13T12:56:39+00:00","article_modified_time":"2024-06-14T01:03:44+00:00","og_image":[{"width":2560,"height":1706,"url":"https:\/\/futbolhoy.co\/wp-content\/uploads\/2024\/06\/GP8sqCaXIAAT1bX-scaled.jpeg","type":"image\/jpeg"}],"author":"contenido","twitter_card":"summary_large_image","twitter_creator":"@FutbolHoyCol","twitter_site":"@FutbolHoyCol","twitter_misc":{"Escrito por":"contenido","Tiempo de lectura":"1 minuto"},"schema":{"@context":"https:\/\/schema.org","@graph":[{"@type":"Article","@id":"https:\/\/futbolhoy.co\/index.php\/2024\/06\/13\/borussia-dortmund-se-quedo-sin-dt-renuncio-edin-terzic\/#article","isPartOf":{"@id":"https:\/\/futbolhoy.co\/index.php\/2024\/06\/13\/borussia-dortmund-se-quedo-sin-dt-renuncio-edin-terzic\/"},"author":{"name":"contenido","@id":"https:\/\/futbolhoy.co\/#\/schema\/person\/1721b69355b6623eaff15ac7b92d4cc3"},"headline":"Borussia Dortmund se qued\u00f3 sin DT: renunci\u00f3 Edin Terzic","datePublished":"2024-06-13T12:56:39+00:00","dateModified":"2024-06-14T01:03:44+00:00","mainEntityOfPage":{"@id":"https:\/\/futbolhoy.co\/index.php\/2024\/06\/13\/borussia-dortmund-se-quedo-sin-dt-renuncio-edin-terzic\/"},"wordCount":240,"commentCount":0,"publisher":{"@id":"https:\/\/futbolhoy.co\/#organization"},"image":{"@id":"https:\/\/futbolhoy.co\/index.php\/2024\/06\/13\/borussia-dortmund-se-quedo-sin-dt-renuncio-edin-terzic\/#primaryimage"},"thumbnailUrl":"https:\/\/futbolhoy.co\/wp-content\/uploads\/2024\/06\/GP8sqCaXIAAT1bX-scaled.jpeg","articleSection":["Mundo Futbol"],"inLanguage":"es","potentialAction":[{"@type":"CommentAction","name":"Comment","target":["https:\/\/futbolhoy.co\/index.php\/2024\/06\/13\/borussia-dortmund-se-quedo-sin-dt-renuncio-edin-terzic\/#respond"]}]},{"@type":"WebPage","@id":"https:\/\/futbolhoy.co\/index.php\/2024\/06\/13\/borussia-dortmund-se-quedo-sin-dt-renuncio-edin-terzic\/","url":"https:\/\/futbolhoy.co\/index.php\/2024\/06\/13\/borussia-dortmund-se-quedo-sin-dt-renuncio-edin-terzic\/","name":"Borussia Dortmund se qued\u00f3 sin DT: renunci\u00f3 Edin Terzic -","isPartOf":{"@id":"https:\/\/futbolhoy.co\/#website"},"primaryImageOfPage":{"@id":"https:\/\/futbolhoy.co\/index.php\/2024\/06\/13\/borussia-dortmund-se-quedo-sin-dt-renuncio-edin-terzic\/#primaryimage"},"image":{"@id":"https:\/\/futbolhoy.co\/index.php\/2024\/06\/13\/borussia-dortmund-se-quedo-sin-dt-renuncio-edin-terzic\/#primaryimage"},"thumbnailUrl":"https:\/\/futbolhoy.co\/wp-content\/uploads\/2024\/06\/GP8sqCaXIAAT1bX-scaled.jpeg","datePublished":"2024-06-13T12:56:39+00:00","dateModified":"2024-06-14T01:03:44+00:00","breadcrumb":{"@id":"https:\/\/futbolhoy.co\/index.php\/2024\/06\/13\/borussia-dortmund-se-quedo-sin-dt-renuncio-edin-terzic\/#breadcrumb"},"inLanguage":"es","potentialAction":[{"@type":"ReadAction","target":["https:\/\/futbolhoy.co\/index.php\/2024\/06\/13\/borussia-dortmund-se-quedo-sin-dt-renuncio-edin-terzic\/"]}]},{"@type":"ImageObject","inLanguage":"es","@id":"https:\/\/futbolhoy.co\/index.php\/2024\/06\/13\/borussia-dortmund-se-quedo-sin-dt-renuncio-edin-terzic\/#primaryimage","url":"https:\/\/futbolhoy.co\/wp-content\/uploads\/2024\/06\/GP8sqCaXIAAT1bX-scaled.jpeg","contentUrl":"https:\/\/futbolhoy.co\/wp-content\/uploads\/2024\/06\/GP8sqCaXIAAT1bX-scaled.jpeg","width":2560,"height":1706},{"@type":"BreadcrumbList","@id":"https:\/\/futbolhoy.co\/index.php\/2024\/06\/13\/borussia-dortmund-se-quedo-sin-dt-renuncio-edin-terzic\/#breadcrumb","itemListElement":[{"@type":"ListItem","position":1,"name":"Portada","item":"https:\/\/futbolhoy.co\/"},{"@type":"ListItem","position":2,"name":"Borussia Dortmund se qued\u00f3 sin DT: renunci\u00f3 Edin Terzic"}]},{"@type":"WebSite","@id":"https:\/\/futbolhoy.co\/#website","url":"https:\/\/futbolhoy.co\/","name":"FutbolHoy","description":"","publisher":{"@id":"https:\/\/futbolhoy.co\/#organization"},"potentialAction":[{"@type":"SearchAction","target":{"@type":"EntryPoint","urlTemplate":"https:\/\/futbolhoy.co\/?s={search_term_string}"},"query-input":{"@type":"PropertyValueSpecification","valueRequired":true,"valueName":"search_term_string"}}],"inLanguage":"es"},{"@type":"Organization","@id":"https:\/\/futbolhoy.co\/#organization","name":"Futbolhoy.co","url":"https:\/\/futbolhoy.co\/","logo":{"@type":"ImageObject","inLanguage":"es","@id":"https:\/\/futbolhoy.co\/#\/schema\/logo\/image\/","url":"https:\/\/futbolhoy.co\/wp-content\/uploads\/2018\/08\/17426380_1906371736249227_6326180412931521141_n.jpg","contentUrl":"https:\/\/futbolhoy.co\/wp-content\/uploads\/2018\/08\/17426380_1906371736249227_6326180412931521141_n.jpg","width":960,"height":960,"caption":"Futbolhoy.co"},"image":{"@id":"https:\/\/futbolhoy.co\/#\/schema\/logo\/image\/"},"sameAs":["https:\/\/www.facebook.com\/FutbolHoyCol\/","https:\/\/x.com\/FutbolHoyCol","https:\/\/www.instagram.com\/futbolhoycol\/"]},{"@type":"Person","@id":"https:\/\/futbolhoy.co\/#\/schema\/person\/1721b69355b6623eaff15ac7b92d4cc3","name":"contenido","image":{"@type":"ImageObject","inLanguage":"es","@id":"https:\/\/futbolhoy.co\/#\/schema\/person\/image\/","url":"https:\/\/secure.gravatar.com\/avatar\/4f656d3256f5134f466206e7c3941518?s=96&d=mm&r=g","contentUrl":"https:\/\/secure.gravatar.com\/avatar\/4f656d3256f5134f466206e7c3941518?s=96&d=mm&r=g","caption":"contenido"}}]}},"publishpress_future_action":{"enabled":false,"date":"2026-05-04 16:32:49","action":"change-status","newStatus":"draft","terms":[],"taxonomy":"category","extraData":[]},"publishpress_future_workflow_manual_trigger":{"enabledWorkflows":[]},"_links":{"self":[{"href":"https:\/\/futbolhoy.co\/index.php\/wp-json\/wp\/v2\/posts\/109386","targetHints":{"allow":["GET"]}}],"collection":[{"href":"https:\/\/futbolhoy.co\/index.php\/wp-json\/wp\/v2\/posts"}],"about":[{"href":"https:\/\/futbolhoy.co\/index.php\/wp-json\/wp\/v2\/types\/post"}],"author":[{"embeddable":true,"href":"https:\/\/futbolhoy.co\/index.php\/wp-json\/wp\/v2\/users\/4"}],"replies":[{"embeddable":true,"href":"https:\/\/futbolhoy.co\/index.php\/wp-json\/wp\/v2\/comments?post=109386"}],"version-history":[{"count":1,"href":"https:\/\/futbolhoy.co\/index.php\/wp-json\/wp\/v2\/posts\/109386\/revisions"}],"predecessor-version":[{"id":109388,"href":"https:\/\/futbolhoy.co\/index.php\/wp-json\/wp\/v2\/posts\/109386\/revisions\/109388"}],"wp:featuredmedia":[{"embeddable":true,"href":"https:\/\/futbolhoy.co\/index.php\/wp-json\/wp\/v2\/media\/109387"}],"wp:attachment":[{"href":"https:\/\/futbolhoy.co\/index.php\/wp-json\/wp\/v2\/media?parent=109386"}],"wp:term":[{"taxonomy":"category","embeddable":true,"href":"https:\/\/futbolhoy.co\/index.php\/wp-json\/wp\/v2\/categories?post=109386"},{"taxonomy":"post_tag","embeddable":true,"href":"https:\/\/futbolhoy.co\/index.php\/wp-json\/wp\/v2\/tags?post=109386"}],"curies":[{"name":"wp","href":"https:\/\/api.w.org\/{rel}","templated":true}]}}